{"id":70985,"date":"2008-05-19T19:13:06","date_gmt":"2008-05-19T19:13:06","guid":{"rendered":"http:\/\/diariodominicano.ddns.net\/?p=70985"},"modified":"2008-05-19T19:13:06","modified_gmt":"2008-05-19T19:13:06","slug":"productor-espanol-afirma-que-woody-allen-no-volvera-a-filmar-en-barcelona","status":"publish","type":"post","link":"https:\/\/diariodominicano.com\/?p=70985","title":{"rendered":"Productor espa\u00f1ol afirma que Woody Allen no volver\u00e1 a filmar en Barcelona"},"content":{"rendered":"<p><body><\/p>\n<p align=\"justify\"><span class=\"titulogrande1\">Productor espa\u00f1ol afirma que Woody Allen no volver\u00e1 a filmar  en Barcelona <\/span><br \/>&#13;<br \/>\n  <br \/>&#13;<br \/>\n    <span class=\"text1noticias\">Jaume Roures aclar\u00f3 que la producci\u00f3n del proyecto termin\u00f3  cansada de la ciudad , por lo que es muy dif\u00edcil que se vuelva a filmar all\u00ed. <\/span><\/p>\n<p>&#13;<\/p>\n<p align=\"justify\" class=\"text1noticias\"><img loading=\"lazy\" decoding=\"async\" src=\"http:\/\/localhost:8080\/img\/wody.jpg\" width=\"375\" height=\"270\" hspace=\"4\" align=\"left\" \/>El productor cinematogr\u00e1fico espa\u00f1ol Jaume Roures dijo hoy  que el director estadounidense Woody Allen no volver\u00e1 a rodar en Barcelona,  aunque hubiera calificado en Cannes el rodaje de su \u00faltimo filme en esa ciudad  de \u00abmuy, muy agradable\u00bb.<br \/>&#13;<br \/>\n  <br \/>&#13;<br \/>\n  En declaraciones a la cadena de radio RAC 1, Roures aclar\u00f3  que hace unos meses \u00abno dije que Woody acabara harto (del rodaje en  Barcelona). Quien acab\u00f3 harto fue un servidor, y un servidor en este caso es el  productor de las tres pr\u00f3ximas pel\u00edculas de Woody Allen, y estas pel\u00edculas aqu\u00ed  dif\u00edcilmente se har\u00e1n\u00bb.<br \/>&#13;<br \/>\n  <br \/>&#13;<br \/>\n  Tambi\u00e9n dijo que \u00abno descarta\u00bb para rodar  cualquier otra ciudad espa\u00f1ola, pero, \u00aben principio, s\u00ed\u00bb que descarta  Barcelona.<br \/>&#13;<br \/>\n  <br \/>&#13;<br \/>\n  El pasado mes de noviembre, Jaume Roures afirm\u00f3 que el  director neoyorquino no volver\u00eda a rodar sus pel\u00edculas \u00abni en Catalu\u00f1a ni  en Espa\u00f1a\u00bb.<br \/>&#13;<br \/>\n  <br \/>&#13;<br \/>\n  Sobre el estreno de Vicky Cristina Barcelona destac\u00f3 que  est\u00e1n intentando que se pueda presentar los d\u00edas 19\u00a0o 20 de septiembre, un  d\u00eda despu\u00e9s que en el Festival de Cine de San Sebasti\u00e1n.<br \/>&#13;<br \/>\n  <br \/>&#13;<br \/>\n  La productora trabaja para que el lugar \u00abno sea un  cine, porque queremos que sea un poco especial.<br \/>&#13;<br \/>\n  <br \/> &#13;<br \/>\n  Vendr\u00e1 todo el equipo y eso es  lo que queremos aprovechar. Javier Bardem seguro que vendr\u00e1, igual que Scarlett  (Johansson), mientras que Pen\u00e9lope Cruz estar\u00e1 rodando\u00bb, agreg\u00f3.<br \/>&#13;<br \/>\n  <br \/>&#13;<br \/>\n  La pel\u00edcula fue presentada el s\u00e1bado en el Festival de Cine  de Cannes. <br \/>&#13;<br \/>\n  <br \/>&#13;<br \/>\n  EFE <\/p>\n<p>&#13;<\/p>\n<h6> 2008-05-19 19:13:06 <\/h6>\n<p><!--\n<link rel=\"stylesheet\" href=\"css\/bootstrap.min.css\">\n\n\n<ul class=\"pagination\">\n\t    \n\t\n\n<li >\n\t<a href='?page_no=22662'>Previous<\/a>\n\t<\/li>\n\n\n       \n    \n\n<li><a href='?page_no=1'>1<\/a><\/li>\n\n\n\n<li><a href='?page_no=2'>2<\/a><\/li>\n\n\n\n<li><a>...<\/a><\/li>\n\n\n\n<li><a href='?page_no=22661'>22661<\/a><\/li>\n\n\n\n<li><a href='?page_no=22662'>22662<\/a><\/li>\n\n\n\n<li class='active'><a>22663<\/a><\/li>\n\n\n\n<li><a href='?page_no=22664'>22664<\/a><\/li>\n\n\n\n<li><a href='?page_no=22665'>22665<\/a><\/li>\n\n\n\n<li><a>...<\/a><\/li>\n\n\n\n<li><a href='?page_no=22911'>22911<\/a><\/li>\n\n\n\n<li><a href='?page_no=22912'>22912<\/a><\/li>\n\n    \n\t\n\n<li >\n\t<a href='?page_no=22664'>Next<\/a>\n\t<\/li>\n\n\n    \n\n<li><a href='?page_no=22912'>Last &rsaquo;&rsaquo;<\/a><\/li>\n\n<\/ul>\n\n\n--><br \/>\n<\/body><\/p>\n","protected":false},"excerpt":{"rendered":"<p>Productor espa\u00f1ol afirma que Woody Allen no volver\u00e1 a filmar en Barcelona &#13; &#13; Jaume Roures aclar\u00f3 que la producci\u00f3n del proyecto termin\u00f3 cansada de la ciudad , por lo que es muy dif\u00edcil que se vuelva a filmar all\u00ed. &#13; El productor cinematogr\u00e1fico espa\u00f1ol Jaume Roures dijo hoy que el director estadounidense Woody Allen [&hellip;]<\/p>\n","protected":false},"author":3,"featured_media":0,"comment_status":"open","ping_status":"open","sticky":false,"template":"","format":"standard","meta":{"footnotes":""},"categories":[21],"tags":[],"class_list":["post-70985","post","type-post","status-publish","format-standard","hentry","category-cultura"],"_links":{"self":[{"href":"https:\/\/diariodominicano.com\/index.php?rest_route=\/wp\/v2\/posts\/70985","targetHints":{"allow":["GET"]}}],"collection":[{"href":"https:\/\/diariodominicano.com\/index.php?rest_route=\/wp\/v2\/posts"}],"about":[{"href":"https:\/\/diariodominicano.com\/index.php?rest_route=\/wp\/v2\/types\/post"}],"author":[{"embeddable":true,"href":"https:\/\/diariodominicano.com\/index.php?rest_route=\/wp\/v2\/users\/3"}],"replies":[{"embeddable":true,"href":"https:\/\/diariodominicano.com\/index.php?rest_route=%2Fwp%2Fv2%2Fcomments&post=70985"}],"version-history":[{"count":0,"href":"https:\/\/diariodominicano.com\/index.php?rest_route=\/wp\/v2\/posts\/70985\/revisions"}],"wp:attachment":[{"href":"https:\/\/diariodominicano.com\/index.php?rest_route=%2Fwp%2Fv2%2Fmedia&parent=70985"}],"wp:term":[{"taxonomy":"category","embeddable":true,"href":"https:\/\/diariodominicano.com\/index.php?rest_route=%2Fwp%2Fv2%2Fcategories&post=70985"},{"taxonomy":"post_tag","embeddable":true,"href":"https:\/\/diariodominicano.com\/index.php?rest_route=%2Fwp%2Fv2%2Ftags&post=70985"}],"curies":[{"name":"wp","href":"https:\/\/api.w.org\/{rel}","templated":true}]}}