{"id":70983,"date":"2008-05-19T19:19:08","date_gmt":"2008-05-19T19:19:08","guid":{"rendered":"http:\/\/diariodominicano.ddns.net\/?p=70983"},"modified":"2008-05-19T19:19:08","modified_gmt":"2008-05-19T19:19:08","slug":"internan-en-uruguay-a-benedetti-por-descompensacion","status":"publish","type":"post","link":"https:\/\/diariodominicano.com\/?p=70983","title":{"rendered":"Internan en Uruguay a Benedetti por descompensaci\u00f3n"},"content":{"rendered":"<p><body><\/p>\n<p align=\"justify\"><span class=\"titulogrande1\">Internan en Uruguay a Benedetti por descompensaci\u00f3n <\/span><br \/>&#13;<br \/>\n    <br \/>&#13;<br \/>\n    <span class=\"text1noticias\">Desconoce con precisi\u00f3n su asistente cu\u00e1ndo podr\u00eda ser dado de alta; es la  tercera vez en el a\u00f1o que el autor de La tregua acude al hospital <\/span><\/p>\n<p>&#13;<\/p>\n<p align=\"justify\" class=\"text1noticias\">Notimex<br \/>&#13;<br \/>\n  <br \/>&#13;<br \/>\n  El Universal<br \/>&#13;<br \/>\n  <br \/>&#13;<br \/>\n  Montevideo, Uruguay.<br \/>&#13;<br \/>\n  <br \/>&#13;<br \/>\n  Lunes 19 de mayo de 2008<br \/>&#13;<br \/>\n  <br \/>&#13;<br \/>\n  <img loading=\"lazy\" decoding=\"async\" src=\"http:\/\/localhost:8080\/img\/benedetti.jpg\" width=\"375\" height=\"168\" hspace=\"4\" align=\"left\" \/>09:45 El escritor uruguayo Mario Benedetti fue hospitalizado  anoche en Montevideo debido a una descompensaci\u00f3n, inform\u00f3 hoy su secretario  privado Ariel Silva. <br \/>&#13;<br \/>\n  <br \/>&#13;<br \/>\n  El asistente del autor de La tregua explic\u00f3 que se desconoce  con precisi\u00f3n cu\u00e1ndo podr\u00e1 ser dado de alta. <br \/>&#13;<br \/>\n  <br \/>&#13;<br \/>\n\u00abDon Mario est\u00e1 tomando muchos medicamentos, algunos  antibi\u00f3ticos y eso puede haberle provocado alguna descompensaci\u00f3n\u00bb ,  explic\u00f3 Silva. <br \/>&#13;<br \/>\n<br \/>&#13;<br \/>\nA\u00f1adi\u00f3 que los m\u00e9dicos le hicieron una revisi\u00f3n general a  Benedetti, cuyos resultados han sido satisfactorios, por lo que la  hospitalizaci\u00f3n no ser\u00e1 larga, confi\u00f3. <br \/>&#13;<br \/>\n<br \/>&#13;<br \/>\nEsta es la tercera vez que internan al laureado escritor en  este a\u00f1o, ya que en enero estuvo tres semanas afectado por una enterocolitis con  deshidrataci\u00f3n, y dos meses despu\u00e9s volvi\u00f3 a ser hospitalizado por una fiebre. <br \/>&#13;<br \/>\n<br \/>&#13;<br \/>\nBenedetti, quien naci\u00f3 el 14 de septiembre de 1920, public\u00f3  en 1949 Esta ma\u00f1ana , su primer libro de cuentos y, un a\u00f1o m\u00e1s tarde, los  poemas de S\u00f3lo mientras tanto.<br \/>&#13;<br \/>\n<br \/>&#13;<br \/>\nLa novela esper\u00f3 hasta 1953 cuando pudo publicar Qui\u00e9n de  nosotros , pero su nombre alcanz\u00f3 resonancia seis a\u00f1os m\u00e1s tarde, con el  volumen de cuentos Montevideanos.<br \/>&#13;<br \/>\n<br \/>&#13;<br \/>\nSu consolidaci\u00f3n definitiva como uno de los m\u00e1ximos autores  latinoamericanos lleg\u00f3 en 1960 con la publicaci\u00f3n de La tregua , una de las  novelas fundamentales de la literatura universal que alcanz\u00f3 m\u00e1s de 100  ediciones y fue traducida a 19 idiomas. <br \/>&#13;<br \/>\n<br \/>&#13;<br \/>\n  cgb<\/p>\n<p>&#13;<\/p>\n<h6> 2008-05-19 19:19:08 <\/h6>\n<p><!--\n<link rel=\"stylesheet\" href=\"css\/bootstrap.min.css\">\n\n\n<ul class=\"pagination\">\n\t    \n\t\n\n<li >\n\t<a href='?page_no=22660'>Previous<\/a>\n\t<\/li>\n\n\n       \n    \n\n<li><a href='?page_no=1'>1<\/a><\/li>\n\n\n\n<li><a href='?page_no=2'>2<\/a><\/li>\n\n\n\n<li><a>...<\/a><\/li>\n\n\n\n<li><a href='?page_no=22659'>22659<\/a><\/li>\n\n\n\n<li><a href='?page_no=22660'>22660<\/a><\/li>\n\n\n\n<li class='active'><a>22661<\/a><\/li>\n\n\n\n<li><a href='?page_no=22662'>22662<\/a><\/li>\n\n\n\n<li><a href='?page_no=22663'>22663<\/a><\/li>\n\n\n\n<li><a>...<\/a><\/li>\n\n\n\n<li><a href='?page_no=22911'>22911<\/a><\/li>\n\n\n\n<li><a href='?page_no=22912'>22912<\/a><\/li>\n\n    \n\t\n\n<li >\n\t<a href='?page_no=22662'>Next<\/a>\n\t<\/li>\n\n\n    \n\n<li><a href='?page_no=22912'>Last &rsaquo;&rsaquo;<\/a><\/li>\n\n<\/ul>\n\n\n--><br \/>\n<\/body><\/p>\n","protected":false},"excerpt":{"rendered":"<p>Internan en Uruguay a Benedetti por descompensaci\u00f3n &#13; &#13; Desconoce con precisi\u00f3n su asistente cu\u00e1ndo podr\u00eda ser dado de alta; es la tercera vez en el a\u00f1o que el autor de La tregua acude al hospital &#13; Notimex&#13; &#13; El Universal&#13; &#13; Montevideo, Uruguay.&#13; &#13; Lunes 19 de mayo de 2008&#13; &#13; 09:45 El escritor [&hellip;]<\/p>\n","protected":false},"author":3,"featured_media":0,"comment_status":"open","ping_status":"open","sticky":false,"template":"","format":"standard","meta":{"footnotes":""},"categories":[21],"tags":[],"class_list":["post-70983","post","type-post","status-publish","format-standard","hentry","category-cultura"],"_links":{"self":[{"href":"https:\/\/diariodominicano.com\/index.php?rest_route=\/wp\/v2\/posts\/70983","targetHints":{"allow":["GET"]}}],"collection":[{"href":"https:\/\/diariodominicano.com\/index.php?rest_route=\/wp\/v2\/posts"}],"about":[{"href":"https:\/\/diariodominicano.com\/index.php?rest_route=\/wp\/v2\/types\/post"}],"author":[{"embeddable":true,"href":"https:\/\/diariodominicano.com\/index.php?rest_route=\/wp\/v2\/users\/3"}],"replies":[{"embeddable":true,"href":"https:\/\/diariodominicano.com\/index.php?rest_route=%2Fwp%2Fv2%2Fcomments&post=70983"}],"version-history":[{"count":0,"href":"https:\/\/diariodominicano.com\/index.php?rest_route=\/wp\/v2\/posts\/70983\/revisions"}],"wp:attachment":[{"href":"https:\/\/diariodominicano.com\/index.php?rest_route=%2Fwp%2Fv2%2Fmedia&parent=70983"}],"wp:term":[{"taxonomy":"category","embeddable":true,"href":"https:\/\/diariodominicano.com\/index.php?rest_route=%2Fwp%2Fv2%2Fcategories&post=70983"},{"taxonomy":"post_tag","embeddable":true,"href":"https:\/\/diariodominicano.com\/index.php?rest_route=%2Fwp%2Fv2%2Ftags&post=70983"}],"curies":[{"name":"wp","href":"https:\/\/api.w.org\/{rel}","templated":true}]}}