{"id":70982,"date":"2008-05-19T23:50:32","date_gmt":"2008-05-19T23:50:32","guid":{"rendered":"http:\/\/diariodominicano.ddns.net\/?p=70982"},"modified":"2008-05-19T23:50:32","modified_gmt":"2008-05-19T23:50:32","slug":"cannes-y-expresion-en-corto-unen-esfuerzos-para-impulsar-a-la-nueva-generacion-de-cineastas","status":"publish","type":"post","link":"https:\/\/diariodominicano.com\/?p=70982","title":{"rendered":"Cannes y Expresi\u00f3n en Corto unen esfuerzos para impulsar a la nueva generaci\u00f3n de cineastas"},"content":{"rendered":"<p><body><\/p>\n<p align=\"justify\" class=\"titulogrande1\">Cannes  y Expresi\u00f3n en Corto unen esfuerzos para impulsar a la nueva generaci\u00f3n de  cineastas<\/p>\n<p>&#13;<\/p>\n<p align=\"justify\" class=\"text1noticias\"><strong><img loading=\"lazy\" decoding=\"async\" src=\"http:\/\/localhost:8080\/img\/cannes.jpg\" width=\"375\" height=\"239\" hspace=\"4\" align=\"left\" \/>Cannes, Francia.- <\/strong>En  el marco de la emisi\u00f3n n\u00famero 61 del Festival de Cannes, se anunci\u00f3 la  asociaci\u00f3n entre el Festival Internacional de Cine Expresi\u00f3n en Corto y el  Festival de Cannes, para realizar el Programa de Residencia de Verano en  Guanajuato, el cual ha se ha denominado \u00abMexiCannes\u00bb.<\/p>\n<p>&#13;<\/p>\n<p align=\"justify\" class=\"text1noticias\">Este  Programa, mismo que se realiza cada a\u00f1o en la ciudad de Par\u00eds, selecciona a una  docena de j\u00f3venes cineastas entre los mejores del mundo para ofrecerles una  plataforma que impulse su carrera. El programa incluye conferencias  magistrales, talleres y vinculaci\u00f3n con organismos p\u00fablicos y privados para la  obtenci\u00f3n de financiamiento para la realizaci\u00f3n de sus proyectos f\u00edlmicos.<\/p>\n<p>&#13;<\/p>\n<p align=\"justify\" class=\"text1noticias\">Con  esta misma \u00f3ptica, Expresi\u00f3n en Corto ofrece a los becados un encuentro con  casas productoras dentro del International Pitching Market que se realiza  durante el mismo festival guanajuatense, donde tendr\u00e1n la oportunidad de presentar  sus proyectos, as\u00ed como una interacci\u00f3n en talleres y conferencias magistrales  exclusivas con las figuras nacionales e internacionales invitadas al Festival. <\/p>\n<p>&#13;<\/p>\n<p align=\"justify\" class=\"text1noticias\">Sarah  Hoch, directora de Expresi\u00f3n en Corto, coment\u00f3 que \u00abeste proyecto se  desarroll\u00f3 para crear una relaci\u00f3n \u00edntima con los cineastas m\u00e1s prometedores de  la escena mundial, para que conozcan y se relacionen con nuestros directores,  guionistas y actores; para que se enamoren de M\u00e9xico. Esta es una apuesta para  crear lazos profesionales y de amistad que permitan la realizaci\u00f3n de proyectos  conjuntos en el futuro pr\u00f3ximo, tanto en nuestro pa\u00eds como en el  extranjero\u00bb.<\/p>\n<p>&#13;<\/p>\n<p align=\"justify\" class=\"text1noticias\">Agreg\u00f3  \u00aben estos momentos que el cine mexicano goza de un gran prestigio en el  mundo; es tiempo de retribuir el reconocimiento y apoyo internacional. Es  tiempo de ser proactivos y de apoyar los esfuerzos hacia los nuevos talentos.  En este tenor, el MexiCannes responde al compromiso que tenemos todos los que  estamos dentro de esta maquinaria con la intensi\u00f3n de aportar al desarrollo de la  industria cinematogr\u00e1fica\u00bb.<\/p>\n<p>&#13;<\/p>\n<p align=\"justify\" class=\"text1noticias\">Adem\u00e1s  de los becarios por parte del Festival de Cannes, entre los cuales se encuentra  el mexicano Francisco Vargas, Expresi\u00f3n en Corto becar\u00e1 a cineastas mexicanos  ganadores de ediciones anteriores de este festival para participar en  \u00abMexiCannes\u00bb. Con la celebraci\u00f3n de la India, como pa\u00eds invitado de  honor, la reconocida casa productora norteamericana Hyde Park, becar\u00e1 a un  director de la India para asistir al programa.<\/p>\n<p>&#13;<\/p>\n<p align=\"justify\" class=\"text1noticias\">Por  su parte, el Director de Cin\u00e9fundation de Cannes, Georges Goldensterm, asegur\u00f3  que este proyecto marcar\u00e1 el inicio de una larga y pr\u00f3spera relaci\u00f3n entre  festivales, y coment\u00f3 que \u00abnuestros directores y yo, estamos ansiosos por  viajar a M\u00e9xico.\u00bb <\/p>\n<p>&#13;<\/p>\n<p align=\"justify\" class=\"text1noticias\">Este  a\u00f1o el Festival Internacional de Cine Expresi\u00f3n en Corto se desarrollar\u00e1 del 18  al 27 de julio, en las ciudades de San Miguel de Allende y Guanajuato Capital.<\/p>\n<p>&#13;<\/p>\n<h6> 2008-05-19 23:50:32 <\/h6>\n<p><!--\n<link rel=\"stylesheet\" href=\"css\/bootstrap.min.css\">\n\n\n<ul class=\"pagination\">\n\t    \n\t\n\n<li >\n\t<a href='?page_no=22659'>Previous<\/a>\n\t<\/li>\n\n\n       \n    \n\n<li><a href='?page_no=1'>1<\/a><\/li>\n\n\n\n<li><a href='?page_no=2'>2<\/a><\/li>\n\n\n\n<li><a>...<\/a><\/li>\n\n\n\n<li><a href='?page_no=22658'>22658<\/a><\/li>\n\n\n\n<li><a href='?page_no=22659'>22659<\/a><\/li>\n\n\n\n<li class='active'><a>22660<\/a><\/li>\n\n\n\n<li><a href='?page_no=22661'>22661<\/a><\/li>\n\n\n\n<li><a href='?page_no=22662'>22662<\/a><\/li>\n\n\n\n<li><a>...<\/a><\/li>\n\n\n\n<li><a href='?page_no=22911'>22911<\/a><\/li>\n\n\n\n<li><a href='?page_no=22912'>22912<\/a><\/li>\n\n    \n\t\n\n<li >\n\t<a href='?page_no=22661'>Next<\/a>\n\t<\/li>\n\n\n    \n\n<li><a href='?page_no=22912'>Last &rsaquo;&rsaquo;<\/a><\/li>\n\n<\/ul>\n\n\n--><br \/>\n<\/body><\/p>\n","protected":false},"excerpt":{"rendered":"<p>Cannes y Expresi\u00f3n en Corto unen esfuerzos para impulsar a la nueva generaci\u00f3n de cineastas &#13; Cannes, Francia.- En el marco de la emisi\u00f3n n\u00famero 61 del Festival de Cannes, se anunci\u00f3 la asociaci\u00f3n entre el Festival Internacional de Cine Expresi\u00f3n en Corto y el Festival de Cannes, para realizar el Programa de Residencia de [&hellip;]<\/p>\n","protected":false},"author":3,"featured_media":0,"comment_status":"open","ping_status":"open","sticky":false,"template":"","format":"standard","meta":{"footnotes":""},"categories":[21],"tags":[],"class_list":["post-70982","post","type-post","status-publish","format-standard","hentry","category-cultura"],"_links":{"self":[{"href":"https:\/\/diariodominicano.com\/index.php?rest_route=\/wp\/v2\/posts\/70982","targetHints":{"allow":["GET"]}}],"collection":[{"href":"https:\/\/diariodominicano.com\/index.php?rest_route=\/wp\/v2\/posts"}],"about":[{"href":"https:\/\/diariodominicano.com\/index.php?rest_route=\/wp\/v2\/types\/post"}],"author":[{"embeddable":true,"href":"https:\/\/diariodominicano.com\/index.php?rest_route=\/wp\/v2\/users\/3"}],"replies":[{"embeddable":true,"href":"https:\/\/diariodominicano.com\/index.php?rest_route=%2Fwp%2Fv2%2Fcomments&post=70982"}],"version-history":[{"count":0,"href":"https:\/\/diariodominicano.com\/index.php?rest_route=\/wp\/v2\/posts\/70982\/revisions"}],"wp:attachment":[{"href":"https:\/\/diariodominicano.com\/index.php?rest_route=%2Fwp%2Fv2%2Fmedia&parent=70982"}],"wp:term":[{"taxonomy":"category","embeddable":true,"href":"https:\/\/diariodominicano.com\/index.php?rest_route=%2Fwp%2Fv2%2Fcategories&post=70982"},{"taxonomy":"post_tag","embeddable":true,"href":"https:\/\/diariodominicano.com\/index.php?rest_route=%2Fwp%2Fv2%2Ftags&post=70982"}],"curies":[{"name":"wp","href":"https:\/\/api.w.org\/{rel}","templated":true}]}}