{"id":70981,"date":"2008-05-20T18:20:55","date_gmt":"2008-05-20T18:20:55","guid":{"rendered":"http:\/\/diariodominicano.ddns.net\/?p=70981"},"modified":"2008-05-20T18:20:55","modified_gmt":"2008-05-20T18:20:55","slug":"cerca-de-200-bomberos-intentan-controlar-incendio-en-filarmonica-de-berlin","status":"publish","type":"post","link":"https:\/\/diariodominicano.com\/?p=70981","title":{"rendered":"Cerca de 200 bomberos intentan controlar incendio en Filarm\u00f3nica de Berl\u00edn"},"content":{"rendered":"<p><body><\/p>\n<p align=\"justify\"><span class=\"titulogrande1\">Cerca de 200 bomberos intentan controlar incendio en  Filarm\u00f3nica de Berl\u00edn <\/span><br \/>&#13;<br \/>\n  <br \/>&#13;<br \/>\n    <span class=\"text1noticias\">Del techo sale una columna de humo de unos 30 metros. Se  descart\u00f3 que las llamas puedan poner en peligro la estructura de la sala de  conciertos. <br \/>&#13;<br \/>\n    <br \/>&#13;<br \/>\nDPA <\/span><\/p>\n<p>&#13;<\/p>\n<p align=\"justify\" class=\"text1noticias\"><img loading=\"lazy\" decoding=\"async\" src=\"http:\/\/localhost:8080\/img\/bomberos.jpg\" width=\"375\" height=\"270\" hspace=\"4\" align=\"left\" \/>La sede de la Orquesta Filarm\u00f3nica de Berl\u00edn est\u00e1 siendo  presa de un incendio contra el que luchan unos 170 bomberos con treinta  camiones cisternas y de apoyo, informaron fuentes de los servicios de  emergencia.<br \/>&#13;<br \/>\n  <br \/>&#13;<br \/>\n  Un portavoz de los Bomberos, Jens-Peter Wilke, augur\u00f3 que el  incendio, de causas a\u00fan desconocidas, no reducir\u00e1 a cenizas este emblem\u00e1tico  edificio aunque los da\u00f1os ser\u00e1n cuantiosos.<br \/>&#13;<br \/>\n  <br \/>&#13;<br \/>\n\u00abVamos a salvar la Filarm\u00f3nica\u00bb, asegur\u00f3 Wilke,  que pedir\u00e1 refuerzos para extinguir cuanto antes el fuego.<br \/>&#13;<br \/>\n<br \/>&#13;<br \/>\n Una de las causas del incendio podr\u00edan ser los trabajos de  reparaci\u00f3n y soldaduras que se realizaban en el techo del edificio, donde  surgi\u00f3 el incendio.<br \/>&#13;<br \/>\n<br \/>&#13;<br \/>\nEl siniestro se declar\u00f3 hacia las dos y media de la tarde,  coincidiendo con un concierto matinal, lo que oblig\u00f3 a evacuar inmediatamente  el edificio.<br \/>&#13;<br \/>\n<br \/>&#13;<br \/>\nUn portavoz de la Filarm\u00f3nica declar\u00f3 que la evacuaci\u00f3n se  produjo sin incidentes.<br \/>&#13;<br \/>\n<br \/>&#13;<br \/>\nInform\u00f3 de que gran parte de los instrumentos han podido ser  sacados del edificio, aunque hay instrumentos m\u00e1s pesados, algunos de ellos de  gran valor hist\u00f3rico, que no pudieron ser retirados.<br \/>&#13;<br \/>\n<br \/>&#13;<br \/>\nEl edificio de la Filarm\u00f3nica, un dise\u00f1o del arquitecto Hans  Scharoun que fue inaugurado en 1963 por Herbert von Karajan, se ha convertido  en uno de los m\u00e1s emblem\u00e1ticos y caracter\u00edsticos de la ciudad, dejando atr\u00e1s  las cr\u00edticas que lo tildaron de simple estructura vanguardista por primar la  ac\u00fastica a trav\u00e9s de las formas.<\/p>\n<p>&#13;<\/p>\n<h6> 2008-05-20 18:20:55 <\/h6>\n<p><!--\n<link rel=\"stylesheet\" href=\"css\/bootstrap.min.css\">\n\n\n<ul class=\"pagination\">\n\t    \n\t\n\n<li >\n\t<a href='?page_no=22658'>Previous<\/a>\n\t<\/li>\n\n\n       \n    \n\n<li><a href='?page_no=1'>1<\/a><\/li>\n\n\n\n<li><a href='?page_no=2'>2<\/a><\/li>\n\n\n\n<li><a>...<\/a><\/li>\n\n\n\n<li><a href='?page_no=22657'>22657<\/a><\/li>\n\n\n\n<li><a href='?page_no=22658'>22658<\/a><\/li>\n\n\n\n<li class='active'><a>22659<\/a><\/li>\n\n\n\n<li><a href='?page_no=22660'>22660<\/a><\/li>\n\n\n\n<li><a href='?page_no=22661'>22661<\/a><\/li>\n\n\n\n<li><a>...<\/a><\/li>\n\n\n\n<li><a href='?page_no=22911'>22911<\/a><\/li>\n\n\n\n<li><a href='?page_no=22912'>22912<\/a><\/li>\n\n    \n\t\n\n<li >\n\t<a href='?page_no=22660'>Next<\/a>\n\t<\/li>\n\n\n    \n\n<li><a href='?page_no=22912'>Last &rsaquo;&rsaquo;<\/a><\/li>\n\n<\/ul>\n\n\n--><br \/>\n<\/body><\/p>\n","protected":false},"excerpt":{"rendered":"<p>Cerca de 200 bomberos intentan controlar incendio en Filarm\u00f3nica de Berl\u00edn &#13; &#13; Del techo sale una columna de humo de unos 30 metros. Se descart\u00f3 que las llamas puedan poner en peligro la estructura de la sala de conciertos. &#13; &#13; DPA &#13; La sede de la Orquesta Filarm\u00f3nica de Berl\u00edn est\u00e1 siendo presa [&hellip;]<\/p>\n","protected":false},"author":3,"featured_media":0,"comment_status":"open","ping_status":"open","sticky":false,"template":"","format":"standard","meta":{"footnotes":""},"categories":[21],"tags":[],"class_list":["post-70981","post","type-post","status-publish","format-standard","hentry","category-cultura"],"_links":{"self":[{"href":"https:\/\/diariodominicano.com\/index.php?rest_route=\/wp\/v2\/posts\/70981","targetHints":{"allow":["GET"]}}],"collection":[{"href":"https:\/\/diariodominicano.com\/index.php?rest_route=\/wp\/v2\/posts"}],"about":[{"href":"https:\/\/diariodominicano.com\/index.php?rest_route=\/wp\/v2\/types\/post"}],"author":[{"embeddable":true,"href":"https:\/\/diariodominicano.com\/index.php?rest_route=\/wp\/v2\/users\/3"}],"replies":[{"embeddable":true,"href":"https:\/\/diariodominicano.com\/index.php?rest_route=%2Fwp%2Fv2%2Fcomments&post=70981"}],"version-history":[{"count":0,"href":"https:\/\/diariodominicano.com\/index.php?rest_route=\/wp\/v2\/posts\/70981\/revisions"}],"wp:attachment":[{"href":"https:\/\/diariodominicano.com\/index.php?rest_route=%2Fwp%2Fv2%2Fmedia&parent=70981"}],"wp:term":[{"taxonomy":"category","embeddable":true,"href":"https:\/\/diariodominicano.com\/index.php?rest_route=%2Fwp%2Fv2%2Fcategories&post=70981"},{"taxonomy":"post_tag","embeddable":true,"href":"https:\/\/diariodominicano.com\/index.php?rest_route=%2Fwp%2Fv2%2Ftags&post=70981"}],"curies":[{"name":"wp","href":"https:\/\/api.w.org\/{rel}","templated":true}]}}