{"id":70979,"date":"2008-05-20T18:29:23","date_gmt":"2008-05-20T18:29:23","guid":{"rendered":"http:\/\/diariodominicano.ddns.net\/?p=70979"},"modified":"2008-05-20T18:29:23","modified_gmt":"2008-05-20T18:29:23","slug":"botero-presenta-juntas-en-espana-series-el-circo-y-abu-ghraib","status":"publish","type":"post","link":"https:\/\/diariodominicano.com\/?p=70979","title":{"rendered":"Botero presenta juntas en Espa\u00f1a series El Circo y Abu Ghraib"},"content":{"rendered":"<p><body><\/p>\n<p align=\"justify\"><span class=\"titulogrande1\">Botero presenta juntas en Espa\u00f1a series El Circo y Abu  Ghraib <\/span><br \/>&#13;<br \/>\n  <br \/>&#13;<br \/>\n    <span class=\"text1noticias\">Una es\u00a0la visi\u00f3n del horror vivido por los presos de  esa c\u00e1rcel iraqu\u00ed\u00a0en 2004, y la otra, un homenaje a los \u00abcolores  desproporcionados\u00bb del mundo de payasos, arlequines, domadores y  trapecistas. <br \/>&#13;<br \/>\n    <br \/>&#13;<br \/>\n    EFE <\/span><\/p>\n<p>&#13;<\/p>\n<p align=\"justify\" class=\"text1noticias\"><img loading=\"lazy\" decoding=\"async\" src=\"http:\/\/localhost:8080\/img\/botero.jpg\" width=\"375\" height=\"484\" hspace=\"4\" align=\"left\" \/>El pintor colombiano Fernando Botero inaugur\u00f3 hoy en la  ciudad espa\u00f1ola de Valencia la primera exposici\u00f3n mundial de su serie El Circo,  junto a la colecci\u00f3n con la que denuncia la \u00abviolencia oficial\u00bb que  el Ej\u00e9rcito de Estados Unidos emple\u00f3 en la c\u00e1rcel iraqu\u00ed de Abu Ghraib.<br \/>&#13;<br \/>\n  <br \/>&#13;<br \/>\n  El Instituto Valenciano de Arte Moderno (IVAM) expondr\u00e1  hasta el 6 de julio pr\u00f3ximo las series Abu Ghraib y El Circo, una con el horror  vivido por los presos de esa c\u00e1rcel, en 2004, y la otra, un homenaje a los  \u00abcolores desproporcionados\u00bb del mundo de payasos, arlequines,  domadores y trapecistas.<br \/>&#13;<br \/>\n  <br \/>&#13;<br \/>\n  El artista, de 76 a\u00f1os, explic\u00f3 en una rueda de prensa los  motivos que le llevaron a pintar las dos series, las \u00faltimas de su larga  trayectoria pict\u00f3rica, sesenta a\u00f1os despu\u00e9s de su primera exposici\u00f3n.<br \/>&#13;<br \/>\n  <br \/>&#13;<br \/>\n  Botero dijo que se enter\u00f3 del terror de la c\u00e1rcel de Abu  Ghraib al leer un art\u00edculo mientras viajaba en avi\u00f3n. <br \/>&#13;<br \/>\n  <br \/>&#13;<br \/>\n  La \u00abira\u00bb y el  \u00abdesasosiego\u00bb que sinti\u00f3 le hicieron comenzar, con sus primeros  bocetos, a \u00abhacer visible lo invisible\u00bb y durante catorce meses cre\u00f3  el medio centenar de obras que ahora pueden verse en Valencia.<br \/>&#13;<br \/>\n  <br \/>&#13;<br \/>\n  Es la primera vez que esta serie es expuesta en Espa\u00f1a, tras  su paso por Estados Unidos, Italia, Alemania y M\u00e9xico.<br \/>&#13;<br \/>\n  <br \/>&#13;<br \/>\n  Lo que le motiv\u00f3 a Botero para emprender este reto, que por  su extrema violencia visual se aleja de su obra m\u00e1s conocida, fue la  \u00abhipocres\u00eda desmesurada\u00bb de pa\u00eds dijo que \u00abse presenta como  modelo de defensa de los Derechos Humanos\u00bb.<br \/>&#13;<br \/>\n  <br \/>&#13;<br \/>\n  Los cuadros recrean con sus habituales \u00abgorduras\u00bb  pl\u00e1sticas muchas de las im\u00e1genes emitidas y publicadas mundialmente de las torturas  y abusos sexuales a los presos.<br \/>&#13;<br \/>\n  <br \/>&#13;<br \/>\n  El pintor colombiano reconoce que acabar estas obras le  liber\u00f3 del \u00abenvenenamiento\u00bb que le produjo esa tragedia y un d\u00eda,  mientras descansaba en la costa mexicana del Pac\u00edfico, vio llegar una humilde  compa\u00f1\u00eda circense. Fue la \u00abinyecci\u00f3n de vida\u00bb que necesitaba su  \u00abexhausto\u00bb estado an\u00edmico.<br \/>&#13;<br \/>\n  <br \/>&#13;<br \/>\n\u00abVi tanto color, tanta vida\u00bb, recuerda Botero, al  valorar c\u00f3mo el tema circense, \u00abennoblecido\u00bb por Reonir, Picasso,  Mir\u00f3 o Chagall, le dio mucho juego por su plasticidad, el uso fison\u00f3mico del  cuerpo humano y la presencia de animales en movimiento.<br \/>&#13;<br \/>\n<br \/>&#13;<br \/>\nEn la vida actual, con \u00abla gente vestida de gris, hay  que recurrir a temas como el circo para aprovechar su color\u00bb, se\u00f1ala el  pintor, y lamenta que el arte no pueda cambiar el orden social o pol\u00edtico:  \u00abEl Guernica no cambi\u00f3 nada en la Guerra Civil (1936-1939) espa\u00f1ola, pese  a ser la obra maestra del siglo XX\u00bb.<br \/>&#13;<br \/>\n<br \/>&#13;<br \/>\nBotero pretende que su trabajo sea \u00abuna celebraci\u00f3n de  la vida\u00bb y reconoce que la serie de Abu Ghraib es \u00abuna  excepci\u00f3n\u00bb tem\u00e1tica en su trayectoria \u00aboptimista\u00bb, aunque, seg\u00fan  el comisario, Fernando Castro, ya hab\u00eda dado muestras de su condena social de  la violencia a trav\u00e9s de obras ambientadas en su Colombia natal.<br \/>&#13;<br \/>\n<br \/>&#13;<br \/>\n\u00abPero son dos tipos de violencia\u00bb replica Botero.  \u00abEn Colombia es popular, producto de la ignorancia, mientras que la otra  la ejercida por los militares estadounidenses era oficial\u00bb, un  \u00abatropello consentido de la dignidad humana\u00bb a trav\u00e9s de la tortura.<br \/>&#13;<br \/>\n<br \/>&#13;<br \/>\nFrente a la tragedia reflejada en la serie Abu Ghraib,  Botero recalc\u00f3 el papel curativo que le supuso afrontar su nueva serie, El  Circo, con su \u00aborg\u00eda de colores\u00bb y el \u00abregalo\u00bb que supone  su tem\u00e1tica para cualquier pintor.<br \/>&#13;<br \/>\n<br \/>&#13;<br \/>\n\u00abEn el circo cualquier exceso es l\u00f3gico\u00bb, dijo  Botero posteriormente, al agradecer el acierto del IVAM de dise\u00f1ar una doble  exposici\u00f3n en la que el espectador, s\u00f3lo con subir de un piso a otro, puede  dejar atr\u00e1s \u00abtodo lo negativo y lo feo de la vida\u00bb para contemplar  \u00abla celebraci\u00f3n de la vida\u00bb a trav\u00e9s del color circense y la  exaltaci\u00f3n del cuerpo humano.<br \/>&#13;<br \/>\n<br \/>&#13;<br \/>\nDesde Valencia Abu Ghraib y El Circo ser\u00e1n trasladadas a la  ciudad de Vigo (Galicia), donde ser\u00e1n expuestas entre octubre y diciembre  pr\u00f3ximos.<\/p>\n<p>&#13;<\/p>\n<h6> 2008-05-20 18:29:23 <\/h6>\n<p><!--\n<link rel=\"stylesheet\" href=\"css\/bootstrap.min.css\">\n\n\n<ul class=\"pagination\">\n\t    \n\t\n\n<li >\n\t<a href='?page_no=22656'>Previous<\/a>\n\t<\/li>\n\n\n       \n    \n\n<li><a href='?page_no=1'>1<\/a><\/li>\n\n\n\n<li><a href='?page_no=2'>2<\/a><\/li>\n\n\n\n<li><a>...<\/a><\/li>\n\n\n\n<li><a href='?page_no=22655'>22655<\/a><\/li>\n\n\n\n<li><a href='?page_no=22656'>22656<\/a><\/li>\n\n\n\n<li class='active'><a>22657<\/a><\/li>\n\n\n\n<li><a href='?page_no=22658'>22658<\/a><\/li>\n\n\n\n<li><a href='?page_no=22659'>22659<\/a><\/li>\n\n\n\n<li><a>...<\/a><\/li>\n\n\n\n<li><a href='?page_no=22911'>22911<\/a><\/li>\n\n\n\n<li><a href='?page_no=22912'>22912<\/a><\/li>\n\n    \n\t\n\n<li >\n\t<a href='?page_no=22658'>Next<\/a>\n\t<\/li>\n\n\n    \n\n<li><a href='?page_no=22912'>Last &rsaquo;&rsaquo;<\/a><\/li>\n\n<\/ul>\n\n\n--><br \/>\n<\/body><\/p>\n","protected":false},"excerpt":{"rendered":"<p>Botero presenta juntas en Espa\u00f1a series El Circo y Abu Ghraib &#13; &#13; Una es\u00a0la visi\u00f3n del horror vivido por los presos de esa c\u00e1rcel iraqu\u00ed\u00a0en 2004, y la otra, un homenaje a los \u00abcolores desproporcionados\u00bb del mundo de payasos, arlequines, domadores y trapecistas. &#13; &#13; EFE &#13; El pintor colombiano Fernando Botero inaugur\u00f3 hoy [&hellip;]<\/p>\n","protected":false},"author":3,"featured_media":0,"comment_status":"open","ping_status":"open","sticky":false,"template":"","format":"standard","meta":{"footnotes":""},"categories":[21],"tags":[],"class_list":["post-70979","post","type-post","status-publish","format-standard","hentry","category-cultura"],"_links":{"self":[{"href":"https:\/\/diariodominicano.com\/index.php?rest_route=\/wp\/v2\/posts\/70979","targetHints":{"allow":["GET"]}}],"collection":[{"href":"https:\/\/diariodominicano.com\/index.php?rest_route=\/wp\/v2\/posts"}],"about":[{"href":"https:\/\/diariodominicano.com\/index.php?rest_route=\/wp\/v2\/types\/post"}],"author":[{"embeddable":true,"href":"https:\/\/diariodominicano.com\/index.php?rest_route=\/wp\/v2\/users\/3"}],"replies":[{"embeddable":true,"href":"https:\/\/diariodominicano.com\/index.php?rest_route=%2Fwp%2Fv2%2Fcomments&post=70979"}],"version-history":[{"count":0,"href":"https:\/\/diariodominicano.com\/index.php?rest_route=\/wp\/v2\/posts\/70979\/revisions"}],"wp:attachment":[{"href":"https:\/\/diariodominicano.com\/index.php?rest_route=%2Fwp%2Fv2%2Fmedia&parent=70979"}],"wp:term":[{"taxonomy":"category","embeddable":true,"href":"https:\/\/diariodominicano.com\/index.php?rest_route=%2Fwp%2Fv2%2Fcategories&post=70979"},{"taxonomy":"post_tag","embeddable":true,"href":"https:\/\/diariodominicano.com\/index.php?rest_route=%2Fwp%2Fv2%2Ftags&post=70979"}],"curies":[{"name":"wp","href":"https:\/\/api.w.org\/{rel}","templated":true}]}}