{"id":70978,"date":"2008-05-20T18:32:16","date_gmt":"2008-05-20T18:32:16","guid":{"rendered":"http:\/\/diariodominicano.ddns.net\/?p=70978"},"modified":"2008-05-20T18:32:16","modified_gmt":"2008-05-20T18:32:16","slug":"el-cine-no-lo-inventaron-los-lumiere-fueron-los-pintores","status":"publish","type":"post","link":"https:\/\/diariodominicano.com\/?p=70978","title":{"rendered":"\u00abEl cine no lo inventaron los Lumi\u00e8re, fueron los pintores\u00bb"},"content":{"rendered":"<p><body><\/p>\n<p align=\"justify\"><strong class=\"titulogrande1\">\u00abEl cine no lo inventaron los Lumi\u00e8re, fueron los pintores\u00bb<\/strong><br \/>&#13;<br \/>\n  <br \/>&#13;<br \/>\n    <span class=\"text1noticias\">El director Peter Greenaway presenta en Madrid su nueva pel\u00edcula: &#8216;La ronda  de noche&#8217; <br \/>&#13;<br \/>\n    <br \/>&#13;<br \/>\n    <strong>EFE<\/strong> &#8211; Madrid &#8211; 20\/05\/2008 <\/span><\/p>\n<p>&#13;<\/p>\n<p align=\"justify\" class=\"text1noticias\">Para Peter Greenaway fueron los  maestros de la luz, los pintores barrocos, los que inventaron el cine, en  concreto Vel\u00e1zquez, Rubens, Caravaggio y Rembrandt. A este \u00faltimo dedica el  director brit\u00e1nico su \u00faltima pel\u00edcula, <em>La Ronda de Noche<\/em>, que ha  presentado hoy en Espa\u00f1a, donde la estrenar\u00e1 el 30 de mayo.<br \/>&#13;<br \/>\n  <br \/>&#13;<br \/>\n\u00abRembrandt ser\u00eda hoy en d\u00eda  un cineasta\u00bb, ha aseverado hoy el siempre combativo Greenaway, para quien  el m\u00e1ximo error del cine es que \u00abse ha basado siempre en el texto y no en  las im\u00e1genes, algo que deja en clara desventaja a un arte de tan s\u00f3lo 113 a\u00f1os,  frente a los m\u00e1s de 8.000 a\u00f1os de la pintura europea\u00bb.<br \/>&#13;<br \/>\n<br \/>&#13;<br \/>\n  En <em>La Ronda de Noche<\/em> el  cineasta desvela los secretos de una de las obras m\u00e1s conocidas del pintor del  siglo XVII, la que da nombre al t\u00edtulo del filme, y reconstruye parte de la  vida del genio holand\u00e9s, que a los 23 a\u00f1os se convirti\u00f3 en el pintor m\u00e1s  valorado para perder toda su gloria en tan s\u00f3lo 15 a\u00f1os, algo que explica en  parte esta cinta, a trav\u00e9s de la lectura hist\u00f3rica del propio Greenaway.<br \/>&#13;<br \/>\n  <br \/>&#13;<br \/>\n  Y es que el brit\u00e1nico considera  que \u00abpara abordar la Historia o la cultura es importante jugar con la  met\u00e1fora dram\u00e1tica m\u00e1s que con la realidad, que es ef\u00edmera y anecd\u00f3tica\u00bb,  ya que \u00abla Historia no existe, existen los historiadores\u00bb, ha  apuntado.<br \/>&#13;<br \/>\n  <br \/>&#13;<br \/>\n  Rembrandt, interpretado en esta  cinta por Martin Freeman, era \u00abun creador de sue\u00f1os y, a d\u00eda de hoy,  podemos identificarnos con muchos de sus cuadros\u00bb, ha explicado Greenaway,  quien se form\u00f3 en la pintura antes de iniciarse en el cine y que ofrecer\u00e1 hoy  en el Caixaforum de Madrid una masterclass centrada en ambas artes y que  repetir\u00e1 ma\u00f1ana en Barcelona, en el Museo Nacional de Arte de Catalu\u00f1a (MNAC).<br \/>&#13;<br \/>\n  <br \/>&#13;<br \/>\n  De esta forma el director regresa  \u00aba su punto de partida\u00bb recurriendo a la pintura y recreando el  Barroco, corriente que ha influenciado en gran parte de su filmograf\u00eda, a  trav\u00e9s de un artista de completa vigencia, ya que \u00abse cri\u00f3 en la primera  rep\u00fablica dem\u00f3crata, que era feminista, anti xen\u00f3fobo, post-moderno -gracias a  su ir\u00f3nico distanciamiento- y freudiano -ya que fue el primero en plasmar  emociones interiores-\u00ab.<br \/>&#13;<br \/>\n  <br \/>&#13;<br \/>\n  Que \u00abel cine est\u00e1  muerto\u00bb es algo que Peter Greenaway no se cansa de repetir en sus  encuentros con la prensa, y fecha esta defunci\u00f3n el 31 de septiembre de 1983,  cuando se present\u00f3 el control remoto para la televisi\u00f3n.<br \/>&#13;<br \/>\n  <br \/>&#13;<br \/>\n  El s\u00e9ptimo arte, considera,  desaparecer\u00e1 en diez a\u00f1os debido a la pujanza de las nuevas tecnolog\u00edas que  hacen que \u00abla cultura del cine no se viva como en las d\u00e9cadas de los 40,  50 y 60\u00bb. Pero el gal\u00e9s mantiene la \u00abidea optimista de aprovechar su  riqueza\u00bb, aunque hasta ahora se haya desperdiciado su vocabulario, su  lenguaje propio, para emplear en las pel\u00edculas actuales \u00abuno banal y  est\u00fapido\u00bb, opina Greenaway.<br \/>&#13;<br \/>\n  <br \/>&#13;<br \/>\nLa tibia acogida a la saga de <em>Las  maletas de Tulse Luper<\/em>, un proyecto que considera \u00abdemasiado avanzado  a su tiempo, incomprendido y poco valorado\u00bb, le ha llevado a caminos m\u00e1s  ortodoxos con <em>La Ronda de Noche<\/em>. Para el director de <em>The pillow book<\/em> o <em>El cocinero, el ladr\u00f3n, su mujer y su amante<\/em>, el cine es una rama m\u00e1s  de la noci\u00f3n de arte multimedia en la que est\u00e1 involucrado y que pasa tambi\u00e9n  por su rol de comisario de museo y de Video-Jockey, faceta con la que proyecta  sus grabaciones sobre obras maestras de la pintura, como ya ha hecho con <em>La  ronda de noche<\/em> en el Rijksmuseum de Amsterdam o como har\u00e1 el pr\u00f3ximo a\u00f1o  con <em>Las meninas<\/em> de Vel\u00e1zquez en el Museo del Prado o <em>Guernica<\/em> de  Picasso en el Reina Sof\u00eda.<\/p>\n<p>&#13;<\/p>\n<h6> 2008-05-20 18:32:16 <\/h6>\n<p><!--\n<link rel=\"stylesheet\" href=\"css\/bootstrap.min.css\">\n\n\n<ul class=\"pagination\">\n\t    \n\t\n\n<li >\n\t<a href='?page_no=22655'>Previous<\/a>\n\t<\/li>\n\n\n       \n    \n\n<li><a href='?page_no=1'>1<\/a><\/li>\n\n\n\n<li><a href='?page_no=2'>2<\/a><\/li>\n\n\n\n<li><a>...<\/a><\/li>\n\n\n\n<li><a href='?page_no=22654'>22654<\/a><\/li>\n\n\n\n<li><a href='?page_no=22655'>22655<\/a><\/li>\n\n\n\n<li class='active'><a>22656<\/a><\/li>\n\n\n\n<li><a href='?page_no=22657'>22657<\/a><\/li>\n\n\n\n<li><a href='?page_no=22658'>22658<\/a><\/li>\n\n\n\n<li><a>...<\/a><\/li>\n\n\n\n<li><a href='?page_no=22911'>22911<\/a><\/li>\n\n\n\n<li><a href='?page_no=22912'>22912<\/a><\/li>\n\n    \n\t\n\n<li >\n\t<a href='?page_no=22657'>Next<\/a>\n\t<\/li>\n\n\n    \n\n<li><a href='?page_no=22912'>Last &rsaquo;&rsaquo;<\/a><\/li>\n\n<\/ul>\n\n\n--><br \/>\n<\/body><\/p>\n","protected":false},"excerpt":{"rendered":"<p>\u00abEl cine no lo inventaron los Lumi\u00e8re, fueron los pintores\u00bb&#13; &#13; El director Peter Greenaway presenta en Madrid su nueva pel\u00edcula: &#8216;La ronda de noche&#8217; &#13; &#13; EFE &#8211; Madrid &#8211; 20\/05\/2008 &#13; Para Peter Greenaway fueron los maestros de la luz, los pintores barrocos, los que inventaron el cine, en concreto Vel\u00e1zquez, Rubens, Caravaggio [&hellip;]<\/p>\n","protected":false},"author":3,"featured_media":0,"comment_status":"open","ping_status":"open","sticky":false,"template":"","format":"standard","meta":{"footnotes":""},"categories":[21],"tags":[],"class_list":["post-70978","post","type-post","status-publish","format-standard","hentry","category-cultura"],"_links":{"self":[{"href":"https:\/\/diariodominicano.com\/index.php?rest_route=\/wp\/v2\/posts\/70978","targetHints":{"allow":["GET"]}}],"collection":[{"href":"https:\/\/diariodominicano.com\/index.php?rest_route=\/wp\/v2\/posts"}],"about":[{"href":"https:\/\/diariodominicano.com\/index.php?rest_route=\/wp\/v2\/types\/post"}],"author":[{"embeddable":true,"href":"https:\/\/diariodominicano.com\/index.php?rest_route=\/wp\/v2\/users\/3"}],"replies":[{"embeddable":true,"href":"https:\/\/diariodominicano.com\/index.php?rest_route=%2Fwp%2Fv2%2Fcomments&post=70978"}],"version-history":[{"count":0,"href":"https:\/\/diariodominicano.com\/index.php?rest_route=\/wp\/v2\/posts\/70978\/revisions"}],"wp:attachment":[{"href":"https:\/\/diariodominicano.com\/index.php?rest_route=%2Fwp%2Fv2%2Fmedia&parent=70978"}],"wp:term":[{"taxonomy":"category","embeddable":true,"href":"https:\/\/diariodominicano.com\/index.php?rest_route=%2Fwp%2Fv2%2Fcategories&post=70978"},{"taxonomy":"post_tag","embeddable":true,"href":"https:\/\/diariodominicano.com\/index.php?rest_route=%2Fwp%2Fv2%2Ftags&post=70978"}],"curies":[{"name":"wp","href":"https:\/\/api.w.org\/{rel}","templated":true}]}}