{"id":70977,"date":"2008-05-20T21:58:19","date_gmt":"2008-05-20T21:58:19","guid":{"rendered":"http:\/\/diariodominicano.ddns.net\/?p=70977"},"modified":"2008-05-20T21:58:19","modified_gmt":"2008-05-20T21:58:19","slug":"la-promocion-de-la-diversidad-cultural-es-un-compromiso-de-estado","status":"publish","type":"post","link":"https:\/\/diariodominicano.com\/?p=70977","title":{"rendered":"La promoci\u00f3n de la Diversidad Cultural es un compromiso de Estado"},"content":{"rendered":"<p><body><\/p>\n<p align=\"justify\"><strong>21 de mayo. D\u00eda de la Diversidad   Cultural<\/strong><br \/>&#13;<br \/>\n  <br \/>&#13;<br \/>\n    <span class=\"titulogrande1\">La promoci\u00f3n de la Diversidad Cultural es un compromiso de Estado<\/span><br \/>&#13;<br \/>\n  <br \/>&#13;<br \/>\n  <span class=\"text1noticias\"><img loading=\"lazy\" decoding=\"async\" src=\"http:\/\/localhost:8080\/img\/intercultural.jpg\" width=\"375\" height=\"348\" hspace=\"4\" align=\"left\" \/>As\u00ed lo expres\u00f3 el Servicio Jesuita a  Refugiados\/as y Migrantes (SJRM) al celebrarse este 21 de mayo el \u201cD\u00eda Mundial  de la Diversidad Cultural\u201d.  La instituci\u00f3n reiter\u00f3 el compromiso adquirido por los Estados que firmaron la Convenci\u00f3n de la Organizaci\u00f3n de las  Naciones Unidas para la   Educaci\u00f3n, la   Ciencia y la   Cultura (UNESCO) sobre la <strong><em>protecci\u00f3n y promoci\u00f3n de la  diversidad de las expresiones culturales<\/em> <\/strong>en octubre del 2005. <br \/>&#13;<br \/>\n  <br \/>&#13;<br \/>\n  El SJRM hizo adem\u00e1s un llamado a  profundizar el di\u00e1logo entre las diversas culturas que conviven en la Rep\u00fablica Dominicana.  \u201cLa Convenci\u00f3n  de la UNESCO  establece que la diversidad cultural debe considerarse como un patrimonio com\u00fan  de la humanidad y su defensa como un imperativo \u00e9tico inseparable del respeto a  la dignidad y a la persona\u201d, afirm\u00f3 la entidad. <br \/>&#13;<br \/>\n  <br \/>&#13;<br \/>\n  <br \/>&#13;<br \/>\n  En este contexto, el SJRM record\u00f3 en  especial la situaci\u00f3n de las poblaciones migrantes: \u201cEntendemos que el  desarraigo que implica la migraci\u00f3n hace a las personas vulnerables por carecer  de estructuras de apoyo como las familias, las relaciones de amistad y los  v\u00ednculos culturales y la experiencia de ser tratados con prejuicios y  discriminaci\u00f3n es un a\u00f1adido que penetra en lo m\u00e1s hondo de la persona. Nuestro  llamado es, pues, a la vivencia en plenitud de la interculturalidad. Esto  tiene que ver con la identidad, el encuentro, la responsabilidad y la b\u00fasqueda  com\u00fan de la verdad y la libertad\u201d.<br \/>&#13;<br \/>\n  <br \/>&#13;<br \/>\n  En ese  sentido el SJRM aprovecha esta fecha emblem\u00e1tica del 21 de mayo para \u201ccelebrar  la diversidad cultural presente en nuestro pueblo y las riquezas recibidas en  el contacto con personas de diversas razas y culturas con las cuales nos sentimos  vinculados\/as en un mismo di\u00e1logo por un mundo fraterno\u201d. <br \/>&#13;<br \/>\n  <br \/>&#13;<br \/>\nEl Encuentro Intercultural se celebrar\u00e1 <strong>el s\u00e1bado 24 de mayo <\/strong>en el<strong> Sal\u00f3n de Conferencias del Centro Bon\u00f3 <\/strong>(calle  Josefa Brea No. 65, Mejoramiento Social, Santo Domingo, Rep\u00fablica Dominicana),<strong> a las 2:00 PM<\/strong>.<\/span><\/p>\n<p>&#13;<\/p>\n<p>\u00a0<\/p>\n<p>&#13;<\/p>\n<h6> 2008-05-20 21:58:19 <\/h6>\n<p><!--\n<link rel=\"stylesheet\" href=\"css\/bootstrap.min.css\">\n\n\n<ul class=\"pagination\">\n\t    \n\t\n\n<li >\n\t<a href='?page_no=22654'>Previous<\/a>\n\t<\/li>\n\n\n       \n    \n\n<li><a href='?page_no=1'>1<\/a><\/li>\n\n\n\n<li><a href='?page_no=2'>2<\/a><\/li>\n\n\n\n<li><a>...<\/a><\/li>\n\n\n\n<li><a href='?page_no=22653'>22653<\/a><\/li>\n\n\n\n<li><a href='?page_no=22654'>22654<\/a><\/li>\n\n\n\n<li class='active'><a>22655<\/a><\/li>\n\n\n\n<li><a href='?page_no=22656'>22656<\/a><\/li>\n\n\n\n<li><a href='?page_no=22657'>22657<\/a><\/li>\n\n\n\n<li><a>...<\/a><\/li>\n\n\n\n<li><a href='?page_no=22911'>22911<\/a><\/li>\n\n\n\n<li><a href='?page_no=22912'>22912<\/a><\/li>\n\n    \n\t\n\n<li >\n\t<a href='?page_no=22656'>Next<\/a>\n\t<\/li>\n\n\n    \n\n<li><a href='?page_no=22912'>Last &rsaquo;&rsaquo;<\/a><\/li>\n\n<\/ul>\n\n\n--><br \/>\n<\/body><\/p>\n","protected":false},"excerpt":{"rendered":"<p>21 de mayo. D\u00eda de la Diversidad Cultural&#13; &#13; La promoci\u00f3n de la Diversidad Cultural es un compromiso de Estado&#13; &#13; As\u00ed lo expres\u00f3 el Servicio Jesuita a Refugiados\/as y Migrantes (SJRM) al celebrarse este 21 de mayo el \u201cD\u00eda Mundial de la Diversidad Cultural\u201d. La instituci\u00f3n reiter\u00f3 el compromiso adquirido por los Estados que [&hellip;]<\/p>\n","protected":false},"author":3,"featured_media":0,"comment_status":"open","ping_status":"open","sticky":false,"template":"","format":"standard","meta":{"footnotes":""},"categories":[21],"tags":[],"class_list":["post-70977","post","type-post","status-publish","format-standard","hentry","category-cultura"],"_links":{"self":[{"href":"https:\/\/diariodominicano.com\/index.php?rest_route=\/wp\/v2\/posts\/70977","targetHints":{"allow":["GET"]}}],"collection":[{"href":"https:\/\/diariodominicano.com\/index.php?rest_route=\/wp\/v2\/posts"}],"about":[{"href":"https:\/\/diariodominicano.com\/index.php?rest_route=\/wp\/v2\/types\/post"}],"author":[{"embeddable":true,"href":"https:\/\/diariodominicano.com\/index.php?rest_route=\/wp\/v2\/users\/3"}],"replies":[{"embeddable":true,"href":"https:\/\/diariodominicano.com\/index.php?rest_route=%2Fwp%2Fv2%2Fcomments&post=70977"}],"version-history":[{"count":0,"href":"https:\/\/diariodominicano.com\/index.php?rest_route=\/wp\/v2\/posts\/70977\/revisions"}],"wp:attachment":[{"href":"https:\/\/diariodominicano.com\/index.php?rest_route=%2Fwp%2Fv2%2Fmedia&parent=70977"}],"wp:term":[{"taxonomy":"category","embeddable":true,"href":"https:\/\/diariodominicano.com\/index.php?rest_route=%2Fwp%2Fv2%2Fcategories&post=70977"},{"taxonomy":"post_tag","embeddable":true,"href":"https:\/\/diariodominicano.com\/index.php?rest_route=%2Fwp%2Fv2%2Ftags&post=70977"}],"curies":[{"name":"wp","href":"https:\/\/api.w.org\/{rel}","templated":true}]}}