{"id":70976,"date":"2008-05-23T00:30:45","date_gmt":"2008-05-23T00:30:45","guid":{"rendered":"http:\/\/diariodominicano.ddns.net\/?p=70976"},"modified":"2008-05-23T00:30:45","modified_gmt":"2008-05-23T00:30:45","slug":"mortadelo-y-filemon-celebran-los-50-con-un-musical","status":"publish","type":"post","link":"https:\/\/diariodominicano.com\/?p=70976","title":{"rendered":"Mortadelo y Filem\u00f3n celebran los 50 con un musical"},"content":{"rendered":"<p><body><\/p>\n<p align=\"justify\"><strong class=\"titulogrande1\">Mortadelo y Filem\u00f3n celebran los 50 con un musical<\/strong><br \/>&#13;<br \/>\n  <br \/>&#13;<br \/>\n    <span class=\"text1noticias\">El montaje sobre los personajes de Ib\u00e1\u00f1ez se estrenar\u00e1 en Oviedo el 10 de  julio <br \/>&#13;<br \/>\n    <br \/>&#13;<br \/>\n    <strong>EFE<\/strong> &#8211; Barcelona &#8211; 22\/05\/2008 <\/span><\/p>\n<p>&#13;<\/p>\n<p align=\"justify\" class=\"text1noticias\"><img loading=\"lazy\" decoding=\"async\" src=\"http:\/\/localhost:8080\/img\/mortadelo.jpg\" width=\"375\" height=\"276\" hspace=\"4\" align=\"left\" \/>El musical <em>Mortadelo y Filem\u00f3n  en el fantoche de la opereta<\/em> que se estrenar\u00e1 el 4 de septiembre en el  teatro T\u00edvoli de Barcelona celebra el 50 aniversario de la creaci\u00f3n de estos  dos personajes del dibujante Francisco Ib\u00e1\u00f1ez que tras adaptar con \u00e9xito su  formato a otros medios presenta ahora con un gran espect\u00e1culo musical a estos  dos curiosos detectives.<br \/>&#13;<br \/>\n  <br \/>&#13;<br \/>\n  Para esta ocasi\u00f3n, se ha escrito  una nueva historia pensada para teatro aunque con el lenguaje y la est\u00e9tica del  c\u00f3mic integrada en la obra donde predominan la espectacularidad, la comicidad y  el dinamismo, y en la que tienen cabida todos los personajes de Ib\u00e1\u00f1ez.<br \/>&#13;<br \/>\n  <br \/>&#13;<br \/>\n  El p\u00fablico podr\u00e1 reconocer hasta  m\u00e1s de 50 piezas que homenajean a los cl\u00e1sicos musicales de mayor \u00e9xito y  configuran una obra que rinde tributo a estos personajes d emedio siglo de vida  aprovechando la fuerza que ha tomado este g\u00e9nero teatral en los \u00faltimos tiempos  en Espa\u00f1a.<br \/>&#13;<br \/>\n  <br \/>&#13;<br \/>\n  El espect\u00e1culo musical cuenta con  gran n\u00famero de gags de humor y recoge temas musicales de diferentes estilos  como algunas canciones espa\u00f1olas de los 60, 70 \u00f3 80.<br \/>&#13;<br \/>\n  <br \/>&#13;<br \/>\n  La funci\u00f3n contar\u00e1 con m\u00e1s de 34  actores entre los que se incluye a cantantes, cuerpo de baile y acr\u00f3batas que  junto a la orquesta de formada por seis u ocho m\u00fasicos, varios efectos  especiales, proyecciones audiovisuales, vuelos acrob\u00e1ticos realizados por  especialistas y efectos en 3D configuran la obra.<\/p>\n<p>&#13;<\/p>\n<h6> 2008-05-23 00:30:45 <\/h6>\n<p><!--\n<link rel=\"stylesheet\" href=\"css\/bootstrap.min.css\">\n\n\n<ul class=\"pagination\">\n\t    \n\t\n\n<li >\n\t<a href='?page_no=22653'>Previous<\/a>\n\t<\/li>\n\n\n       \n    \n\n<li><a href='?page_no=1'>1<\/a><\/li>\n\n\n\n<li><a href='?page_no=2'>2<\/a><\/li>\n\n\n\n<li><a>...<\/a><\/li>\n\n\n\n<li><a href='?page_no=22652'>22652<\/a><\/li>\n\n\n\n<li><a href='?page_no=22653'>22653<\/a><\/li>\n\n\n\n<li class='active'><a>22654<\/a><\/li>\n\n\n\n<li><a href='?page_no=22655'>22655<\/a><\/li>\n\n\n\n<li><a href='?page_no=22656'>22656<\/a><\/li>\n\n\n\n<li><a>...<\/a><\/li>\n\n\n\n<li><a href='?page_no=22911'>22911<\/a><\/li>\n\n\n\n<li><a href='?page_no=22912'>22912<\/a><\/li>\n\n    \n\t\n\n<li >\n\t<a href='?page_no=22655'>Next<\/a>\n\t<\/li>\n\n\n    \n\n<li><a href='?page_no=22912'>Last &rsaquo;&rsaquo;<\/a><\/li>\n\n<\/ul>\n\n\n--><br \/>\n<\/body><\/p>\n","protected":false},"excerpt":{"rendered":"<p>Mortadelo y Filem\u00f3n celebran los 50 con un musical&#13; &#13; El montaje sobre los personajes de Ib\u00e1\u00f1ez se estrenar\u00e1 en Oviedo el 10 de julio &#13; &#13; EFE &#8211; Barcelona &#8211; 22\/05\/2008 &#13; El musical Mortadelo y Filem\u00f3n en el fantoche de la opereta que se estrenar\u00e1 el 4 de septiembre en el teatro T\u00edvoli [&hellip;]<\/p>\n","protected":false},"author":3,"featured_media":0,"comment_status":"open","ping_status":"open","sticky":false,"template":"","format":"standard","meta":{"footnotes":""},"categories":[21],"tags":[],"class_list":["post-70976","post","type-post","status-publish","format-standard","hentry","category-cultura"],"_links":{"self":[{"href":"https:\/\/diariodominicano.com\/index.php?rest_route=\/wp\/v2\/posts\/70976","targetHints":{"allow":["GET"]}}],"collection":[{"href":"https:\/\/diariodominicano.com\/index.php?rest_route=\/wp\/v2\/posts"}],"about":[{"href":"https:\/\/diariodominicano.com\/index.php?rest_route=\/wp\/v2\/types\/post"}],"author":[{"embeddable":true,"href":"https:\/\/diariodominicano.com\/index.php?rest_route=\/wp\/v2\/users\/3"}],"replies":[{"embeddable":true,"href":"https:\/\/diariodominicano.com\/index.php?rest_route=%2Fwp%2Fv2%2Fcomments&post=70976"}],"version-history":[{"count":0,"href":"https:\/\/diariodominicano.com\/index.php?rest_route=\/wp\/v2\/posts\/70976\/revisions"}],"wp:attachment":[{"href":"https:\/\/diariodominicano.com\/index.php?rest_route=%2Fwp%2Fv2%2Fmedia&parent=70976"}],"wp:term":[{"taxonomy":"category","embeddable":true,"href":"https:\/\/diariodominicano.com\/index.php?rest_route=%2Fwp%2Fv2%2Fcategories&post=70976"},{"taxonomy":"post_tag","embeddable":true,"href":"https:\/\/diariodominicano.com\/index.php?rest_route=%2Fwp%2Fv2%2Ftags&post=70976"}],"curies":[{"name":"wp","href":"https:\/\/api.w.org\/{rel}","templated":true}]}}