{"id":70975,"date":"2008-05-23T00:33:56","date_gmt":"2008-05-23T00:33:56","guid":{"rendered":"http:\/\/diariodominicano.ddns.net\/?p=70975"},"modified":"2008-05-23T00:33:56","modified_gmt":"2008-05-23T00:33:56","slug":"los-dibujos-del-creador-de-mafalda-llegan-hasta-japon","status":"publish","type":"post","link":"https:\/\/diariodominicano.com\/?p=70975","title":{"rendered":"Los dibujos del creador de Mafalda llegan hasta Jap\u00f3n"},"content":{"rendered":"<p><body><\/p>\n<p align=\"justify\"><span class=\"titulogrande1\">Los dibujos del creador de Mafalda llegan hasta Jap\u00f3n <\/span><br \/>&#13;<br \/>\n  <br \/>&#13;<br \/>\n    <span class=\"text1noticias\">Seg\u00fan explic\u00f3 el embajador de Argentina en Jap\u00f3n, Daniel  Polski, es un \u00abhito exponer a Mafalda en el pa\u00eds del c\u00f3mic\u00bb y se  mostr\u00f3 convencido de que atraer\u00e1 a \u00abmucha gente\u00bb.<\/span><\/p>\n<p>&#13;<\/p>\n<p align=\"justify\" class=\"text1noticias\"><img loading=\"lazy\" decoding=\"async\" src=\"http:\/\/localhost:8080\/img\/mafalda.jpg\" width=\"375\" height=\"275\" hspace=\"4\" align=\"left\" \/>El Instituto Cervantes de Tokio inaugur\u00f3 hoy la exposici\u00f3n Quino  dedicada al dibujante de Mafalda, en una muestra que pretende dar a conocer a  los japoneses la obra del humorista gr\u00e1fico argentino Joaqu\u00edn Salvador Lavado.<br \/>&#13;<br \/>\n  <br \/>&#13;<br \/>\n  Dentro del ciclo dedicado a Argentina llamado Viaje a trav\u00e9s  de la Cultura, que se desarrollar\u00e1 hasta julio en el Cervantes de Tokio, se  abri\u00f3 hoy esta muestra con m\u00e1s de un centenar de tiras c\u00f3micas y los cortos de  animaci\u00f3n Quinoscopios, del autor trasandino.<br \/>&#13;<br \/>\n  <br \/>&#13;<br \/>\n  Adem\u00e1s del m\u00edtico personaje de Mafalda, su familia y sus  amigos, la exposici\u00f3n re\u00fane otras creaciones de Quino como sus autorretratos y  algunos trabajos de las dos \u00faltimas d\u00e9cadas, acompa\u00f1ados de su correspondiente  traducci\u00f3n al japon\u00e9s.<br \/>&#13;<br \/>\n  <br \/>&#13;<br \/>\n  Seg\u00fan explic\u00f3 el embajador de Argentina en Jap\u00f3n, Daniel  Polski, es un \u00abhito exponer a Mafalda en el pa\u00eds del c\u00f3mic\u00bb y se  mostr\u00f3 convencido de que atraer\u00e1 a \u00abmucha gente\u00bb.<br \/>&#13;<br \/>\n  <br \/>&#13;<br \/>\n\u00abCuando uno lee tiras de los a\u00f1os 60 parece que son de  la semana pasada, por lo que es f\u00e1cil que atraiga a gente a la que le interesen  los temas que trata. Para muchos latinos de Jap\u00f3n puede ser muy interesante  descubrir otros trabajos de Quino\u00bb, a\u00f1adi\u00f3 Polski.<br \/>&#13;<br \/>\n<br \/>&#13;<br \/>\nEl embajador argentino asegur\u00f3 que, aunque Quino no ha  podido asistir a esta exposici\u00f3n, que finalizar\u00e1 el 27 de junio, el humorista  gr\u00e1fico estaba \u00abmuy entusiasmado\u00bb por este evento.<br \/>&#13;<br \/>\n<br \/>&#13;<br \/>\nEn la actualidad, los libros de Mafalda est\u00e1n traducidos a  m\u00e1s de 30 idiomas aunque en Jap\u00f3n lleg\u00f3 por primera vez el a\u00f1o pasado con  motivo del 75 cumplea\u00f1os de Quino.<br \/>&#13;<br \/>\n<br \/>&#13;<br \/>\nEn mayo del 2007, el pa\u00eds del c\u00f3mic manga acog\u00eda a la  peque\u00f1a protagonista Mafalda con su humor ingenuo a la vez que adulto en el  libro \u00bfQui\u00e9n es Malo?, de la editorial local Elephant Publishing.<br \/>&#13;<br \/>\n<br \/>&#13;<br \/>\nEn el ciclo del Instituto Cervantes dedicado a Argentina se  proyectar\u00e1n varias pel\u00edculas del pa\u00eds sudamericano y en julio se inaugurar\u00e1 la  exposici\u00f3n El Viaje Infinito de Julio Cort\u00e1zar, con fotograf\u00edas, cartas y otros  documentos del escritor.<br \/>&#13;<br \/>\n  <br \/>&#13;<br \/>\n  Fuente: La Tercera de Chile<\/p>\n<p>&#13;<\/p>\n<h6> 2008-05-23 00:33:56 <\/h6>\n<p><!--\n<link rel=\"stylesheet\" href=\"css\/bootstrap.min.css\">\n\n\n<ul class=\"pagination\">\n\t    \n\t\n\n<li >\n\t<a href='?page_no=22652'>Previous<\/a>\n\t<\/li>\n\n\n       \n    \n\n<li><a href='?page_no=1'>1<\/a><\/li>\n\n\n\n<li><a href='?page_no=2'>2<\/a><\/li>\n\n\n\n<li><a>...<\/a><\/li>\n\n\n\n<li><a href='?page_no=22651'>22651<\/a><\/li>\n\n\n\n<li><a href='?page_no=22652'>22652<\/a><\/li>\n\n\n\n<li class='active'><a>22653<\/a><\/li>\n\n\n\n<li><a href='?page_no=22654'>22654<\/a><\/li>\n\n\n\n<li><a href='?page_no=22655'>22655<\/a><\/li>\n\n\n\n<li><a>...<\/a><\/li>\n\n\n\n<li><a href='?page_no=22911'>22911<\/a><\/li>\n\n\n\n<li><a href='?page_no=22912'>22912<\/a><\/li>\n\n    \n\t\n\n<li >\n\t<a href='?page_no=22654'>Next<\/a>\n\t<\/li>\n\n\n    \n\n<li><a href='?page_no=22912'>Last &rsaquo;&rsaquo;<\/a><\/li>\n\n<\/ul>\n\n\n--><br \/>\n<\/body><\/p>\n","protected":false},"excerpt":{"rendered":"<p>Los dibujos del creador de Mafalda llegan hasta Jap\u00f3n &#13; &#13; Seg\u00fan explic\u00f3 el embajador de Argentina en Jap\u00f3n, Daniel Polski, es un \u00abhito exponer a Mafalda en el pa\u00eds del c\u00f3mic\u00bb y se mostr\u00f3 convencido de que atraer\u00e1 a \u00abmucha gente\u00bb. &#13; El Instituto Cervantes de Tokio inaugur\u00f3 hoy la exposici\u00f3n Quino dedicada al [&hellip;]<\/p>\n","protected":false},"author":3,"featured_media":0,"comment_status":"open","ping_status":"open","sticky":false,"template":"","format":"standard","meta":{"footnotes":""},"categories":[21],"tags":[],"class_list":["post-70975","post","type-post","status-publish","format-standard","hentry","category-cultura"],"_links":{"self":[{"href":"https:\/\/diariodominicano.com\/index.php?rest_route=\/wp\/v2\/posts\/70975","targetHints":{"allow":["GET"]}}],"collection":[{"href":"https:\/\/diariodominicano.com\/index.php?rest_route=\/wp\/v2\/posts"}],"about":[{"href":"https:\/\/diariodominicano.com\/index.php?rest_route=\/wp\/v2\/types\/post"}],"author":[{"embeddable":true,"href":"https:\/\/diariodominicano.com\/index.php?rest_route=\/wp\/v2\/users\/3"}],"replies":[{"embeddable":true,"href":"https:\/\/diariodominicano.com\/index.php?rest_route=%2Fwp%2Fv2%2Fcomments&post=70975"}],"version-history":[{"count":0,"href":"https:\/\/diariodominicano.com\/index.php?rest_route=\/wp\/v2\/posts\/70975\/revisions"}],"wp:attachment":[{"href":"https:\/\/diariodominicano.com\/index.php?rest_route=%2Fwp%2Fv2%2Fmedia&parent=70975"}],"wp:term":[{"taxonomy":"category","embeddable":true,"href":"https:\/\/diariodominicano.com\/index.php?rest_route=%2Fwp%2Fv2%2Fcategories&post=70975"},{"taxonomy":"post_tag","embeddable":true,"href":"https:\/\/diariodominicano.com\/index.php?rest_route=%2Fwp%2Fv2%2Ftags&post=70975"}],"curies":[{"name":"wp","href":"https:\/\/api.w.org\/{rel}","templated":true}]}}