{"id":70972,"date":"2008-05-23T17:39:23","date_gmt":"2008-05-23T17:39:23","guid":{"rendered":"http:\/\/diariodominicano.ddns.net\/?p=70972"},"modified":"2008-05-23T17:39:23","modified_gmt":"2008-05-23T17:39:23","slug":"exposicion-en-italia-de-objetos-personales-de-juan-pablo-ii","status":"publish","type":"post","link":"https:\/\/diariodominicano.com\/?p=70972","title":{"rendered":"Exposici\u00f3n en Italia de objetos personales de Juan Pablo II"},"content":{"rendered":"<p><body><\/p>\n<p align=\"justify\"><span class=\"titulogrande1\">Exposici\u00f3n en Italia de objetos personales de Juan Pablo II <\/span><br \/>&#13;<br \/>\n  <br \/>&#13;<br \/>\n    <span class=\"text1noticias\">Quien inaugurar\u00e1 la muestra ser\u00e1 el arzobispo de Bolonia,  cardenal Carlo Caffarra, en presencia del vocero vaticano durante el  pontificado del Sumo Pont\u00edfice, Joaqu\u00edn Navarro Valls. <br \/>&#13;<br \/>\n    <br \/>&#13;<br \/>\nAnsa <\/span><\/p>\n<p>&#13;<\/p>\n<p align=\"justify\" class=\"text1noticias\"><img loading=\"lazy\" decoding=\"async\" src=\"http:\/\/localhost:8080\/img\/papal.jpg\" width=\"375\" height=\"270\" hspace=\"4\" align=\"left\" \/>Una exposici\u00f3n de objetos personales de Karol Wojtyla,  titulada \u00abTotut Tuus: Un hombre, un sacerdote, el Papa\u00bb, se abrir\u00e1  ma\u00f1ana en Bolonia, nordeste de Italia. La iniciativa fue promovida por una  asociaci\u00f3n cultural en ocasi\u00f3n del 30 aniversario de la elecci\u00f3n de Wojtyla a  Papa.<br \/>&#13;<br \/>\n  <br \/>&#13;<br \/>\n  La muestra, que se extender\u00e1 hasta el 13 de junio, ser\u00e1  inaugurada por el arzobispo de Bolonia, el cardenal Carlo Caffarra, en  presencia de Joaqu\u00edn Navarro Valls, vocero vaticano durante el pontificado de  Juan Pablo II.<br \/>&#13;<br \/>\n  <br \/>&#13;<br \/>\n  La exposici\u00f3n presenta un centenar de objetos, divididos en  dos secciones: la primera, \u00abDe Wadowice a Cracovia (19201978)\u00bb,  ilustra su recorrido de joven, su ordenaci\u00f3n sacerdotal y su posterior  nombramiento a cardenal.<br \/>&#13;<br \/>\n  <br \/>&#13;<br \/>\n  A trav\u00e9s de diversos objetos personales como libros,  zapatos, documentos, ropa y fotograf\u00edas se puede recorrer y conocer de cerca la  vida de joven del difunto Pont\u00edfice polaco.<\/p>\n<p>&#13;<\/p>\n<h6> 2008-05-23 17:39:23 <\/h6>\n<p><!--\n<link rel=\"stylesheet\" href=\"css\/bootstrap.min.css\">\n\n\n<ul class=\"pagination\">\n\t    \n\t\n\n<li >\n\t<a href='?page_no=22649'>Previous<\/a>\n\t<\/li>\n\n\n       \n    \n\n<li><a href='?page_no=1'>1<\/a><\/li>\n\n\n\n<li><a href='?page_no=2'>2<\/a><\/li>\n\n\n\n<li><a>...<\/a><\/li>\n\n\n\n<li><a href='?page_no=22648'>22648<\/a><\/li>\n\n\n\n<li><a href='?page_no=22649'>22649<\/a><\/li>\n\n\n\n<li class='active'><a>22650<\/a><\/li>\n\n\n\n<li><a href='?page_no=22651'>22651<\/a><\/li>\n\n\n\n<li><a href='?page_no=22652'>22652<\/a><\/li>\n\n\n\n<li><a>...<\/a><\/li>\n\n\n\n<li><a href='?page_no=22911'>22911<\/a><\/li>\n\n\n\n<li><a href='?page_no=22912'>22912<\/a><\/li>\n\n    \n\t\n\n<li >\n\t<a href='?page_no=22651'>Next<\/a>\n\t<\/li>\n\n\n    \n\n<li><a href='?page_no=22912'>Last &rsaquo;&rsaquo;<\/a><\/li>\n\n<\/ul>\n\n\n--><br \/>\n<\/body><\/p>\n","protected":false},"excerpt":{"rendered":"<p>Exposici\u00f3n en Italia de objetos personales de Juan Pablo II &#13; &#13; Quien inaugurar\u00e1 la muestra ser\u00e1 el arzobispo de Bolonia, cardenal Carlo Caffarra, en presencia del vocero vaticano durante el pontificado del Sumo Pont\u00edfice, Joaqu\u00edn Navarro Valls. &#13; &#13; Ansa &#13; Una exposici\u00f3n de objetos personales de Karol Wojtyla, titulada \u00abTotut Tuus: Un hombre, [&hellip;]<\/p>\n","protected":false},"author":3,"featured_media":0,"comment_status":"open","ping_status":"open","sticky":false,"template":"","format":"standard","meta":{"footnotes":""},"categories":[21],"tags":[],"class_list":["post-70972","post","type-post","status-publish","format-standard","hentry","category-cultura"],"_links":{"self":[{"href":"https:\/\/diariodominicano.com\/index.php?rest_route=\/wp\/v2\/posts\/70972","targetHints":{"allow":["GET"]}}],"collection":[{"href":"https:\/\/diariodominicano.com\/index.php?rest_route=\/wp\/v2\/posts"}],"about":[{"href":"https:\/\/diariodominicano.com\/index.php?rest_route=\/wp\/v2\/types\/post"}],"author":[{"embeddable":true,"href":"https:\/\/diariodominicano.com\/index.php?rest_route=\/wp\/v2\/users\/3"}],"replies":[{"embeddable":true,"href":"https:\/\/diariodominicano.com\/index.php?rest_route=%2Fwp%2Fv2%2Fcomments&post=70972"}],"version-history":[{"count":0,"href":"https:\/\/diariodominicano.com\/index.php?rest_route=\/wp\/v2\/posts\/70972\/revisions"}],"wp:attachment":[{"href":"https:\/\/diariodominicano.com\/index.php?rest_route=%2Fwp%2Fv2%2Fmedia&parent=70972"}],"wp:term":[{"taxonomy":"category","embeddable":true,"href":"https:\/\/diariodominicano.com\/index.php?rest_route=%2Fwp%2Fv2%2Fcategories&post=70972"},{"taxonomy":"post_tag","embeddable":true,"href":"https:\/\/diariodominicano.com\/index.php?rest_route=%2Fwp%2Fv2%2Ftags&post=70972"}],"curies":[{"name":"wp","href":"https:\/\/api.w.org\/{rel}","templated":true}]}}