{"id":70971,"date":"2008-05-23T17:42:54","date_gmt":"2008-05-23T17:42:54","guid":{"rendered":"http:\/\/diariodominicano.ddns.net\/?p=70971"},"modified":"2008-05-23T17:42:54","modified_gmt":"2008-05-23T17:42:54","slug":"el-graffiti-se-toma-la-fachada-de-la-galeria-tate-modern-de-londres","status":"publish","type":"post","link":"https:\/\/diariodominicano.com\/?p=70971","title":{"rendered":"El graffiti se toma la fachada de la galer\u00eda Tate Modern de Londres"},"content":{"rendered":"<p><body><\/p>\n<p align=\"justify\"><span class=\"titulogrande1\">El graffiti se toma la fachada de la galer\u00eda Tate Modern de  Londres <\/span><br \/>&#13;<br \/>\n  <br \/>&#13;<br \/>\n    <span class=\"text1noticias\">Hasta el pr\u00f3ximo 25 de agosto, quienes acudan a ese centro o  sus alrededores no quedar\u00e1n indiferentes al ver las seis pinturas de 50 metros  de altura cada una. <br \/>&#13;<br \/>\n    <br \/>&#13;<br \/>\nEFE <\/span><\/p>\n<p>&#13;<\/p>\n<p align=\"justify\" class=\"text1noticias\"><img loading=\"lazy\" decoding=\"async\" src=\"http:\/\/localhost:8080\/img\/grafiti.jpg\" width=\"375\" height=\"484\" hspace=\"4\" align=\"left\" \/>El graffiti, arte de la calle, tiene desde hoy un lugar en  la Tate Modern de Londres, cuya emblem\u00e1tica fachada que mira al r\u00edo T\u00e1mesis  muestra los trabajos de seis artistas \u00abcallejeros\u00bb internacionalmente  reconocidos.<br \/>&#13;<br \/>\n  <br \/>&#13;<br \/>\n  En un momento dorado para el arte urbano, que goza de  prestigio cultural y ha entrado en las m\u00e1s cotizadas galer\u00edas y casas de  subastas, este museo contempor\u00e1neo ha puesto sus muros a disposici\u00f3n de los  artistas del aerosol.<br \/>&#13;<br \/>\n  <br \/>&#13;<br \/>\n  Hasta el pr\u00f3ximo 25 de agosto, quienes acudan a ese centro,  uno de los museos contempor\u00e1neos m\u00e1s visitados del mundo, o sus alrededores, no  quedar\u00e1n indiferentes al ver las seis pinturas de 50 metros de altura cada una  que pr\u00e1cticamente cubren la fachada de la Tate Modern.<br \/>&#13;<br \/>\n  <br \/>&#13;<br \/>\n  Se trata de la iniciativa Street Art at Tate Modern, una  nueva apuesta del museo londinense por nuevas t\u00e9cnicas art\u00edsticas urbanas, la  mayor de las veces contestatarias y m\u00e1s libres por el hecho de que las calles  no imponen los l\u00edmites de un lienzo.<br \/>&#13;<br \/>\n  <br \/>&#13;<br \/>\n  Entre los seis artistas que participan en esta muestra,  algunos de los cuales estaban pintando a\u00fan sus graffitis la pasada noche, se encuentra  el barcelon\u00e9s Sixeart y los brasile\u00f1os Os G\u00eameos y Nunca.<br \/>&#13;<br \/>\n  <br \/>&#13;<br \/>\n  En declaraciones a Efe, el comisario de esta iniciativa, Cedar  Lewisohn, explic\u00f3 que Londres es un lugar id\u00f3neo para mostrar el  \u00abinteresante\u00bb arte desarrollado en los ambientes urbanos, pues por  toda la ciudad pueden verse trabajos de \u00abgraffiteros\u00bb an\u00f3nimos, entre  ellos los del famoso Banksy.<br \/>&#13;<br \/>\n  <br \/>&#13;<br \/>\n  Por esta raz\u00f3n, indic\u00f3, se ha elegido a seis artistas no  brit\u00e1nicos para tomarle el pulso a las diferentes tendencias de arte callejero  en el mundo.<br \/>&#13;<br \/>\n  <br \/>&#13;<br \/>\n  Aparte de los brasile\u00f1os y el espa\u00f1ol, muestran sus dise\u00f1os  en la Tate Modern Blu, de Italia; Faile, de Nueva York; y JR, de Par\u00eds.<br \/>&#13;<br \/>\n  <br \/>&#13;<br \/>\n  Cientos de colores decoran la fachada de la Tate en murales  que van desde lo abstracto a lo surrealista, pasando por lo psicod\u00e9lico y la  denuncia social m\u00e1s directa, algo que ha caracterizado hist\u00f3ricamente al  trabajo de los \u00abgraffiteros\u00bb.<br \/>&#13;<br \/>\n  <br \/>&#13;<br \/>\n  As\u00ed, Sixeart crea, a partir de figuras geom\u00e9tricas que  recuerdan a Mir\u00f3, un ser abstracto que sostiene a un tierno osito mientras es  rodeado por corazones.<br \/>&#13;<br \/>\n  <br \/>&#13;<br \/>\n  JR utiliza el blanco y negro para dibujar a un  \u00abguerrillero\u00bb que apunta desafiante con su c\u00e1mara de v\u00eddeo y Faile  recurre a la est\u00e9tica del c\u00f3mic para mostrar a un indio luchador.<br \/>&#13;<br \/>\n  <br \/>&#13;<br \/>\n  Os Gem\u00eaos pintan a un hombre desnudo de color amarillo s\u00f3lo  cubierto por un burka y Nunca opta por un pirata poco corriente con pulseras de  perlas y delicadeza a la hora de tomarse una taza de t\u00e9.<br \/>&#13;<br \/>\n  <br \/>&#13;<br \/>\n  Por \u00faltimo, Blu recurre a la cr\u00edtica social para denunciar  la muerte y la destrucci\u00f3n de la sociedad occidental, conceptos que aparecen en  decenas de vi\u00f1etas que ocupan la mente de un hombre.<br \/>&#13;<br \/>\n  <br \/>&#13;<br \/>\n  Lewisohn asegur\u00f3 que los autores espa\u00f1oles de este tipo de  arte est\u00e1n entre los mejores del mundo, por lo que decidi\u00f3 que un grupo de  artistas asentados en Madrid crearan una serie de trabajos en los alrededores  del museo, lo que se ha llamado \u00abWalking Tour\u00bb.<br \/>&#13;<br \/>\n  <br \/>&#13;<br \/>\n  Se trata de Spok, El Tono and Nuria, Nano 4814 y 3TTMan,  quienes llevan a\u00f1os llenando de arte las calles madrile\u00f1as.<br \/>&#13;<br \/>\n  <br \/>&#13;<br \/>\n  El comisario de esta iniciativa sostuvo que artistas como Pablo  Picasso o Jean-Michel Basquiat ya utilizaron recursos del arte callejero y que  influyeron en su desarrollo, que fue r\u00e1pido desde los a\u00f1os 70 del siglo pasado.<br \/>&#13;<br \/>\n  <br \/>&#13;<br \/>\n  Cuando termine la iniciativa Street Art, la fachada de la  Tate Modern volver\u00e1 a mostrar su aspecto habitual, conocido por sus  caracter\u00edsticos ladrillos industriales de color marr\u00f3n.<br \/>&#13;<br \/>\n  <br \/>&#13;<br \/>\n  Lewisohn explic\u00f3 que, aunque el arte callejero sea una  t\u00e9cnica pict\u00f3rica que tengan que albergar los museos, su car\u00e1cter es  \u00abef\u00edmero\u00bb y como tal los dibujos ser\u00e1n borrados en agosto.<br \/>&#13;<br \/>\n  <br \/>&#13;<br \/>\n  Podr\u00e1n morir estos dibujos, pero seguro que otros vendr\u00e1n  para despertar sonrisas o conciencias en el lugar m\u00e1s inesperado de la ciudad.<\/p>\n<p>&#13;<\/p>\n<h6> 2008-05-23 17:42:54 <\/h6>\n<p><!--\n<link rel=\"stylesheet\" href=\"css\/bootstrap.min.css\">\n\n\n<ul class=\"pagination\">\n\t    \n\t\n\n<li >\n\t<a href='?page_no=22648'>Previous<\/a>\n\t<\/li>\n\n\n       \n    \n\n<li><a href='?page_no=1'>1<\/a><\/li>\n\n\n\n<li><a href='?page_no=2'>2<\/a><\/li>\n\n\n\n<li><a>...<\/a><\/li>\n\n\n\n<li><a href='?page_no=22647'>22647<\/a><\/li>\n\n\n\n<li><a href='?page_no=22648'>22648<\/a><\/li>\n\n\n\n<li class='active'><a>22649<\/a><\/li>\n\n\n\n<li><a href='?page_no=22650'>22650<\/a><\/li>\n\n\n\n<li><a href='?page_no=22651'>22651<\/a><\/li>\n\n\n\n<li><a>...<\/a><\/li>\n\n\n\n<li><a href='?page_no=22911'>22911<\/a><\/li>\n\n\n\n<li><a href='?page_no=22912'>22912<\/a><\/li>\n\n    \n\t\n\n<li >\n\t<a href='?page_no=22650'>Next<\/a>\n\t<\/li>\n\n\n    \n\n<li><a href='?page_no=22912'>Last &rsaquo;&rsaquo;<\/a><\/li>\n\n<\/ul>\n\n\n--><br \/>\n<\/body><\/p>\n","protected":false},"excerpt":{"rendered":"<p>El graffiti se toma la fachada de la galer\u00eda Tate Modern de Londres &#13; &#13; Hasta el pr\u00f3ximo 25 de agosto, quienes acudan a ese centro o sus alrededores no quedar\u00e1n indiferentes al ver las seis pinturas de 50 metros de altura cada una. &#13; &#13; EFE &#13; El graffiti, arte de la calle, tiene [&hellip;]<\/p>\n","protected":false},"author":3,"featured_media":0,"comment_status":"open","ping_status":"open","sticky":false,"template":"","format":"standard","meta":{"footnotes":""},"categories":[21],"tags":[],"class_list":["post-70971","post","type-post","status-publish","format-standard","hentry","category-cultura"],"_links":{"self":[{"href":"https:\/\/diariodominicano.com\/index.php?rest_route=\/wp\/v2\/posts\/70971","targetHints":{"allow":["GET"]}}],"collection":[{"href":"https:\/\/diariodominicano.com\/index.php?rest_route=\/wp\/v2\/posts"}],"about":[{"href":"https:\/\/diariodominicano.com\/index.php?rest_route=\/wp\/v2\/types\/post"}],"author":[{"embeddable":true,"href":"https:\/\/diariodominicano.com\/index.php?rest_route=\/wp\/v2\/users\/3"}],"replies":[{"embeddable":true,"href":"https:\/\/diariodominicano.com\/index.php?rest_route=%2Fwp%2Fv2%2Fcomments&post=70971"}],"version-history":[{"count":0,"href":"https:\/\/diariodominicano.com\/index.php?rest_route=\/wp\/v2\/posts\/70971\/revisions"}],"wp:attachment":[{"href":"https:\/\/diariodominicano.com\/index.php?rest_route=%2Fwp%2Fv2%2Fmedia&parent=70971"}],"wp:term":[{"taxonomy":"category","embeddable":true,"href":"https:\/\/diariodominicano.com\/index.php?rest_route=%2Fwp%2Fv2%2Fcategories&post=70971"},{"taxonomy":"post_tag","embeddable":true,"href":"https:\/\/diariodominicano.com\/index.php?rest_route=%2Fwp%2Fv2%2Ftags&post=70971"}],"curies":[{"name":"wp","href":"https:\/\/api.w.org\/{rel}","templated":true}]}}