{"id":70970,"date":"2008-05-23T17:45:18","date_gmt":"2008-05-23T17:45:18","guid":{"rendered":"http:\/\/diariodominicano.ddns.net\/?p=70970"},"modified":"2008-05-23T17:45:18","modified_gmt":"2008-05-23T17:45:18","slug":"el-alquimista-cumple-20-anos-y-sera-llevada-al-cine","status":"publish","type":"post","link":"https:\/\/diariodominicano.com\/?p=70970","title":{"rendered":"El Alquimista cumple 20 a\u00f1os y ser\u00e1 llevada al cine"},"content":{"rendered":"<p><body><\/p>\n<p align=\"justify\"><span class=\"titulogrande1\">El Alquimista cumple 20 a\u00f1os y ser\u00e1 llevada al cine<\/span><br \/> &#13;<br \/>\n  <br \/>&#13;<br \/>\n  <span class=\"text1noticias\">La cinta basada en el libro de Paulo Coehlo ser\u00e1 dirigida  por el actor Laurence Fishbourne. <br \/>&#13;<br \/>\n  <br \/>&#13;<br \/>\nOrbe <\/span><\/p>\n<p>&#13;<\/p>\n<p align=\"justify\" class=\"text1noticias\">A dos d\u00e9cadas de la publicaci\u00f3n original del libro que  signific\u00f3 la consagraci\u00f3n del escritor brasile\u00f1o Paulo Coelho, el best seller  ser\u00e1 adaptado a la gran pantalla por la productora The Weinstein Company, y  ser\u00e1 grabada dentro de un a\u00f1o con un presupuesto estimado en m\u00e1s de 60 millones  de d\u00f3lares.<br \/>&#13;<br \/>\n  <br \/>&#13;<br \/>\n  La pel\u00edcula ser\u00e1 dirigida por el actor Laurence Fishbourne,  quien adem\u00e1s interpretar\u00e1 a un pastor que gu\u00eda sus ovejas a lo largo del  camino. \u00abEstoy feliz de que mi libro se transforme en pel\u00edcula, de la  manera que yo lo hab\u00eda deseado y espero que el esp\u00edritu y la sencillez de mi  trabajo sean preservados\u00bb, se\u00f1al\u00f3 Paulo Coelho.<br \/>&#13;<br \/>\n  <br \/>&#13;<br \/>\n  Por su parte, Fishbourne agreg\u00f3 que el acuerdo para adaptar  la novela del escritor brasile\u00f1o es para \u00e9l \u00abun sue\u00f1o que se vuelve  realidad\u00bb. \u00abEstoy ansioso en dirigir esta pel\u00edcula, actuar en ella y  colaborar con Harvey Weinstein para una bell\u00edsima producci\u00f3n que har\u00e1 justicia  a este enorme \u00e9xito que tiene el libro de Paulo\u00bb, consign\u00f3 Telam.<br \/>&#13;<br \/>\n  <br \/>&#13;<br \/>\n  El libro cuenta la historia de Santiago, un pastor espa\u00f1ol  que sue\u00f1a encontrar un tesoro en las pir\u00e1mides. <br \/>&#13;<br \/>\n  <br \/>&#13;<br \/>\n  El se embarca en este viaje, se  enamora y aprende lecciones de la vida a lo largo del camino. <br \/>&#13;<br \/>\n  <br \/>&#13;<br \/>\n  Reconocido  productor ejecutivo, Weinstein dijo que se alejar\u00e1 por un tiempo de la gesti\u00f3n  de su empresa para personalmente producir \u00abEl Alquimista\u00bb.<br \/>&#13;<br \/>\n  <br \/>&#13;<br \/>\n\u00abEl libro es sencillo y espirituoso, y la adaptaci\u00f3n al  cine lo reflejar\u00e1\u00bb, a\u00f1adi\u00f3 el productor en el festival de cine de Cannes.  El nombre Weinstein ya estado unido a pel\u00edculas ganadoras de premios como  \u00abEl paciente Ingl\u00e9s\u00bb, \u00abGood Will Hunting\u00bb y  \u00abChicago\u00bb.<\/p>\n<p>&#13;<\/p>\n<h6> 2008-05-23 17:45:18 <\/h6>\n<p><!--\n<link rel=\"stylesheet\" href=\"css\/bootstrap.min.css\">\n\n\n<ul class=\"pagination\">\n\t    \n\t\n\n<li >\n\t<a href='?page_no=22647'>Previous<\/a>\n\t<\/li>\n\n\n       \n    \n\n<li><a href='?page_no=1'>1<\/a><\/li>\n\n\n\n<li><a href='?page_no=2'>2<\/a><\/li>\n\n\n\n<li><a>...<\/a><\/li>\n\n\n\n<li><a href='?page_no=22646'>22646<\/a><\/li>\n\n\n\n<li><a href='?page_no=22647'>22647<\/a><\/li>\n\n\n\n<li class='active'><a>22648<\/a><\/li>\n\n\n\n<li><a href='?page_no=22649'>22649<\/a><\/li>\n\n\n\n<li><a href='?page_no=22650'>22650<\/a><\/li>\n\n\n\n<li><a>...<\/a><\/li>\n\n\n\n<li><a href='?page_no=22911'>22911<\/a><\/li>\n\n\n\n<li><a href='?page_no=22912'>22912<\/a><\/li>\n\n    \n\t\n\n<li >\n\t<a href='?page_no=22649'>Next<\/a>\n\t<\/li>\n\n\n    \n\n<li><a href='?page_no=22912'>Last &rsaquo;&rsaquo;<\/a><\/li>\n\n<\/ul>\n\n\n--><br \/>\n<\/body><\/p>\n","protected":false},"excerpt":{"rendered":"<p>El Alquimista cumple 20 a\u00f1os y ser\u00e1 llevada al cine &#13; &#13; La cinta basada en el libro de Paulo Coehlo ser\u00e1 dirigida por el actor Laurence Fishbourne. &#13; &#13; Orbe &#13; A dos d\u00e9cadas de la publicaci\u00f3n original del libro que signific\u00f3 la consagraci\u00f3n del escritor brasile\u00f1o Paulo Coelho, el best seller ser\u00e1 adaptado [&hellip;]<\/p>\n","protected":false},"author":3,"featured_media":0,"comment_status":"open","ping_status":"open","sticky":false,"template":"","format":"standard","meta":{"footnotes":""},"categories":[21],"tags":[],"class_list":["post-70970","post","type-post","status-publish","format-standard","hentry","category-cultura"],"_links":{"self":[{"href":"https:\/\/diariodominicano.com\/index.php?rest_route=\/wp\/v2\/posts\/70970","targetHints":{"allow":["GET"]}}],"collection":[{"href":"https:\/\/diariodominicano.com\/index.php?rest_route=\/wp\/v2\/posts"}],"about":[{"href":"https:\/\/diariodominicano.com\/index.php?rest_route=\/wp\/v2\/types\/post"}],"author":[{"embeddable":true,"href":"https:\/\/diariodominicano.com\/index.php?rest_route=\/wp\/v2\/users\/3"}],"replies":[{"embeddable":true,"href":"https:\/\/diariodominicano.com\/index.php?rest_route=%2Fwp%2Fv2%2Fcomments&post=70970"}],"version-history":[{"count":0,"href":"https:\/\/diariodominicano.com\/index.php?rest_route=\/wp\/v2\/posts\/70970\/revisions"}],"wp:attachment":[{"href":"https:\/\/diariodominicano.com\/index.php?rest_route=%2Fwp%2Fv2%2Fmedia&parent=70970"}],"wp:term":[{"taxonomy":"category","embeddable":true,"href":"https:\/\/diariodominicano.com\/index.php?rest_route=%2Fwp%2Fv2%2Fcategories&post=70970"},{"taxonomy":"post_tag","embeddable":true,"href":"https:\/\/diariodominicano.com\/index.php?rest_route=%2Fwp%2Fv2%2Ftags&post=70970"}],"curies":[{"name":"wp","href":"https:\/\/api.w.org\/{rel}","templated":true}]}}