{"id":70969,"date":"2008-05-23T17:48:23","date_gmt":"2008-05-23T17:48:23","guid":{"rendered":"http:\/\/diariodominicano.ddns.net\/?p=70969"},"modified":"2008-05-23T17:48:23","modified_gmt":"2008-05-23T17:48:23","slug":"homenaje-a-los-60-anos-de-el-tunel-de-sabato-sera-con-lectura-ininterrumpida-de-la-obra","status":"publish","type":"post","link":"https:\/\/diariodominicano.com\/?p=70969","title":{"rendered":"Homenaje a los 60 a\u00f1os de El T\u00fanel de S\u00e1bato ser\u00e1 con lectura ininterrumpida de la obra"},"content":{"rendered":"<p><body><\/p>\n<p align=\"justify\"><span class=\"titulogrande1\">Homenaje a los 60 a\u00f1os de El T\u00fanel de S\u00e1bato ser\u00e1 con  lectura ininterrumpida de la obra <\/span><br \/>&#13;<br \/>\n  <br \/>&#13;<br \/>\n    <span class=\"text1noticias\">Hoy la Casa de Am\u00e9rica de Madrid celebrar\u00e1 la fecha  conmemorativa sobre un libro clave\u00a0en la literatura argentina. <br \/>&#13;<br \/>\n    <br \/>&#13;<br \/>\n    Cuando se cumplen 60 a\u00f1os de la primera edici\u00f3n de El T\u00fanel,  la novela del argentino Ernesto S\u00e1bato que marc\u00f3 a varias generaciones de su  pa\u00eds, la Casa de Am\u00e9rica de Madrid lo homenajea hoy con una lectura  ininterrumpida de la obra.<br \/>&#13;<br \/>\n    <br \/>&#13;<br \/>\n    El acto tendr\u00e1 lugar entre las 19 y las 24 horas (local) y  ya han confirmado su presencia personalidades como la secretaria de Estado para  Iberoam\u00e9rica, Trinidad Jim\u00e9nez, el escritor Jos\u00e9 Luis Sampedro, el editor Mario  Muchnik y los cineastas Sergio Cabrera y Montxo Armend\u00e1riz.<br \/>&#13;<br \/>\n    <br \/>&#13;<br \/>\n    El T\u00fanel, traducida a diez idiomas, fue publicada en 1948 en  la revista Sur, despu\u00e9s de que fuera rechazada por varias editoriales. Se trata  de una novela psicol\u00f3gica enmarcada en el existencialismo, relatada en primera  persona. En 1961 le sigui\u00f3 una novela m\u00e1s extensa llamada Sobre H\u00e9roes y  Tumbas.<br \/>&#13;<br \/>\n    <br \/>&#13;<br \/>\nS\u00e1bato presidi\u00f3 entre 1983 y 1984 la Comisi\u00f3n Nacional sobre  la Desaparici\u00f3n de Personas (CONADEP), cuya investigaci\u00f3n, plasmada en el libro  Nunca M\u00e1s, permiti\u00f3 la apertura de los juicios a las juntas militares de la  dictadura (1976-1983).<\/span><br \/>&#13;<br \/>\n<br \/>&#13;<br \/>\n<span class=\"text1noticias\">Fuente: La Tercera de Chile <\/span><\/p>\n<p>&#13;<\/p>\n<h6> 2008-05-23 17:48:23 <\/h6>\n<p><!--\n<link rel=\"stylesheet\" href=\"css\/bootstrap.min.css\">\n\n\n<ul class=\"pagination\">\n\t    \n\t\n\n<li >\n\t<a href='?page_no=22646'>Previous<\/a>\n\t<\/li>\n\n\n       \n    \n\n<li><a href='?page_no=1'>1<\/a><\/li>\n\n\n\n<li><a href='?page_no=2'>2<\/a><\/li>\n\n\n\n<li><a>...<\/a><\/li>\n\n\n\n<li><a href='?page_no=22645'>22645<\/a><\/li>\n\n\n\n<li><a href='?page_no=22646'>22646<\/a><\/li>\n\n\n\n<li class='active'><a>22647<\/a><\/li>\n\n\n\n<li><a href='?page_no=22648'>22648<\/a><\/li>\n\n\n\n<li><a href='?page_no=22649'>22649<\/a><\/li>\n\n\n\n<li><a>...<\/a><\/li>\n\n\n\n<li><a href='?page_no=22911'>22911<\/a><\/li>\n\n\n\n<li><a href='?page_no=22912'>22912<\/a><\/li>\n\n    \n\t\n\n<li >\n\t<a href='?page_no=22648'>Next<\/a>\n\t<\/li>\n\n\n    \n\n<li><a href='?page_no=22912'>Last &rsaquo;&rsaquo;<\/a><\/li>\n\n<\/ul>\n\n\n--><br \/>\n<\/body><\/p>\n","protected":false},"excerpt":{"rendered":"<p>Homenaje a los 60 a\u00f1os de El T\u00fanel de S\u00e1bato ser\u00e1 con lectura ininterrumpida de la obra &#13; &#13; Hoy la Casa de Am\u00e9rica de Madrid celebrar\u00e1 la fecha conmemorativa sobre un libro clave\u00a0en la literatura argentina. &#13; &#13; Cuando se cumplen 60 a\u00f1os de la primera edici\u00f3n de El T\u00fanel, la novela del argentino [&hellip;]<\/p>\n","protected":false},"author":3,"featured_media":0,"comment_status":"open","ping_status":"open","sticky":false,"template":"","format":"standard","meta":{"footnotes":""},"categories":[21],"tags":[],"class_list":["post-70969","post","type-post","status-publish","format-standard","hentry","category-cultura"],"_links":{"self":[{"href":"https:\/\/diariodominicano.com\/index.php?rest_route=\/wp\/v2\/posts\/70969","targetHints":{"allow":["GET"]}}],"collection":[{"href":"https:\/\/diariodominicano.com\/index.php?rest_route=\/wp\/v2\/posts"}],"about":[{"href":"https:\/\/diariodominicano.com\/index.php?rest_route=\/wp\/v2\/types\/post"}],"author":[{"embeddable":true,"href":"https:\/\/diariodominicano.com\/index.php?rest_route=\/wp\/v2\/users\/3"}],"replies":[{"embeddable":true,"href":"https:\/\/diariodominicano.com\/index.php?rest_route=%2Fwp%2Fv2%2Fcomments&post=70969"}],"version-history":[{"count":0,"href":"https:\/\/diariodominicano.com\/index.php?rest_route=\/wp\/v2\/posts\/70969\/revisions"}],"wp:attachment":[{"href":"https:\/\/diariodominicano.com\/index.php?rest_route=%2Fwp%2Fv2%2Fmedia&parent=70969"}],"wp:term":[{"taxonomy":"category","embeddable":true,"href":"https:\/\/diariodominicano.com\/index.php?rest_route=%2Fwp%2Fv2%2Fcategories&post=70969"},{"taxonomy":"post_tag","embeddable":true,"href":"https:\/\/diariodominicano.com\/index.php?rest_route=%2Fwp%2Fv2%2Ftags&post=70969"}],"curies":[{"name":"wp","href":"https:\/\/api.w.org\/{rel}","templated":true}]}}