{"id":70968,"date":"2008-05-23T20:16:16","date_gmt":"2008-05-23T20:16:16","guid":{"rendered":"http:\/\/diariodominicano.ddns.net\/?p=70968"},"modified":"2008-05-23T20:16:16","modified_gmt":"2008-05-23T20:16:16","slug":"editorial-de-eeuu-publicara-novela-de-joven-dominicano","status":"publish","type":"post","link":"https:\/\/diariodominicano.com\/?p=70968","title":{"rendered":"Editorial de EEUU publicar\u00e1 novela de joven dominicano"},"content":{"rendered":"<p><body><\/p>\n<p align=\"justify\"><span class=\"titulogrande1\">Editorial de EEUU publicar\u00e1 novela  de joven dominicano<\/span><br \/>&#13;<br \/>\n    <br \/>&#13;<br \/>\n    <span class=\"text1noticias\"><strong><img loading=\"lazy\" decoding=\"async\" src=\"http:\/\/localhost:8080\/img\/escritor.jpg\" width=\"375\" height=\"659\" hspace=\"4\" align=\"left\" \/>MIAMI. \u2013<\/strong> Un joven de 22 a\u00f1os figura entre los autores dominicanos a los que el  sello estadounidense Isla Books Publishing apuesta este a\u00f1o, luego del  lanzamiento de una edici\u00f3n internacional de la antolog\u00eda \u201cCuentos fant\u00e1sticos  de Juan Bosch\u201d, con selecci\u00f3n y pr\u00f3logo de Jos\u00e9 Carvajal.<\/span><\/p>\n<p>&#13;<\/p>\n<p align=\"justify\" class=\"text1noticias\">Nacido en La Vega en 1986, Rafael  Rodr\u00edguez Hern\u00e1ndez aparecer\u00e1 en el cat\u00e1logo de Isla Books Publishing con la  novela corta \u201cLa cruz de nadie\u201d y una serie de cuentos que conforman el libro  cuyo lanzamiento est\u00e1 programado para finales de julio.<br \/>&#13;<br \/>\n    <br \/>&#13;<br \/>\n  Para el escritor y periodista Jos\u00e9 Carvajal, se trata de \u201cun autor prodigio de  una nov\u00edsima literatura dominicana\u201d.<\/p>\n<p>&#13;<\/p>\n<div align=\"justify\" class=\"text1noticias\">Asimismo, Carvajal sostiene  que \u201del discurso narrativo de <em>La cruz de nadie, <\/em>y de los cuentos  que dan cuerpo a este libro, hace pensar en lo mejor de la imaginaci\u00f3n de  maestros latinoamericanos como Juan Bosch, Juan Rulfo y Gabriel Garc\u00eda M\u00e1rquez\u201d<br \/>&#13;<br \/>\n    <br \/>&#13;<br \/>\n    Los editores observan adem\u00e1s que \u201cla manera intrigante y la forma  como Rafael Rodr\u00edguez Hern\u00e1ndez describe  la catedral que aparece en esta novela corta, las calles de La Vega que  conducen todas a un r\u00edo, el camino hacia donde se halla La Cruz de Nadie, hace  de este libro una obra excepcional\u201d.<br \/>&#13;<br \/>\n    <br \/>&#13;<br \/>\n  Isla Books Publishing es una editorial con sede principal en Miami. Entre sus  planes de publicaci\u00f3n tambi\u00e9n figura un libro del periodista de televisi\u00f3n  Ricardo Brown y el lanzamiento de otras obras bajo el sello subsidiario Las  Uvas Editores.<br \/>&#13;\n<\/div>\n<p>&#13;<\/p>\n<h6> 2008-05-23 20:16:16 <\/h6>\n<p><!--\n<link rel=\"stylesheet\" href=\"css\/bootstrap.min.css\">\n\n\n<ul class=\"pagination\">\n\t    \n\t\n\n<li >\n\t<a href='?page_no=22645'>Previous<\/a>\n\t<\/li>\n\n\n       \n    \n\n<li><a href='?page_no=1'>1<\/a><\/li>\n\n\n\n<li><a href='?page_no=2'>2<\/a><\/li>\n\n\n\n<li><a>...<\/a><\/li>\n\n\n\n<li><a href='?page_no=22644'>22644<\/a><\/li>\n\n\n\n<li><a href='?page_no=22645'>22645<\/a><\/li>\n\n\n\n<li class='active'><a>22646<\/a><\/li>\n\n\n\n<li><a href='?page_no=22647'>22647<\/a><\/li>\n\n\n\n<li><a href='?page_no=22648'>22648<\/a><\/li>\n\n\n\n<li><a>...<\/a><\/li>\n\n\n\n<li><a href='?page_no=22911'>22911<\/a><\/li>\n\n\n\n<li><a href='?page_no=22912'>22912<\/a><\/li>\n\n    \n\t\n\n<li >\n\t<a href='?page_no=22647'>Next<\/a>\n\t<\/li>\n\n\n    \n\n<li><a href='?page_no=22912'>Last &rsaquo;&rsaquo;<\/a><\/li>\n\n<\/ul>\n\n\n--><br \/>\n<\/body><\/p>\n","protected":false},"excerpt":{"rendered":"<p>Editorial de EEUU publicar\u00e1 novela de joven dominicano&#13; &#13; MIAMI. \u2013 Un joven de 22 a\u00f1os figura entre los autores dominicanos a los que el sello estadounidense Isla Books Publishing apuesta este a\u00f1o, luego del lanzamiento de una edici\u00f3n internacional de la antolog\u00eda \u201cCuentos fant\u00e1sticos de Juan Bosch\u201d, con selecci\u00f3n y pr\u00f3logo de Jos\u00e9 Carvajal. [&hellip;]<\/p>\n","protected":false},"author":3,"featured_media":0,"comment_status":"open","ping_status":"open","sticky":false,"template":"","format":"standard","meta":{"footnotes":""},"categories":[21],"tags":[],"class_list":["post-70968","post","type-post","status-publish","format-standard","hentry","category-cultura"],"_links":{"self":[{"href":"https:\/\/diariodominicano.com\/index.php?rest_route=\/wp\/v2\/posts\/70968","targetHints":{"allow":["GET"]}}],"collection":[{"href":"https:\/\/diariodominicano.com\/index.php?rest_route=\/wp\/v2\/posts"}],"about":[{"href":"https:\/\/diariodominicano.com\/index.php?rest_route=\/wp\/v2\/types\/post"}],"author":[{"embeddable":true,"href":"https:\/\/diariodominicano.com\/index.php?rest_route=\/wp\/v2\/users\/3"}],"replies":[{"embeddable":true,"href":"https:\/\/diariodominicano.com\/index.php?rest_route=%2Fwp%2Fv2%2Fcomments&post=70968"}],"version-history":[{"count":0,"href":"https:\/\/diariodominicano.com\/index.php?rest_route=\/wp\/v2\/posts\/70968\/revisions"}],"wp:attachment":[{"href":"https:\/\/diariodominicano.com\/index.php?rest_route=%2Fwp%2Fv2%2Fmedia&parent=70968"}],"wp:term":[{"taxonomy":"category","embeddable":true,"href":"https:\/\/diariodominicano.com\/index.php?rest_route=%2Fwp%2Fv2%2Fcategories&post=70968"},{"taxonomy":"post_tag","embeddable":true,"href":"https:\/\/diariodominicano.com\/index.php?rest_route=%2Fwp%2Fv2%2Ftags&post=70968"}],"curies":[{"name":"wp","href":"https:\/\/api.w.org\/{rel}","templated":true}]}}