{"id":70967,"date":"2008-05-23T20:24:21","date_gmt":"2008-05-23T20:24:21","guid":{"rendered":"http:\/\/diariodominicano.ddns.net\/?p=70967"},"modified":"2008-05-23T20:24:21","modified_gmt":"2008-05-23T20:24:21","slug":"funglode-celebra-exposicion-sonando-el-mundo-de-la-artista-ana-duran","status":"publish","type":"post","link":"https:\/\/diariodominicano.com\/?p=70967","title":{"rendered":"FUNGLODE celebra exposici\u00f3n \u00abSo\u00f1ando el mundo\u00bb de la artista Ana Dur\u00e1n"},"content":{"rendered":"<p><body><\/p>\n<p align=\"justify\" class=\"titulogrande1\"><strong>FUNGLODE  celebra exposici\u00f3n \u00abSo\u00f1ando el mundo\u00bb <\/strong> <strong>de la  artista Ana Dur\u00e1n<\/strong><\/p>\n<p>&#13;<\/p>\n<p align=\"justify\" class=\"text1noticias\"><strong><em>La muestra ser\u00e1  inaugurada este martes 27 de mayo en la Galer\u00eda de Arte en la sede de FUNGLODE<\/em><\/strong><\/p>\n<p>&#13;<\/p>\n<p align=\"justify\" class=\"text1noticias\"><strong>(Santo Domingo, 23 de mayo de 2008)<\/strong> La Fundaci\u00f3n Global Democracia  y Desarrollo (FUNGLODE) a trav\u00e9s de su Centro de Estudios de la Cultura celebra  este martes 27 la exposici\u00f3n titulada \u00abSo\u00f1ando el mundo\u00bb.<\/p>\n<p>&#13;<\/p>\n<p align=\"justify\" class=\"text1noticias\">La capitale\u00f1a Ana Dur\u00e1n, autora  de la muestra, es egresada de la Universidad Nacional Pedro Henr\u00edquez Ure\u00f1a  (UNPHU) donde complet\u00f3 los estudios de Artes Pl\u00e1sticas en 1998; posteriormente,  en 2001, obtuvo tambi\u00e9n el diploma de Dise\u00f1or Gr\u00e1fico en el mismo centro de  estudios.<\/p>\n<p>&#13;<\/p>\n<p align=\"justify\" class=\"text1noticias\">La obras de Dur\u00e1n se mostrar\u00e1n a  partir de las 7 de la tarde en la Galer\u00eda de Arte de FUNGLODE, ubicada en la  calle Capit\u00e1n Eugenio de Marchena 26, La Esperilla.<\/p>\n<p>&#13;<\/p>\n<p align=\"justify\" class=\"text1noticias\"><strong>Exposiciones<\/strong><\/p>\n<p>&#13;<\/p>\n<p align=\"justify\" class=\"text1noticias\"><strong>COLECTIVAS:<\/strong><br \/>&#13;<br \/>\n  <br \/>&#13;<br \/>\n  (1998) Santo Domingo Rep\u00fablica Dominicana, Ciudad colonial. <br \/>&#13;<br \/>\n  <br \/>&#13;<br \/>\n(1999) Santo Domingo Rep\u00fablica Dominicana, en la Universidad  Nacional Pedro Henr\u00edquez Ure\u00f1a.<\/p>\n<p>&#13;<\/p>\n<p align=\"justify\" class=\"text1noticias\">(2004) Miami, Pasanault Art.<br \/>&#13;<br \/>\n  <br \/>&#13;<br \/>\n  (2005) Miami, Hotel Hayat.<\/p>\n<p>&#13;<\/p>\n<p align=\"justify\" class=\"text1noticias\"><strong>INDIVIDUALES:<\/strong><br \/>&#13;<br \/>\n  <br \/>&#13;<br \/>\n  (2000) Santo Domingo Rep\u00fablica Dominicana, Beatriz\u00a0 Art\u00a0  gallery, Zona Oriental.<\/p>\n<p>&#13;<\/p>\n<p align=\"justify\" class=\"text1noticias\">(2002) Santo Domingo Rep\u00fablica Dominicana Zona Oriental,  Iglesia Tabern\u00e1culo de Adoraci\u00f3n. <\/p>\n<p>&#13;<\/p>\n<p align=\"justify\" class=\"text1noticias\">(2005)\u00a0 Miami, Tip  Freeman&#8217;s Paintings and Art gallery.<br \/>&#13;<br \/>\n  <br \/>&#13;<br \/>\n  (2007) Santo Domingo Rep\u00fablica Dominicana, Museo de las  Casas Reales.<\/p>\n<p>&#13;<\/p>\n<p align=\"justify\" class=\"text1noticias\">(2008) Miami, fiesta de la independencia dominicana.<br \/>&#13;<br \/>\n  <br \/>&#13;<br \/>\n  (2008) Miami, calle8<br \/>&#13;<br \/>\n\u00a0\u00a0\u00a0\u00a0\u00a0\u00a0\u00a0\u00a0\u00a0\u00a0\u00a0 \u00a0\u00a0 <br \/>&#13;<br \/>\n(2008) fundaci\u00f3n global y democr\u00e1tica.<\/p>\n<p>&#13;<\/p>\n<h6> 2008-05-23 20:24:21 <\/h6>\n<p><!--\n<link rel=\"stylesheet\" href=\"css\/bootstrap.min.css\">\n\n\n<ul class=\"pagination\">\n\t    \n\t\n\n<li >\n\t<a href='?page_no=22644'>Previous<\/a>\n\t<\/li>\n\n\n       \n    \n\n<li><a href='?page_no=1'>1<\/a><\/li>\n\n\n\n<li><a href='?page_no=2'>2<\/a><\/li>\n\n\n\n<li><a>...<\/a><\/li>\n\n\n\n<li><a href='?page_no=22643'>22643<\/a><\/li>\n\n\n\n<li><a href='?page_no=22644'>22644<\/a><\/li>\n\n\n\n<li class='active'><a>22645<\/a><\/li>\n\n\n\n<li><a href='?page_no=22646'>22646<\/a><\/li>\n\n\n\n<li><a href='?page_no=22647'>22647<\/a><\/li>\n\n\n\n<li><a>...<\/a><\/li>\n\n\n\n<li><a href='?page_no=22911'>22911<\/a><\/li>\n\n\n\n<li><a href='?page_no=22912'>22912<\/a><\/li>\n\n    \n\t\n\n<li >\n\t<a href='?page_no=22646'>Next<\/a>\n\t<\/li>\n\n\n    \n\n<li><a href='?page_no=22912'>Last &rsaquo;&rsaquo;<\/a><\/li>\n\n<\/ul>\n\n\n--><br \/>\n<\/body><\/p>\n","protected":false},"excerpt":{"rendered":"<p>FUNGLODE celebra exposici\u00f3n \u00abSo\u00f1ando el mundo\u00bb de la artista Ana Dur\u00e1n &#13; La muestra ser\u00e1 inaugurada este martes 27 de mayo en la Galer\u00eda de Arte en la sede de FUNGLODE &#13; (Santo Domingo, 23 de mayo de 2008) La Fundaci\u00f3n Global Democracia y Desarrollo (FUNGLODE) a trav\u00e9s de su Centro de Estudios de la [&hellip;]<\/p>\n","protected":false},"author":3,"featured_media":0,"comment_status":"open","ping_status":"open","sticky":false,"template":"","format":"standard","meta":{"footnotes":""},"categories":[21],"tags":[],"class_list":["post-70967","post","type-post","status-publish","format-standard","hentry","category-cultura"],"_links":{"self":[{"href":"https:\/\/diariodominicano.com\/index.php?rest_route=\/wp\/v2\/posts\/70967","targetHints":{"allow":["GET"]}}],"collection":[{"href":"https:\/\/diariodominicano.com\/index.php?rest_route=\/wp\/v2\/posts"}],"about":[{"href":"https:\/\/diariodominicano.com\/index.php?rest_route=\/wp\/v2\/types\/post"}],"author":[{"embeddable":true,"href":"https:\/\/diariodominicano.com\/index.php?rest_route=\/wp\/v2\/users\/3"}],"replies":[{"embeddable":true,"href":"https:\/\/diariodominicano.com\/index.php?rest_route=%2Fwp%2Fv2%2Fcomments&post=70967"}],"version-history":[{"count":0,"href":"https:\/\/diariodominicano.com\/index.php?rest_route=\/wp\/v2\/posts\/70967\/revisions"}],"wp:attachment":[{"href":"https:\/\/diariodominicano.com\/index.php?rest_route=%2Fwp%2Fv2%2Fmedia&parent=70967"}],"wp:term":[{"taxonomy":"category","embeddable":true,"href":"https:\/\/diariodominicano.com\/index.php?rest_route=%2Fwp%2Fv2%2Fcategories&post=70967"},{"taxonomy":"post_tag","embeddable":true,"href":"https:\/\/diariodominicano.com\/index.php?rest_route=%2Fwp%2Fv2%2Ftags&post=70967"}],"curies":[{"name":"wp","href":"https:\/\/api.w.org\/{rel}","templated":true}]}}