{"id":70965,"date":"2008-05-26T01:29:27","date_gmt":"2008-05-26T01:29:27","guid":{"rendered":"http:\/\/diariodominicano.ddns.net\/?p=70965"},"modified":"2008-05-26T01:29:27","modified_gmt":"2008-05-26T01:29:27","slug":"teatro-colon-abrira-sus-puertas-en-2010","status":"publish","type":"post","link":"https:\/\/diariodominicano.com\/?p=70965","title":{"rendered":"Teatro Col\u00f3n abrir\u00e1 sus puertas en 2010"},"content":{"rendered":"<p><body><\/p>\n<p align=\"justify\"><span class=\"titulogrande1\">Teatro Col\u00f3n abrir\u00e1 sus puertas en 2010 <\/span><br \/>&#13;<br \/>\n  <br \/>&#13;<br \/>\n    <span class=\"text1noticias\">La mayor sala l\u00edrica de Am\u00e9rica Latina, que hoy celebra cien  a\u00f1os de existencia, est\u00e1 cerrado por atrasos en las obras de restauraci\u00f3n. <\/span><\/p>\n<p>&#13;<\/p>\n<p align=\"justify\" class=\"text1noticias\"><img loading=\"lazy\" decoding=\"async\" src=\"http:\/\/localhost:8080\/img\/teatro colon.jpg\" width=\"375\" height=\"270\" hspace=\"4\" align=\"left\" \/>El Teatro Col\u00f3n de Buenos Aires, cerrado en 2006 para una  restauraci\u00f3n total, volver\u00e1 a abrir sus puertas al p\u00fablico en 2010, cuando  Argentina celebre el bicentenario de su independencia.<br \/>&#13;<br \/>\n  <br \/>&#13;<br \/>\n\u00abUn teatro cerrado es lo peor que existe\u00bb, dijo  Mart\u00edn Boschet, director ejecutivo del Col\u00f3n en la celebraci\u00f3n del recinto  cultural. \u00abEs un compromiso de gesti\u00f3n&#8230; Reinaugurar el teatro y sus  obras el 25 de mayo de 2010\u00bb.<br \/>&#13;<br \/>\n<br \/>&#13;<br \/>\nHoy se realizan diferentes actos y actividades gratuitas: un  recorrido por el foyer, mientras fotograf\u00edas y obras de arte son exhibidas en  los subsuelos. Pero el plato fuerte ser\u00e1 la funci\u00f3n gratuita de El Barbero de  Sevilla de Rossini, en una versi\u00f3n en castellano adaptada para ni\u00f1os.<br \/>&#13;<br \/>\n<br \/>&#13;<br \/>\nPese a su actual escenario, los empleados del teatro  aseguran que la sala es s\u00f3lo una bella dormida que a\u00fan conserva una gran  vitalidad.<br \/>&#13;<br \/>\n<br \/>&#13;<br \/>\n\u00abMe parece bien que hagan todas las actividades que han  programado a todo nivel para que se vea&#8230; que el teatro est\u00e1 vivo aunque el  edificio est\u00e9 dormido\u00bb, coment\u00f3 Margarita Pollini, autora de Palco,  cazuela y para\u00edso: Las historias mas ins\u00f3litas del Teatro Col\u00f3n, una colecci\u00f3n  de an\u00e9cdotas sobre el teatro.<br \/>&#13;<br \/>\n<br \/>&#13;<br \/>\nDesde que el teatro cerr\u00f3 en 2006, sin embargo, un grupo de  pol\u00edticos, ciudadanos y empleados han expresado su preocupaci\u00f3n sobre c\u00f3mo se  est\u00e1 realizando la restauraci\u00f3n y si \u00e9sta podr\u00eda afectar -e incluso alterar- la  afamada ac\u00fastica de la sala principal.<br \/>&#13;<br \/>\n<br \/>&#13;<br \/>\nAunque la mayor\u00eda de los 1.200 m\u00fasicos y bailarines del  Col\u00f3n se han visto forzados a mudarse a otros teatros o salas de ensayo de  Buenos Aires, los empleados el taller de zapater\u00eda, vestuario y pelucas  mantienen el teatro en movimiento.<br \/>&#13;<br \/>\n<br \/>&#13;<br \/>\nLos festejos finalizar\u00e1n con un concierto a cargo de la  soprano Ana Mar\u00eda Gonz\u00e1lez, el tenor Luis Lima y el maestro Enrique Ricci.<br \/>&#13;<br \/>\n<br \/>&#13;<br \/>\n  Fuente: La Tercera de Chile<\/p>\n<p>&#13;<\/p>\n<h6> 2008-05-26 01:29:27 <\/h6>\n<p><!--\n<link rel=\"stylesheet\" href=\"css\/bootstrap.min.css\">\n\n\n<ul class=\"pagination\">\n\t    \n\t\n\n<li >\n\t<a href='?page_no=22642'>Previous<\/a>\n\t<\/li>\n\n\n       \n    \n\n<li><a href='?page_no=1'>1<\/a><\/li>\n\n\n\n<li><a href='?page_no=2'>2<\/a><\/li>\n\n\n\n<li><a>...<\/a><\/li>\n\n\n\n<li><a href='?page_no=22641'>22641<\/a><\/li>\n\n\n\n<li><a href='?page_no=22642'>22642<\/a><\/li>\n\n\n\n<li class='active'><a>22643<\/a><\/li>\n\n\n\n<li><a href='?page_no=22644'>22644<\/a><\/li>\n\n\n\n<li><a href='?page_no=22645'>22645<\/a><\/li>\n\n\n\n<li><a>...<\/a><\/li>\n\n\n\n<li><a href='?page_no=22911'>22911<\/a><\/li>\n\n\n\n<li><a href='?page_no=22912'>22912<\/a><\/li>\n\n    \n\t\n\n<li >\n\t<a href='?page_no=22644'>Next<\/a>\n\t<\/li>\n\n\n    \n\n<li><a href='?page_no=22912'>Last &rsaquo;&rsaquo;<\/a><\/li>\n\n<\/ul>\n\n\n--><br \/>\n<\/body><\/p>\n","protected":false},"excerpt":{"rendered":"<p>Teatro Col\u00f3n abrir\u00e1 sus puertas en 2010 &#13; &#13; La mayor sala l\u00edrica de Am\u00e9rica Latina, que hoy celebra cien a\u00f1os de existencia, est\u00e1 cerrado por atrasos en las obras de restauraci\u00f3n. &#13; El Teatro Col\u00f3n de Buenos Aires, cerrado en 2006 para una restauraci\u00f3n total, volver\u00e1 a abrir sus puertas al p\u00fablico en 2010, [&hellip;]<\/p>\n","protected":false},"author":3,"featured_media":0,"comment_status":"open","ping_status":"open","sticky":false,"template":"","format":"standard","meta":{"footnotes":""},"categories":[21],"tags":[],"class_list":["post-70965","post","type-post","status-publish","format-standard","hentry","category-cultura"],"_links":{"self":[{"href":"https:\/\/diariodominicano.com\/index.php?rest_route=\/wp\/v2\/posts\/70965","targetHints":{"allow":["GET"]}}],"collection":[{"href":"https:\/\/diariodominicano.com\/index.php?rest_route=\/wp\/v2\/posts"}],"about":[{"href":"https:\/\/diariodominicano.com\/index.php?rest_route=\/wp\/v2\/types\/post"}],"author":[{"embeddable":true,"href":"https:\/\/diariodominicano.com\/index.php?rest_route=\/wp\/v2\/users\/3"}],"replies":[{"embeddable":true,"href":"https:\/\/diariodominicano.com\/index.php?rest_route=%2Fwp%2Fv2%2Fcomments&post=70965"}],"version-history":[{"count":0,"href":"https:\/\/diariodominicano.com\/index.php?rest_route=\/wp\/v2\/posts\/70965\/revisions"}],"wp:attachment":[{"href":"https:\/\/diariodominicano.com\/index.php?rest_route=%2Fwp%2Fv2%2Fmedia&parent=70965"}],"wp:term":[{"taxonomy":"category","embeddable":true,"href":"https:\/\/diariodominicano.com\/index.php?rest_route=%2Fwp%2Fv2%2Fcategories&post=70965"},{"taxonomy":"post_tag","embeddable":true,"href":"https:\/\/diariodominicano.com\/index.php?rest_route=%2Fwp%2Fv2%2Ftags&post=70965"}],"curies":[{"name":"wp","href":"https:\/\/api.w.org\/{rel}","templated":true}]}}