{"id":70962,"date":"2008-05-26T18:27:02","date_gmt":"2008-05-26T18:27:02","guid":{"rendered":"http:\/\/diariodominicano.ddns.net\/?p=70962"},"modified":"2008-05-26T18:27:02","modified_gmt":"2008-05-26T18:27:02","slug":"pelicula-chilena-gana-premio-al-mejor-argumento-en-festival-iberoamericano-realizado-en-portugal","status":"publish","type":"post","link":"https:\/\/diariodominicano.com\/?p=70962","title":{"rendered":"Pelicula chilena gana premio al mejor argumento en festival iberoamericano realizado en Portugal"},"content":{"rendered":"<p><body><\/p>\n<p align=\"justify\"><span class=\"titulogrande1\">Pelicula chilena gana premio al mejor argumento en festival  iberoamericano realizado en Portugal <\/span><br \/>&#13;<br \/>\n  <br \/>&#13;<br \/>\n    <span class=\"text1noticias\">La galardonada fue Radio Coraz\u00f3n, mientras que la cinta  Padre Nuestro, del realizador Rodrigo Sep\u00falveda tambi\u00e9n fue distinguida. <br \/>&#13;<br \/>\n    <br \/>&#13;<br \/>\n    EFE <br \/>&#13;<br \/>\n    <br \/>&#13;<br \/>\n    <img loading=\"lazy\" decoding=\"async\" src=\"http:\/\/localhost:8080\/img\/radio corazon.jpg\" width=\"375\" height=\"381\" hspace=\"4\" align=\"left\" \/>La pel\u00edcula chilena Radio Coraz\u00f3n, del chileno Roberto  Artiagoitia (El Rumpy), se llev\u00f3 el premio al mejor argumento, mientras que el  jurado tambi\u00e9n acord\u00f3 otorgar el Gran Premio al filme Padre Nuestro, del  connacional Rodrigo Sep\u00falveda, en el festival Hola Lisboa, de Portugal.<br \/>&#13;<br \/>\n    <br \/>&#13;<br \/>\n    En tanto, la pel\u00edcula brasile\u00f1a Tropa de elite, del  realizador Jos\u00e9 Padilha, fue la ganadora de la segunda edici\u00f3n del festival de  cine iberoamericano Hola Lisboa, que concluy\u00f3 hoy.<br \/>&#13;<br \/>\n    <br \/>&#13;<br \/>\n    El filme de Padilha antes hab\u00eda obtenido el Oso de Oro de la  Berlinale. La pel\u00edcula refleja la violencia de Brasil y m\u00e1s concretamente la  que tiene lugar en R\u00edo de Janeiro.<br \/>&#13;<br \/>\n    <br \/>&#13;<br \/>\n    Tropa de elite se convirti\u00f3 en noticia durante el rodaje,  cuando fueron robadas varias armas que formaban parte de la escenograf\u00eda y se  present\u00f3 el secuestro de algunos miembros del equipo mientras grababan en una  favela de la zona sur de R\u00edo.<br \/>&#13;<br \/>\n    <br \/>&#13;<br \/>\n    Ossanda Liber, directora del festival, dijo que despu\u00e9s de  cinco d\u00edas de proyecciones de ocho largometrajes los miembros del jurado  \u00abdebatieron mucho, pero la decisi\u00f3n fue un\u00e1nime\u00bb.<br \/>&#13;<br \/>\n    <br \/>&#13;<br \/>\n    Las otras pel\u00edculas presentadas en este festival  iberoamericano fueron la brasile\u00f1a \u00abO pai \u00f3\u00bb, de Monique Gardenberg,  y la argentina \u00abXXY\u00bb, de Luc\u00eda Puenzo ganadora del Goya a la Mejor  Pel\u00edcula Extranjera de Habla Hispana.<br \/>&#13;<br \/>\n    <br \/>&#13;<br \/>\n    La lista de las pel\u00edculas presentadas se completa con la  colombiana So\u00f1ar no cuesta nada, de Rodrigo Triana, y la espa\u00f1ola Barcelona, un  mapa, de Ventura Pons.<br \/>&#13;<br \/>\n    <br \/>&#13;<br \/>\nEl festival pretende dar a conocer al p\u00fablico portugu\u00e9s las  mejores creaciones del cine iberoamericano, desde los grandes realizadores a  los j\u00f3venes directores.<\/span><\/p>\n<p>&#13;<\/p>\n<h6> 2008-05-26 18:27:02 <\/h6>\n<p><!--\n<link rel=\"stylesheet\" href=\"css\/bootstrap.min.css\">\n\n\n<ul class=\"pagination\">\n\t    \n\t\n\n<li >\n\t<a href='?page_no=22639'>Previous<\/a>\n\t<\/li>\n\n\n       \n    \n\n<li><a href='?page_no=1'>1<\/a><\/li>\n\n\n\n<li><a href='?page_no=2'>2<\/a><\/li>\n\n\n\n<li><a>...<\/a><\/li>\n\n\n\n<li><a href='?page_no=22638'>22638<\/a><\/li>\n\n\n\n<li><a href='?page_no=22639'>22639<\/a><\/li>\n\n\n\n<li class='active'><a>22640<\/a><\/li>\n\n\n\n<li><a href='?page_no=22641'>22641<\/a><\/li>\n\n\n\n<li><a href='?page_no=22642'>22642<\/a><\/li>\n\n\n\n<li><a>...<\/a><\/li>\n\n\n\n<li><a href='?page_no=22911'>22911<\/a><\/li>\n\n\n\n<li><a href='?page_no=22912'>22912<\/a><\/li>\n\n    \n\t\n\n<li >\n\t<a href='?page_no=22641'>Next<\/a>\n\t<\/li>\n\n\n    \n\n<li><a href='?page_no=22912'>Last &rsaquo;&rsaquo;<\/a><\/li>\n\n<\/ul>\n\n\n--><br \/>\n<\/body><\/p>\n","protected":false},"excerpt":{"rendered":"<p>Pelicula chilena gana premio al mejor argumento en festival iberoamericano realizado en Portugal &#13; &#13; La galardonada fue Radio Coraz\u00f3n, mientras que la cinta Padre Nuestro, del realizador Rodrigo Sep\u00falveda tambi\u00e9n fue distinguida. &#13; &#13; EFE &#13; &#13; La pel\u00edcula chilena Radio Coraz\u00f3n, del chileno Roberto Artiagoitia (El Rumpy), se llev\u00f3 el premio al mejor [&hellip;]<\/p>\n","protected":false},"author":3,"featured_media":0,"comment_status":"open","ping_status":"open","sticky":false,"template":"","format":"standard","meta":{"footnotes":""},"categories":[21],"tags":[],"class_list":["post-70962","post","type-post","status-publish","format-standard","hentry","category-cultura"],"_links":{"self":[{"href":"https:\/\/diariodominicano.com\/index.php?rest_route=\/wp\/v2\/posts\/70962","targetHints":{"allow":["GET"]}}],"collection":[{"href":"https:\/\/diariodominicano.com\/index.php?rest_route=\/wp\/v2\/posts"}],"about":[{"href":"https:\/\/diariodominicano.com\/index.php?rest_route=\/wp\/v2\/types\/post"}],"author":[{"embeddable":true,"href":"https:\/\/diariodominicano.com\/index.php?rest_route=\/wp\/v2\/users\/3"}],"replies":[{"embeddable":true,"href":"https:\/\/diariodominicano.com\/index.php?rest_route=%2Fwp%2Fv2%2Fcomments&post=70962"}],"version-history":[{"count":0,"href":"https:\/\/diariodominicano.com\/index.php?rest_route=\/wp\/v2\/posts\/70962\/revisions"}],"wp:attachment":[{"href":"https:\/\/diariodominicano.com\/index.php?rest_route=%2Fwp%2Fv2%2Fmedia&parent=70962"}],"wp:term":[{"taxonomy":"category","embeddable":true,"href":"https:\/\/diariodominicano.com\/index.php?rest_route=%2Fwp%2Fv2%2Fcategories&post=70962"},{"taxonomy":"post_tag","embeddable":true,"href":"https:\/\/diariodominicano.com\/index.php?rest_route=%2Fwp%2Fv2%2Ftags&post=70962"}],"curies":[{"name":"wp","href":"https:\/\/api.w.org\/{rel}","templated":true}]}}