{"id":70959,"date":"2008-05-26T18:34:09","date_gmt":"2008-05-26T18:34:09","guid":{"rendered":"http:\/\/diariodominicano.ddns.net\/?p=70959"},"modified":"2008-05-26T18:34:09","modified_gmt":"2008-05-26T18:34:09","slug":"la-fiesta-del-chivo-por-primera-vez-estara-en-la-television","status":"publish","type":"post","link":"https:\/\/diariodominicano.com\/?p=70959","title":{"rendered":"La Fiesta del Chivo por primera vez estar\u00e1 en la televisi\u00f3n"},"content":{"rendered":"<p><body><\/p>\n<p class=\"titulogrande1\"><strong>La Fiesta del Chivo por primera vez estar\u00e1 en la televisi\u00f3n <\/strong><\/p>\n<p>&#13;<\/p>\n<p align=\"justify\" class=\"text1noticias\">La pel\u00edcula basada en la novela del escritor peruano Mario Vargas  Llosa ser\u00e1 trasmitida por Teleantillas canal dos, los d\u00edas\u00a0 jueves y viernes pr\u00f3ximos<br \/>&#13;<br \/>\n\u00a0\u00a0 <br \/>&#13;<br \/>\n<strong>SANTO DOMINGO.-<\/strong> Comprometido  con su deber de informar y formar al p\u00fablico dominicano, Tele Antillas canal  dos trasmitir\u00e1 el jueves y viernes pr\u00f3ximos \u201cLa Fiesta del Chivo\u201d, la pel\u00edcula  basada en la novela del escritor peruano, Mario Vargas Llosa, sobre el fin de  la dictadura de Rafael Le\u00f3nidas Trujillo Molina, inform\u00f3 este lunes la planta  televisora. <\/p>\n<p>&#13;<\/p>\n<p align=\"justify\" class=\"text1noticias\">El medio de  comunicaci\u00f3n audio visual indic\u00f3 que \u201cesta pel\u00edcula, que por primera vez, ser\u00e1  transmitida por televisi\u00f3n, no s\u00f3lo recrea el asesinato de Trujillo, sino que tambi\u00e9n  muestra los tr\u00e1umas y v\u00edcios de la sociedad dominicana durante la dictadura\u201d.<\/p>\n<p>&#13;<\/p>\n<p align=\"justify\" class=\"text1noticias\">Resalt\u00f3 que la historia mezcla  realidad con ficci\u00f3n, presentando algunos personajes con nombres falsos (o supuestos), pero tambi\u00e9n de h\u00e9roes  verdaderos y personajes hist\u00f3ricos como Antonio de La Maza y Amado Garc\u00eda, entre  otros. <\/p>\n<p>&#13;<\/p>\n<p align=\"justify\" class=\"text1noticias\">\u201cAunque  Urania Cabral, no es un personaje hist\u00f3rico, es un s\u00edmbolo de lo que viv\u00edan las  mujeres dominicanas, si resultaban ser del agrado de \u201cEl Jefe\u201d, apodo que  tambi\u00e9n ten\u00eda el ex dictador\u201d, precis\u00f3 en un despacho de prensa el canal de  televisi\u00f3n.<\/p>\n<p>&#13;<\/p>\n<p align=\"justify\" class=\"text1noticias\">Detall\u00f3 que \u201cest\u00e1  pel\u00edcula considerada tambi\u00e9n un testimonial, traslada al espectador a la \u00e9poca  m\u00e1s dura de la Rep\u00fablica Dominicana  entre los a\u00f1os 1930 y 1961, en la cual no existi\u00f3 el m\u00e1s m\u00ednimo respeto por la  vida humana; la \u00fanica persona que ten\u00eda la tranquilidad asegurada era el propio  Trujillo y m\u00e1s de 30 mil personas perdieron la vida, mientras que otros tantos  se exiliaron para no sufrir la misma suerte\u201d.<br \/>&#13;<br \/>\n  <br \/>&#13;<br \/>\n  En el documento Tele Antillas hace una invitaci\u00f3n a los televidentes  para que \u201cno te pierdas esta nueva producci\u00f3n por Tele Antillas \u00a1TV como eres  t\u00fa!\u201d. <\/p>\n<p>&#13;<\/p>\n<h6> 2008-05-26 18:34:09 <\/h6>\n<p><!--\n<link rel=\"stylesheet\" href=\"css\/bootstrap.min.css\">\n\n\n<ul class=\"pagination\">\n\t    \n\t\n\n<li >\n\t<a href='?page_no=22636'>Previous<\/a>\n\t<\/li>\n\n\n       \n    \n\n<li><a href='?page_no=1'>1<\/a><\/li>\n\n\n\n<li><a href='?page_no=2'>2<\/a><\/li>\n\n\n\n<li><a>...<\/a><\/li>\n\n\n\n<li><a href='?page_no=22635'>22635<\/a><\/li>\n\n\n\n<li><a href='?page_no=22636'>22636<\/a><\/li>\n\n\n\n<li class='active'><a>22637<\/a><\/li>\n\n\n\n<li><a href='?page_no=22638'>22638<\/a><\/li>\n\n\n\n<li><a href='?page_no=22639'>22639<\/a><\/li>\n\n\n\n<li><a>...<\/a><\/li>\n\n\n\n<li><a href='?page_no=22911'>22911<\/a><\/li>\n\n\n\n<li><a href='?page_no=22912'>22912<\/a><\/li>\n\n    \n\t\n\n<li >\n\t<a href='?page_no=22638'>Next<\/a>\n\t<\/li>\n\n\n    \n\n<li><a href='?page_no=22912'>Last &rsaquo;&rsaquo;<\/a><\/li>\n\n<\/ul>\n\n\n--><br \/>\n<\/body><\/p>\n","protected":false},"excerpt":{"rendered":"<p>La Fiesta del Chivo por primera vez estar\u00e1 en la televisi\u00f3n &#13; La pel\u00edcula basada en la novela del escritor peruano Mario Vargas Llosa ser\u00e1 trasmitida por Teleantillas canal dos, los d\u00edas\u00a0 jueves y viernes pr\u00f3ximos&#13; \u00a0\u00a0 &#13; SANTO DOMINGO.- Comprometido con su deber de informar y formar al p\u00fablico dominicano, Tele Antillas canal dos [&hellip;]<\/p>\n","protected":false},"author":3,"featured_media":0,"comment_status":"open","ping_status":"open","sticky":false,"template":"","format":"standard","meta":{"footnotes":""},"categories":[21],"tags":[],"class_list":["post-70959","post","type-post","status-publish","format-standard","hentry","category-cultura"],"_links":{"self":[{"href":"https:\/\/diariodominicano.com\/index.php?rest_route=\/wp\/v2\/posts\/70959","targetHints":{"allow":["GET"]}}],"collection":[{"href":"https:\/\/diariodominicano.com\/index.php?rest_route=\/wp\/v2\/posts"}],"about":[{"href":"https:\/\/diariodominicano.com\/index.php?rest_route=\/wp\/v2\/types\/post"}],"author":[{"embeddable":true,"href":"https:\/\/diariodominicano.com\/index.php?rest_route=\/wp\/v2\/users\/3"}],"replies":[{"embeddable":true,"href":"https:\/\/diariodominicano.com\/index.php?rest_route=%2Fwp%2Fv2%2Fcomments&post=70959"}],"version-history":[{"count":0,"href":"https:\/\/diariodominicano.com\/index.php?rest_route=\/wp\/v2\/posts\/70959\/revisions"}],"wp:attachment":[{"href":"https:\/\/diariodominicano.com\/index.php?rest_route=%2Fwp%2Fv2%2Fmedia&parent=70959"}],"wp:term":[{"taxonomy":"category","embeddable":true,"href":"https:\/\/diariodominicano.com\/index.php?rest_route=%2Fwp%2Fv2%2Fcategories&post=70959"},{"taxonomy":"post_tag","embeddable":true,"href":"https:\/\/diariodominicano.com\/index.php?rest_route=%2Fwp%2Fv2%2Ftags&post=70959"}],"curies":[{"name":"wp","href":"https:\/\/api.w.org\/{rel}","templated":true}]}}