{"id":70958,"date":"2008-05-26T18:36:08","date_gmt":"2008-05-26T18:36:08","guid":{"rendered":"http:\/\/diariodominicano.ddns.net\/?p=70958"},"modified":"2008-05-26T18:36:08","modified_gmt":"2008-05-26T18:36:08","slug":"el-actor-benicio-del-toro-dedica-premio-en-cannes-a-ernesto-che-guevara","status":"publish","type":"post","link":"https:\/\/diariodominicano.com\/?p=70958","title":{"rendered":"El actor Benicio del Toro dedica premio en Cannes a Ernesto Che Guevara"},"content":{"rendered":"<p><body><\/p>\n<p align=\"justify\"><strong class=\"titulogrande1\">  El actor Benicio del Toro dedica premio en Cannes a  Ernesto Che Guevara<\/strong> <br \/>&#13;<br \/>\n      <strong><br \/>&#13;<br \/>\n    Cannes.-<\/strong><span class=\"text1noticias\"> El  actor Benicio del Toro dedic\u00f3 el Premio a la Mejor Interpretaci\u00f3n Masculina que  recibi\u00f3 hoy aqu\u00ed por su papel en la pel\u00edcula \u00abChe\u00bb, a Ernesto Guevara  y dijo que Am\u00e9rica Latina pasa por un buen momento cinematogr\u00e1fico.<br \/>&#13;<br \/>\n    <br \/>&#13;<br \/>\n\u00abEsto  es muy del Che y todos los premios y galardones le pertenecen\u00bb, declar\u00f3 en  conferencia de prensa tras recibir el diploma que lo consagra como el Mejor  Actor de la 61 edici\u00f3n de Cannes.<br \/>&#13;<br \/>\n<br \/>&#13;<br \/>\nEl artista,  quien recibi\u00f3 un Oscar en el a\u00f1o 2000 al Mejor Actor de Reparto, se\u00f1al\u00f3 que  Am\u00e9rica Latina atraviesa \u00bb desde hace tiempo un buen momento para el  cine\u00bb.<strong> <br \/>&#13;<br \/>\n<br \/>&#13;<br \/>\n(Notimex)<\/strong><\/span><\/p>\n<p>&#13;<\/p>\n<h6> 2008-05-26 18:36:08 <\/h6>\n<p><!--\n<link rel=\"stylesheet\" href=\"css\/bootstrap.min.css\">\n\n\n<ul class=\"pagination\">\n\t    \n\t\n\n<li >\n\t<a href='?page_no=22635'>Previous<\/a>\n\t<\/li>\n\n\n       \n    \n\n<li><a href='?page_no=1'>1<\/a><\/li>\n\n\n\n<li><a href='?page_no=2'>2<\/a><\/li>\n\n\n\n<li><a>...<\/a><\/li>\n\n\n\n<li><a href='?page_no=22634'>22634<\/a><\/li>\n\n\n\n<li><a href='?page_no=22635'>22635<\/a><\/li>\n\n\n\n<li class='active'><a>22636<\/a><\/li>\n\n\n\n<li><a href='?page_no=22637'>22637<\/a><\/li>\n\n\n\n<li><a href='?page_no=22638'>22638<\/a><\/li>\n\n\n\n<li><a>...<\/a><\/li>\n\n\n\n<li><a href='?page_no=22911'>22911<\/a><\/li>\n\n\n\n<li><a href='?page_no=22912'>22912<\/a><\/li>\n\n    \n\t\n\n<li >\n\t<a href='?page_no=22637'>Next<\/a>\n\t<\/li>\n\n\n    \n\n<li><a href='?page_no=22912'>Last &rsaquo;&rsaquo;<\/a><\/li>\n\n<\/ul>\n\n\n--><br \/>\n<\/body><\/p>\n","protected":false},"excerpt":{"rendered":"<p>El actor Benicio del Toro dedica premio en Cannes a Ernesto Che Guevara &#13; &#13; Cannes.- El actor Benicio del Toro dedic\u00f3 el Premio a la Mejor Interpretaci\u00f3n Masculina que recibi\u00f3 hoy aqu\u00ed por su papel en la pel\u00edcula \u00abChe\u00bb, a Ernesto Guevara y dijo que Am\u00e9rica Latina pasa por un buen momento cinematogr\u00e1fico.&#13; &#13; [&hellip;]<\/p>\n","protected":false},"author":3,"featured_media":0,"comment_status":"open","ping_status":"open","sticky":false,"template":"","format":"standard","meta":{"footnotes":""},"categories":[21],"tags":[],"class_list":["post-70958","post","type-post","status-publish","format-standard","hentry","category-cultura"],"_links":{"self":[{"href":"https:\/\/diariodominicano.com\/index.php?rest_route=\/wp\/v2\/posts\/70958","targetHints":{"allow":["GET"]}}],"collection":[{"href":"https:\/\/diariodominicano.com\/index.php?rest_route=\/wp\/v2\/posts"}],"about":[{"href":"https:\/\/diariodominicano.com\/index.php?rest_route=\/wp\/v2\/types\/post"}],"author":[{"embeddable":true,"href":"https:\/\/diariodominicano.com\/index.php?rest_route=\/wp\/v2\/users\/3"}],"replies":[{"embeddable":true,"href":"https:\/\/diariodominicano.com\/index.php?rest_route=%2Fwp%2Fv2%2Fcomments&post=70958"}],"version-history":[{"count":0,"href":"https:\/\/diariodominicano.com\/index.php?rest_route=\/wp\/v2\/posts\/70958\/revisions"}],"wp:attachment":[{"href":"https:\/\/diariodominicano.com\/index.php?rest_route=%2Fwp%2Fv2%2Fmedia&parent=70958"}],"wp:term":[{"taxonomy":"category","embeddable":true,"href":"https:\/\/diariodominicano.com\/index.php?rest_route=%2Fwp%2Fv2%2Fcategories&post=70958"},{"taxonomy":"post_tag","embeddable":true,"href":"https:\/\/diariodominicano.com\/index.php?rest_route=%2Fwp%2Fv2%2Ftags&post=70958"}],"curies":[{"name":"wp","href":"https:\/\/api.w.org\/{rel}","templated":true}]}}