{"id":70956,"date":"2008-05-27T03:09:04","date_gmt":"2008-05-27T03:09:04","guid":{"rendered":"http:\/\/diariodominicano.ddns.net\/?p=70956"},"modified":"2008-05-27T03:09:04","modified_gmt":"2008-05-27T03:09:04","slug":"el-hijo-de-el-che-dice-que-benicio-del-toro-es-un-buen-actor-elogia-interpretacion-sobre-su-padre","status":"publish","type":"post","link":"https:\/\/diariodominicano.com\/?p=70956","title":{"rendered":"El hijo de El Ch\u00e9 dice que Benicio del Toro es un buen actor; elogia interpretaci\u00f3n sobre su padre"},"content":{"rendered":"<p><body><\/p>\n<p align=\"justify\" class=\"titulogrande1\"><strong>El  hijo de El Ch\u00e9 dice que Benicio del Toro es un buen actor; elogia  interpretaci\u00f3n sobre su padre<\/strong><\/p>\n<p>&#13;<\/p>\n<p align=\"justify\" class=\"text1noticias\"><strong>VIENA.-<\/strong> Camilo Guevara, el hijo mayor del  \u00abChe\u00bb, mostr\u00f3 hoy su alegr\u00eda por el premio que el Festival de Cannes  otorg\u00f3 al actor puertorrique\u00f1o Benicio del Toro por su interpretaci\u00f3n del l\u00edder  revolucionario en la pel\u00edcula de Steven Soderbergh, pero reivindic\u00f3 la  \u00abobra maestra\u00bb del director argentino Trist\u00e1n Bauer.<br \/>&#13;<br \/>\n  <br \/>&#13;<br \/>\n\u00abBenicio  es un excelente actor, ojal\u00e1 siempre le vaya bien en su vida y en su  carrera\u00bb, asegur\u00f3 Camilo Guevara al conocer que el puertorrique\u00f1o hab\u00eda  ganado el premio a la mejor interpretaci\u00f3n masculina en el Festival de Cannes.<br \/>&#13;<br \/>\n<br \/>&#13;<br \/>\nA\u00fan as\u00ed  dijo que no pod\u00eda dar una opini\u00f3n sobre la pel\u00edcula, ya que no hab\u00eda visto la  versi\u00f3n definitiva a concurso en el celebre festival franc\u00e9s.<br \/>&#13;<br \/>\n<br \/>&#13;<br \/>\nA  continuaci\u00f3n reivindic\u00f3 la \u00abobra maestra\u00bb que est\u00e1 terminando de  rodar el director argentino Trist\u00e1n Bauer (Mar de Plata, 1959) tras doce a\u00f1os  de investigaci\u00f3n y que lleva por t\u00edtulo \u00abErnesto Guevara\u00bb.<br \/>&#13;<br \/>\n<br \/>&#13;<br \/>\n\u00abEstamos  haciendo un documental con Trist\u00e1n Bauer que me parece que va a ser un  documental excelente, que va a revelar muchas cosas. Las personas van a conocer  un &#8216;Che&#8217; incluso hasta diferente.<br \/>&#13;<br \/>\n<br \/> &#13;<br \/>\nPorque no conocen esa etapa\u00bb, explic\u00f3.<br \/>&#13;<br \/>\n<br \/>&#13;<br \/>\n\u00abEs  un documental muy serio, pero muy atractivo. Va a ser una obra, creo que,  maestra. Va a ser una obra que va a marcar a Trist\u00e1n y va a ser muy dif\u00edcil de  superar. Es muy interesante en lo que se refiere a la informaci\u00f3n, incluso a  las im\u00e1genes y textos. El &#8216;Che&#8217; declama incluso poemas\u00bb, agreg\u00f3 el hijo del  revolucionario.<br \/>&#13;<br \/>\n<br \/>&#13;<br \/>\nEl  director de \u00abIluminados por el fuego\u00bb, sobre la guerra de las  Malvinas, tiene previsto que el documental dure unos 100 minutos y pretende  mostrar aspectos in\u00e9ditos de la personalidad del revolucionario.<br \/>&#13;<br \/>\n<br \/>&#13;<br \/>\nGuevara  se encontraba en Viena para asistir \u00a0a la  inauguraci\u00f3n de una exposici\u00f3n fotogr\u00e1fica en la Galer\u00eda Westlicht,  organizada en conmemoraci\u00f3n del 80 aniversario del nacimiento de su padre, el  pr\u00f3ximo 14 de junio.<br \/>&#13;<br \/>\n<br \/>&#13;<br \/>\nLa mirada  perdida con el gesto serio de un Ernesto \u00abChe\u00bb Guevara (1928-1967)  con la boina calada es la imagen reproducida hasta la saciedad que protagoniza  una muestra que trata de indagar en la fascinaci\u00f3n que sigue ejerciendo ese  retrato.<br \/>&#13;<br \/>\n<br \/>&#13;<br \/>\nLa  aparici\u00f3n del \u00abChe\u00bb con el rostro triste en la primera fila de una  tribuna durante un funeral celebrado en La Habana en marzo de 1960 sirvi\u00f3 para que Alberto  Korda consiguiera capturar en una imagen de tintes mesi\u00e1nicos la esencia de la  rebeld\u00eda del movimiento guerrillero latinoamericano.<br \/>&#13;<br \/>\n<br \/>&#13;<br \/>\n\u00abLa  exposici\u00f3n es un homenaje muy bien organizado, muy bonito, son obras de grandes  maestros de la fotograf\u00eda. No es s\u00f3lo del &#8216;Che&#8217; sino parte de la historia de  Cuba\u00bb, resumi\u00f3 Camilo Guevara.<br \/>&#13;<br \/>\n<br \/>&#13;<br \/>\nEn la  muestra titulada \u00abChe Guevara-La imagen de culto de una generaci\u00f3n\u00bb,  se pueden ver hasta finales de julio originales de m\u00e1s de un centenar de tomas  de maestros de la fotograf\u00eda como Korda, Ra\u00fal Corrales, Osvaldo Salas y Ren\u00e9  Burri.<br \/>&#13;<br \/>\n<br \/>&#13;<br \/>\nPero  tambi\u00e9n la imagen del \u00abChe\u00bb ha sido banalizada con fines comerciales,  algo que es considerado \u00abmuy c\u00ednico\u00bb por el hijo del revolucionario,  aunque advirti\u00f3 que puede tener efectos inesperados.<br \/>&#13;<br \/>\n<br \/>&#13;<br \/>\n\u00abEs  un arma de doble filo. De tanto verlo, de tanto mirarlo, se van a preocupar:  \u00bfQui\u00e9n es esa persona? \u00bfQu\u00e9 hay detr\u00e1s?, su propuesta, \u00bfCu\u00e1l era?\u00bb,  asegur\u00f3 Guevara.<br \/>&#13;<br \/>\n<br \/>&#13;<br \/>\nEl hijo  del revolucionario asegur\u00f3 tambi\u00e9n que la llegada de gobiernos de izquierda a  Am\u00e9rica Latina supone un tributo a la lucha de su padre.<br \/>&#13;<br \/>\n<br \/>&#13;<br \/>\n\u00abEs  un gran homenaje a la vida y a la lucha del &#8216;Che&#8217;. Hay grandes cambios. Han  llegado al poder personas, partidos, organizaciones sociales que est\u00e1n  dispuestas a cambiar el panorama pol\u00edtico, social y econ\u00f3mico de estas naciones  (latinoamericanas)\u00bb.<\/p>\n<p>&#13;<\/p>\n<h6> 2008-05-27 03:09:04 <\/h6>\n<p><!--\n<link rel=\"stylesheet\" href=\"css\/bootstrap.min.css\">\n\n\n<ul class=\"pagination\">\n\t    \n\t\n\n<li >\n\t<a href='?page_no=22633'>Previous<\/a>\n\t<\/li>\n\n\n       \n    \n\n<li><a href='?page_no=1'>1<\/a><\/li>\n\n\n\n<li><a href='?page_no=2'>2<\/a><\/li>\n\n\n\n<li><a>...<\/a><\/li>\n\n\n\n<li><a href='?page_no=22632'>22632<\/a><\/li>\n\n\n\n<li><a href='?page_no=22633'>22633<\/a><\/li>\n\n\n\n<li class='active'><a>22634<\/a><\/li>\n\n\n\n<li><a href='?page_no=22635'>22635<\/a><\/li>\n\n\n\n<li><a href='?page_no=22636'>22636<\/a><\/li>\n\n\n\n<li><a>...<\/a><\/li>\n\n\n\n<li><a href='?page_no=22911'>22911<\/a><\/li>\n\n\n\n<li><a href='?page_no=22912'>22912<\/a><\/li>\n\n    \n\t\n\n<li >\n\t<a href='?page_no=22635'>Next<\/a>\n\t<\/li>\n\n\n    \n\n<li><a href='?page_no=22912'>Last &rsaquo;&rsaquo;<\/a><\/li>\n\n<\/ul>\n\n\n--><br \/>\n<\/body><\/p>\n","protected":false},"excerpt":{"rendered":"<p>El hijo de El Ch\u00e9 dice que Benicio del Toro es un buen actor; elogia interpretaci\u00f3n sobre su padre &#13; VIENA.- Camilo Guevara, el hijo mayor del \u00abChe\u00bb, mostr\u00f3 hoy su alegr\u00eda por el premio que el Festival de Cannes otorg\u00f3 al actor puertorrique\u00f1o Benicio del Toro por su interpretaci\u00f3n del l\u00edder revolucionario en la [&hellip;]<\/p>\n","protected":false},"author":3,"featured_media":0,"comment_status":"open","ping_status":"open","sticky":false,"template":"","format":"standard","meta":{"footnotes":""},"categories":[21],"tags":[],"class_list":["post-70956","post","type-post","status-publish","format-standard","hentry","category-cultura"],"_links":{"self":[{"href":"https:\/\/diariodominicano.com\/index.php?rest_route=\/wp\/v2\/posts\/70956","targetHints":{"allow":["GET"]}}],"collection":[{"href":"https:\/\/diariodominicano.com\/index.php?rest_route=\/wp\/v2\/posts"}],"about":[{"href":"https:\/\/diariodominicano.com\/index.php?rest_route=\/wp\/v2\/types\/post"}],"author":[{"embeddable":true,"href":"https:\/\/diariodominicano.com\/index.php?rest_route=\/wp\/v2\/users\/3"}],"replies":[{"embeddable":true,"href":"https:\/\/diariodominicano.com\/index.php?rest_route=%2Fwp%2Fv2%2Fcomments&post=70956"}],"version-history":[{"count":0,"href":"https:\/\/diariodominicano.com\/index.php?rest_route=\/wp\/v2\/posts\/70956\/revisions"}],"wp:attachment":[{"href":"https:\/\/diariodominicano.com\/index.php?rest_route=%2Fwp%2Fv2%2Fmedia&parent=70956"}],"wp:term":[{"taxonomy":"category","embeddable":true,"href":"https:\/\/diariodominicano.com\/index.php?rest_route=%2Fwp%2Fv2%2Fcategories&post=70956"},{"taxonomy":"post_tag","embeddable":true,"href":"https:\/\/diariodominicano.com\/index.php?rest_route=%2Fwp%2Fv2%2Ftags&post=70956"}],"curies":[{"name":"wp","href":"https:\/\/api.w.org\/{rel}","templated":true}]}}