{"id":70953,"date":"2008-05-27T19:20:42","date_gmt":"2008-05-27T19:20:42","guid":{"rendered":"http:\/\/diariodominicano.ddns.net\/?p=70953"},"modified":"2008-05-27T19:20:42","modified_gmt":"2008-05-27T19:20:42","slug":"arquitecto-jean-nouvel-construira-edificio-de-300-metros-en-paris","status":"publish","type":"post","link":"https:\/\/diariodominicano.com\/?p=70953","title":{"rendered":"Arquitecto Jean Nouvel construir\u00e1 edificio de 300 metros en Par\u00eds"},"content":{"rendered":"<p><body><\/p>\n<p align=\"justify\"><span class=\"titulogrande1\">Arquitecto Jean Nouvel construir\u00e1 edificio de 300 metros en  Par\u00eds <\/span><br \/>&#13;<br \/>\n  <br \/>&#13;<br \/>\n    <span class=\"text1noticias\">\u00abSer\u00e1 un edificio mixto con viviendas, un hotel,  oficinas y negocios\u00bb, explic\u00f3. <br \/>&#13;<br \/>\n    <br \/>&#13;<br \/>\nDPA <\/span><\/p>\n<p>&#13;<\/p>\n<p align=\"justify\" class=\"text1noticias\"><img loading=\"lazy\" decoding=\"async\" src=\"http:\/\/localhost:8080\/img\/nouvel.jpg\" width=\"375\" height=\"270\" hspace=\"4\" align=\"left\" \/>El arquitecto estrella franc\u00e9s Jean Nouvel recibi\u00f3 el  encargo de construir un rascacielos de 300 metros de altura a las afueras de  Par\u00eds, seg\u00fan anunci\u00f3 el propio profesional.<br \/>&#13;<br \/>\n  <br \/>&#13;<br \/>\n\u00abSer\u00e1 un edificio mixto con viviendas, un hotel,  oficinas y negocios\u00bb, con el que pretende romper la monocultura del barrio  parisino de oficinas de La D\u00e9fense, declar\u00f3.<br \/>&#13;<br \/>\n<br \/>&#13;<br \/>\n\u00abSe podr\u00e1 ver la vida interna del edificio\u00bb,  a\u00f1adi\u00f3. Adem\u00e1s, la construcci\u00f3n tendr\u00e1 jardines en los pisos superiores. En  total tendr\u00e1 una superficie \u00fatil de 140.000 metros cuadrados y estar\u00e1 terminado  en 2015.<br \/>&#13;<br \/>\n<br \/>&#13;<br \/>\nAdem\u00e1s de Nouvel se hab\u00edan presentado a la selecci\u00f3n para  realizar la obra, entre otros, el estadounidense Daniel Libeskind y el  brit\u00e1nico Norman Foster.<br \/>&#13;<br \/>\n<br \/>&#13;<br \/>\nNouvel es autor de la ampliaci\u00f3n del Museo Reina Sof\u00eda de  Madrid, de la Torre Agbar en Barcelona, de las Galer\u00edas Lafayette en Berl\u00edn o  del edificio de la Opera de Lyon.<\/p>\n<p>&#13;<\/p>\n<h6> 2008-05-27 19:20:42 <\/h6>\n<p><!--\n<link rel=\"stylesheet\" href=\"css\/bootstrap.min.css\">\n\n\n<ul class=\"pagination\">\n\t    \n\t\n\n<li >\n\t<a href='?page_no=22630'>Previous<\/a>\n\t<\/li>\n\n\n       \n    \n\n<li><a href='?page_no=1'>1<\/a><\/li>\n\n\n\n<li><a href='?page_no=2'>2<\/a><\/li>\n\n\n\n<li><a>...<\/a><\/li>\n\n\n\n<li><a href='?page_no=22629'>22629<\/a><\/li>\n\n\n\n<li><a href='?page_no=22630'>22630<\/a><\/li>\n\n\n\n<li class='active'><a>22631<\/a><\/li>\n\n\n\n<li><a href='?page_no=22632'>22632<\/a><\/li>\n\n\n\n<li><a href='?page_no=22633'>22633<\/a><\/li>\n\n\n\n<li><a>...<\/a><\/li>\n\n\n\n<li><a href='?page_no=22911'>22911<\/a><\/li>\n\n\n\n<li><a href='?page_no=22912'>22912<\/a><\/li>\n\n    \n\t\n\n<li >\n\t<a href='?page_no=22632'>Next<\/a>\n\t<\/li>\n\n\n    \n\n<li><a href='?page_no=22912'>Last &rsaquo;&rsaquo;<\/a><\/li>\n\n<\/ul>\n\n\n--><br \/>\n<\/body><\/p>\n","protected":false},"excerpt":{"rendered":"<p>Arquitecto Jean Nouvel construir\u00e1 edificio de 300 metros en Par\u00eds &#13; &#13; \u00abSer\u00e1 un edificio mixto con viviendas, un hotel, oficinas y negocios\u00bb, explic\u00f3. &#13; &#13; DPA &#13; El arquitecto estrella franc\u00e9s Jean Nouvel recibi\u00f3 el encargo de construir un rascacielos de 300 metros de altura a las afueras de Par\u00eds, seg\u00fan anunci\u00f3 el propio [&hellip;]<\/p>\n","protected":false},"author":3,"featured_media":0,"comment_status":"open","ping_status":"open","sticky":false,"template":"","format":"standard","meta":{"footnotes":""},"categories":[21],"tags":[],"class_list":["post-70953","post","type-post","status-publish","format-standard","hentry","category-cultura"],"_links":{"self":[{"href":"https:\/\/diariodominicano.com\/index.php?rest_route=\/wp\/v2\/posts\/70953","targetHints":{"allow":["GET"]}}],"collection":[{"href":"https:\/\/diariodominicano.com\/index.php?rest_route=\/wp\/v2\/posts"}],"about":[{"href":"https:\/\/diariodominicano.com\/index.php?rest_route=\/wp\/v2\/types\/post"}],"author":[{"embeddable":true,"href":"https:\/\/diariodominicano.com\/index.php?rest_route=\/wp\/v2\/users\/3"}],"replies":[{"embeddable":true,"href":"https:\/\/diariodominicano.com\/index.php?rest_route=%2Fwp%2Fv2%2Fcomments&post=70953"}],"version-history":[{"count":0,"href":"https:\/\/diariodominicano.com\/index.php?rest_route=\/wp\/v2\/posts\/70953\/revisions"}],"wp:attachment":[{"href":"https:\/\/diariodominicano.com\/index.php?rest_route=%2Fwp%2Fv2%2Fmedia&parent=70953"}],"wp:term":[{"taxonomy":"category","embeddable":true,"href":"https:\/\/diariodominicano.com\/index.php?rest_route=%2Fwp%2Fv2%2Fcategories&post=70953"},{"taxonomy":"post_tag","embeddable":true,"href":"https:\/\/diariodominicano.com\/index.php?rest_route=%2Fwp%2Fv2%2Ftags&post=70953"}],"curies":[{"name":"wp","href":"https:\/\/api.w.org\/{rel}","templated":true}]}}