{"id":70952,"date":"2008-05-27T19:23:18","date_gmt":"2008-05-27T19:23:18","guid":{"rendered":"http:\/\/diariodominicano.ddns.net\/?p=70952"},"modified":"2008-05-27T19:23:18","modified_gmt":"2008-05-27T19:23:18","slug":"julieta-venegas-prueba-con-el-unplugged","status":"publish","type":"post","link":"https:\/\/diariodominicano.com\/?p=70952","title":{"rendered":"Julieta Venegas prueba con el &#8216;unplugged&#8217;"},"content":{"rendered":"<p><body><\/p>\n<p align=\"justify\"><span class=\"titulogrande1\"><strong>Julieta Venegas prueba con el &#8216;unplugged&#8217;<\/strong><br \/>&#13;<br \/>\n<\/span><br \/>&#13;<br \/>\n  <span class=\"text1noticias\">La cantante mexicana publica el 10 de junio su primer trabajo ac\u00fastico <br \/>&#13;<br \/>\n  <br \/>&#13;<br \/>\n  <strong>EFE<\/strong> &#8211; Madrid &#8211; 27\/05\/2008 <\/span><\/p>\n<p>&#13;<\/p>\n<p align=\"justify\" class=\"text1noticias\"><img loading=\"lazy\" decoding=\"async\" src=\"http:\/\/localhost:8080\/img\/venegas.jpg\" width=\"375\" height=\"276\" hspace=\"4\" align=\"left\" \/>La cantante y compositora Julieta  Venegas recorre sus grandes \u00e9xitos en <em>MTV Unplugged<\/em>, su primer disco  grabado en ac\u00fastico en el que incluye cuatro temas in\u00e9ditos, comparte canciones  con Mala Rodr\u00edguez, Marisa Monte o el m\u00fasico ganador del Oscar Gustavo  Santaolalla y que edita el 10 de junio.<br \/>&#13;<br \/>\n  <br \/>&#13;<br \/>\n  El \u00e1lbum, que se grab\u00f3 el pasado 6  de marzo en los estudios Churubusco de la ciudad de M\u00e9xico con un cuarteto de  cuerda, tuba, clarinete, xil\u00f3fono y flauta acompa\u00f1ando a la cantante mexicana,  se avanza con el sencillo <em>El presente<\/em>.<br \/>&#13;<br \/>\n  <br \/>&#13;<br \/>\n  <em>Andar conmigo<\/em>, <em>Lento<\/em>, <em>Lim\u00f3n y sal<\/em> y <em>Me  voy<\/em> son algunos de los conocidos temas que forman parte de este \u00abMTV  Unplugged\u00bb de Julieta Venegas , quien act\u00faa con su inseparable acorde\u00f3n e  integra en este disco a su compatriota Natalia Lafourcade como parte de su  banda.<br \/>&#13;<br \/>\n  <br \/>&#13;<br \/>\n  Otras formaciones y bandas latinas  que han publicado conciertos \u00abdesenchufados\u00bb, en referencia a su  car\u00e1cter ac\u00fastico, son Shakira, Alejandro Sanz, Ricky Martin o Diego Torres,  adem\u00e1s de Nirvana o Alanis Morissette.<\/p>\n<p>&#13;<\/p>\n<h6> 2008-05-27 19:23:18 <\/h6>\n<p><!--\n<link rel=\"stylesheet\" href=\"css\/bootstrap.min.css\">\n\n\n<ul class=\"pagination\">\n\t    \n\t\n\n<li >\n\t<a href='?page_no=22629'>Previous<\/a>\n\t<\/li>\n\n\n       \n    \n\n<li><a href='?page_no=1'>1<\/a><\/li>\n\n\n\n<li><a href='?page_no=2'>2<\/a><\/li>\n\n\n\n<li><a>...<\/a><\/li>\n\n\n\n<li><a href='?page_no=22628'>22628<\/a><\/li>\n\n\n\n<li><a href='?page_no=22629'>22629<\/a><\/li>\n\n\n\n<li class='active'><a>22630<\/a><\/li>\n\n\n\n<li><a href='?page_no=22631'>22631<\/a><\/li>\n\n\n\n<li><a href='?page_no=22632'>22632<\/a><\/li>\n\n\n\n<li><a>...<\/a><\/li>\n\n\n\n<li><a href='?page_no=22911'>22911<\/a><\/li>\n\n\n\n<li><a href='?page_no=22912'>22912<\/a><\/li>\n\n    \n\t\n\n<li >\n\t<a href='?page_no=22631'>Next<\/a>\n\t<\/li>\n\n\n    \n\n<li><a href='?page_no=22912'>Last &rsaquo;&rsaquo;<\/a><\/li>\n\n<\/ul>\n\n\n--><br \/>\n<\/body><\/p>\n","protected":false},"excerpt":{"rendered":"<p>Julieta Venegas prueba con el &#8216;unplugged&#8217;&#13; &#13; La cantante mexicana publica el 10 de junio su primer trabajo ac\u00fastico &#13; &#13; EFE &#8211; Madrid &#8211; 27\/05\/2008 &#13; La cantante y compositora Julieta Venegas recorre sus grandes \u00e9xitos en MTV Unplugged, su primer disco grabado en ac\u00fastico en el que incluye cuatro temas in\u00e9ditos, comparte canciones [&hellip;]<\/p>\n","protected":false},"author":3,"featured_media":0,"comment_status":"open","ping_status":"open","sticky":false,"template":"","format":"standard","meta":{"footnotes":""},"categories":[21],"tags":[],"class_list":["post-70952","post","type-post","status-publish","format-standard","hentry","category-cultura"],"_links":{"self":[{"href":"https:\/\/diariodominicano.com\/index.php?rest_route=\/wp\/v2\/posts\/70952","targetHints":{"allow":["GET"]}}],"collection":[{"href":"https:\/\/diariodominicano.com\/index.php?rest_route=\/wp\/v2\/posts"}],"about":[{"href":"https:\/\/diariodominicano.com\/index.php?rest_route=\/wp\/v2\/types\/post"}],"author":[{"embeddable":true,"href":"https:\/\/diariodominicano.com\/index.php?rest_route=\/wp\/v2\/users\/3"}],"replies":[{"embeddable":true,"href":"https:\/\/diariodominicano.com\/index.php?rest_route=%2Fwp%2Fv2%2Fcomments&post=70952"}],"version-history":[{"count":0,"href":"https:\/\/diariodominicano.com\/index.php?rest_route=\/wp\/v2\/posts\/70952\/revisions"}],"wp:attachment":[{"href":"https:\/\/diariodominicano.com\/index.php?rest_route=%2Fwp%2Fv2%2Fmedia&parent=70952"}],"wp:term":[{"taxonomy":"category","embeddable":true,"href":"https:\/\/diariodominicano.com\/index.php?rest_route=%2Fwp%2Fv2%2Fcategories&post=70952"},{"taxonomy":"post_tag","embeddable":true,"href":"https:\/\/diariodominicano.com\/index.php?rest_route=%2Fwp%2Fv2%2Ftags&post=70952"}],"curies":[{"name":"wp","href":"https:\/\/api.w.org\/{rel}","templated":true}]}}