{"id":70950,"date":"2008-05-27T19:29:55","date_gmt":"2008-05-27T19:29:55","guid":{"rendered":"http:\/\/diariodominicano.ddns.net\/?p=70950"},"modified":"2008-05-27T19:29:55","modified_gmt":"2008-05-27T19:29:55","slug":"descubren-retrato-desconocido-de-la-reina-isabel-i-de-inglaterra","status":"publish","type":"post","link":"https:\/\/diariodominicano.com\/?p=70950","title":{"rendered":"Descubren retrato desconocido de la reina Isabel I de Inglaterra"},"content":{"rendered":"<p><body><\/p>\n<p align=\"justify\"><span class=\"titulogrande1\">Descubren retrato desconocido de la reina Isabel I de  Inglaterra <\/span><br \/>&#13;<br \/>\n  <br \/>&#13;<br \/>\n    <span class=\"text1noticias\">El\u00a0cuadro tiene una fecha de data entre 1650 a 1680 y  muestra a la monarca cuando era princesa\u00a0junto a sus hermanos, el buf\u00f3n de  la corte y su padre, Enrique VIII.\u00a0 <br \/>&#13;<br \/>\n    <br \/>&#13;<br \/>\n    AP <br \/>&#13;<br \/>\n    <br \/>&#13;<br \/>\n    Un retrato de la reina Isabel I de Inglaterra (1533-1603)  cuando era una joven princesa fue descubierto en una colecci\u00f3n privada en una  mansi\u00f3n palaciega de Northamptonshire, en el norte del pa\u00eds.<br \/>&#13;<br \/>\n    <br \/>&#13;<br \/>\n    El retrato, que data de 1650 a 1680, fue hallado en la  colecci\u00f3n del duque de Buccleuch en Boughton House.<br \/>&#13;<br \/>\n    <br \/>&#13;<br \/>\n    La obra muestra a la princesa Isabel junto a sus hermanos,  los pr\u00edncipes Eduardo y Mar\u00eda, a su padre Enrique VIII y al buf\u00f3n del rey, Will  Somers.<br \/>&#13;<br \/>\n    <br \/>&#13;<br \/>\n  El cuadro es una copia de un original de 1550.<br \/>&#13;<br \/>\n  <br \/>&#13;<br \/>\n  Los retratos de Isabel I antes de su asunci\u00f3n al trono son muy  raros, y s\u00f3lo se conocen dos, en los castillos de Hampton Court y Windsor, al  oeste de Londres.<br \/>&#13;<br \/>\n  <br \/>&#13;<br \/>\n  Tracy Borman, una de las historiadoras que realiz\u00f3 el  descubrimiento, afirm\u00f3 que al ver el cuadro se dio cuenta que no hab\u00eda sido  visto nunca antes.<br \/>&#13;<br \/>\n  <br \/>&#13;<br \/>\n\u00abCuanto m\u00e1s investigamos, m\u00e1s nos dimos cuenta que era  una joya perdida. Ahora servir\u00e1 para identificar otros cuadros  desconocidos\u00bb, dijo la experta a la BBC.<\/span><\/p>\n<p>&#13;<\/p>\n<h6> 2008-05-27 19:29:55 <\/h6>\n<p><!--\n<link rel=\"stylesheet\" href=\"css\/bootstrap.min.css\">\n\n\n<ul class=\"pagination\">\n\t    \n\t\n\n<li >\n\t<a href='?page_no=22627'>Previous<\/a>\n\t<\/li>\n\n\n       \n    \n\n<li><a href='?page_no=1'>1<\/a><\/li>\n\n\n\n<li><a href='?page_no=2'>2<\/a><\/li>\n\n\n\n<li><a>...<\/a><\/li>\n\n\n\n<li><a href='?page_no=22626'>22626<\/a><\/li>\n\n\n\n<li><a href='?page_no=22627'>22627<\/a><\/li>\n\n\n\n<li class='active'><a>22628<\/a><\/li>\n\n\n\n<li><a href='?page_no=22629'>22629<\/a><\/li>\n\n\n\n<li><a href='?page_no=22630'>22630<\/a><\/li>\n\n\n\n<li><a>...<\/a><\/li>\n\n\n\n<li><a href='?page_no=22911'>22911<\/a><\/li>\n\n\n\n<li><a href='?page_no=22912'>22912<\/a><\/li>\n\n    \n\t\n\n<li >\n\t<a href='?page_no=22629'>Next<\/a>\n\t<\/li>\n\n\n    \n\n<li><a href='?page_no=22912'>Last &rsaquo;&rsaquo;<\/a><\/li>\n\n<\/ul>\n\n\n--><br \/>\n<\/body><\/p>\n","protected":false},"excerpt":{"rendered":"<p>Descubren retrato desconocido de la reina Isabel I de Inglaterra &#13; &#13; El\u00a0cuadro tiene una fecha de data entre 1650 a 1680 y muestra a la monarca cuando era princesa\u00a0junto a sus hermanos, el buf\u00f3n de la corte y su padre, Enrique VIII.\u00a0 &#13; &#13; AP &#13; &#13; Un retrato de la reina Isabel I [&hellip;]<\/p>\n","protected":false},"author":3,"featured_media":0,"comment_status":"open","ping_status":"open","sticky":false,"template":"","format":"standard","meta":{"footnotes":""},"categories":[21],"tags":[],"class_list":["post-70950","post","type-post","status-publish","format-standard","hentry","category-cultura"],"_links":{"self":[{"href":"https:\/\/diariodominicano.com\/index.php?rest_route=\/wp\/v2\/posts\/70950","targetHints":{"allow":["GET"]}}],"collection":[{"href":"https:\/\/diariodominicano.com\/index.php?rest_route=\/wp\/v2\/posts"}],"about":[{"href":"https:\/\/diariodominicano.com\/index.php?rest_route=\/wp\/v2\/types\/post"}],"author":[{"embeddable":true,"href":"https:\/\/diariodominicano.com\/index.php?rest_route=\/wp\/v2\/users\/3"}],"replies":[{"embeddable":true,"href":"https:\/\/diariodominicano.com\/index.php?rest_route=%2Fwp%2Fv2%2Fcomments&post=70950"}],"version-history":[{"count":0,"href":"https:\/\/diariodominicano.com\/index.php?rest_route=\/wp\/v2\/posts\/70950\/revisions"}],"wp:attachment":[{"href":"https:\/\/diariodominicano.com\/index.php?rest_route=%2Fwp%2Fv2%2Fmedia&parent=70950"}],"wp:term":[{"taxonomy":"category","embeddable":true,"href":"https:\/\/diariodominicano.com\/index.php?rest_route=%2Fwp%2Fv2%2Fcategories&post=70950"},{"taxonomy":"post_tag","embeddable":true,"href":"https:\/\/diariodominicano.com\/index.php?rest_route=%2Fwp%2Fv2%2Ftags&post=70950"}],"curies":[{"name":"wp","href":"https:\/\/api.w.org\/{rel}","templated":true}]}}