{"id":70949,"date":"2008-05-28T00:00:00","date_gmt":"2008-05-28T00:00:00","guid":{"rendered":"http:\/\/diariodominicano.ddns.net\/?p=70949"},"modified":"2008-05-28T00:00:00","modified_gmt":"2008-05-28T00:00:00","slug":"efemerides-patrias-presenta-mataron-al-chivo-punto-com","status":"publish","type":"post","link":"https:\/\/diariodominicano.com\/?p=70949","title":{"rendered":"Efemerides Patrias presenta: Mataron al Chivo Punto Com"},"content":{"rendered":"<p><body><\/p>\n<p class=\"titulogrande1\"><strong>Efemerides Patrias presenta: Mataron al Chivo Punto Com<\/strong><\/p>\n<p>&#13;<\/p>\n<p align=\"justify\" class=\"text1noticias\"><strong><img loading=\"lazy\" decoding=\"async\" src=\"http:\/\/localhost:8080\/img\/chivo.jpg\" width=\"375\" height=\"582\" hspace=\"4\" align=\"left\" \/>Santo Domingo.-<\/strong> Con motivo de conmemorarse este  30 de mayo el 47 aniversario del ajusticiamiento del tirano Rafael Le\u00f3nidas  Trujillo, la Comisi\u00f3n Permanente de Efem\u00e9rides Patrias, presentar\u00e1 el pr\u00f3ximo  jueves 29 de mayo, la obra teatral Mataron al Chivo Punto Com, en el auditorio  del Centro Cultural y Tecnol\u00f3gico, Juan Manuel Cont\u00edn, de la ciudad de Moca. <br \/>&#13;<br \/>\n  <br \/>&#13;<br \/>\n  La obra, que es de la autor\u00eda de  Juan Mar\u00eda Almonte y Reynaldo Disla, est\u00e1 dirigida a estudiantes meritorios de  los liceos p\u00fablicos de la mencionada provincia. La entrada es libre y la  presentaci\u00f3n es a las 11: 00 de la ma\u00f1ana.<br \/>&#13;<br \/>\n  <br \/>&#13;<br \/>\n  Mataron al Chivo Punto Com,  recrea, con estricto apego a la realidad hist\u00f3rica, los m\u00e1s importantes hechos  que culminaron con el descabezamiento de la tiran\u00eda que azot\u00f3 el pa\u00eds desde  1930 hasta 1961. <br \/>&#13;<br \/>\n  <br \/>&#13;<br \/>\n  Su estreno se produjo en el a\u00f1o  2003, y desde entonces se ha estado presentando en los distintos escenarios del  pa\u00eds, contando siempre con la aceptaci\u00f3n del p\u00fablico y el elogio de la cr\u00edtica  especializada.<br \/>&#13;<br \/>\n  <br \/>&#13;<br \/>\n  Desde el a\u00f1o 2004 la Comisi\u00f3n  Permanente de Efem\u00e9rides Patrias conmemora con esta obra, el D\u00eda de la  Libertad.<br \/>&#13;<br \/>\n  <br \/>&#13;<br \/>\n  El elenco de Mataron al Chivo  Punto Com est\u00e1 integrado por destacadas figuras del teatro, el cine y la  televisi\u00f3n. Omar Ram\u00edrez representa el personaje, Trujillo; Annie Tav\u00e1rez,  representa a los personajes: Minerva Mirabal, Chana (esposa de Juan Tom\u00e1s  D\u00edaz), Altagracia (esposa de Octavio de la Maza), Servidora de Misterios, y  Meretriz; Reynaldo Disla representa al celebre humorista, Don Paco Escribano.  <br \/>&#13;<br \/>\n  <br \/>&#13;<br \/>\n  Otros actores en escena son: Johni\u00e9 Mercedes, Gilberto Hern\u00e1ndez, Orestes  Amador, Wilson Ure\u00f1a, Billy Mart\u00edn, Santiago Alonzo, Di\u00f3genes Medina y H\u00e9ctor  Sena; representan a los personajes: Antonio de la Masa, Modesto D\u00edaz, El  Mister, Pedro Livio Cede\u00f1o, Ramfis Trujillo, Juan Tomas D\u00edaz, y un miembro del  Servicio de Inteligencia Militar. La direcci\u00f3n de la obra esta a cargo de Juan  Mar\u00eda Almonte.<br \/>&#13;<br \/>\n  <br \/>&#13;<br \/>\n  La producci\u00f3n de Mataron al Chivo  Punto Com est\u00e1 a cargo de Teatro Robalagallina, que dirigen Juan Mar\u00eda Almonte  y Annie Tav<span dir=\"rtl\">\u00e1<\/span>rez.\u00a0\u00a0\u00a0\u00a0 <\/p>\n<p>&#13;<\/p>\n<h6> 2008-05-28 00:00:00 <\/h6>\n<p><!--\n<link rel=\"stylesheet\" href=\"css\/bootstrap.min.css\">\n\n\n<ul class=\"pagination\">\n\t    \n\t\n\n<li >\n\t<a href='?page_no=22626'>Previous<\/a>\n\t<\/li>\n\n\n       \n    \n\n<li><a href='?page_no=1'>1<\/a><\/li>\n\n\n\n<li><a href='?page_no=2'>2<\/a><\/li>\n\n\n\n<li><a>...<\/a><\/li>\n\n\n\n<li><a href='?page_no=22625'>22625<\/a><\/li>\n\n\n\n<li><a href='?page_no=22626'>22626<\/a><\/li>\n\n\n\n<li class='active'><a>22627<\/a><\/li>\n\n\n\n<li><a href='?page_no=22628'>22628<\/a><\/li>\n\n\n\n<li><a href='?page_no=22629'>22629<\/a><\/li>\n\n\n\n<li><a>...<\/a><\/li>\n\n\n\n<li><a href='?page_no=22911'>22911<\/a><\/li>\n\n\n\n<li><a href='?page_no=22912'>22912<\/a><\/li>\n\n    \n\t\n\n<li >\n\t<a href='?page_no=22628'>Next<\/a>\n\t<\/li>\n\n\n    \n\n<li><a href='?page_no=22912'>Last &rsaquo;&rsaquo;<\/a><\/li>\n\n<\/ul>\n\n\n--><br \/>\n<\/body><\/p>\n","protected":false},"excerpt":{"rendered":"<p>Efemerides Patrias presenta: Mataron al Chivo Punto Com &#13; Santo Domingo.- Con motivo de conmemorarse este 30 de mayo el 47 aniversario del ajusticiamiento del tirano Rafael Le\u00f3nidas Trujillo, la Comisi\u00f3n Permanente de Efem\u00e9rides Patrias, presentar\u00e1 el pr\u00f3ximo jueves 29 de mayo, la obra teatral Mataron al Chivo Punto Com, en el auditorio del Centro [&hellip;]<\/p>\n","protected":false},"author":3,"featured_media":0,"comment_status":"open","ping_status":"open","sticky":false,"template":"","format":"standard","meta":{"footnotes":""},"categories":[21],"tags":[],"class_list":["post-70949","post","type-post","status-publish","format-standard","hentry","category-cultura"],"_links":{"self":[{"href":"https:\/\/diariodominicano.com\/index.php?rest_route=\/wp\/v2\/posts\/70949","targetHints":{"allow":["GET"]}}],"collection":[{"href":"https:\/\/diariodominicano.com\/index.php?rest_route=\/wp\/v2\/posts"}],"about":[{"href":"https:\/\/diariodominicano.com\/index.php?rest_route=\/wp\/v2\/types\/post"}],"author":[{"embeddable":true,"href":"https:\/\/diariodominicano.com\/index.php?rest_route=\/wp\/v2\/users\/3"}],"replies":[{"embeddable":true,"href":"https:\/\/diariodominicano.com\/index.php?rest_route=%2Fwp%2Fv2%2Fcomments&post=70949"}],"version-history":[{"count":0,"href":"https:\/\/diariodominicano.com\/index.php?rest_route=\/wp\/v2\/posts\/70949\/revisions"}],"wp:attachment":[{"href":"https:\/\/diariodominicano.com\/index.php?rest_route=%2Fwp%2Fv2%2Fmedia&parent=70949"}],"wp:term":[{"taxonomy":"category","embeddable":true,"href":"https:\/\/diariodominicano.com\/index.php?rest_route=%2Fwp%2Fv2%2Fcategories&post=70949"},{"taxonomy":"post_tag","embeddable":true,"href":"https:\/\/diariodominicano.com\/index.php?rest_route=%2Fwp%2Fv2%2Ftags&post=70949"}],"curies":[{"name":"wp","href":"https:\/\/api.w.org\/{rel}","templated":true}]}}