{"id":70948,"date":"2008-05-28T21:03:30","date_gmt":"2008-05-28T21:03:30","guid":{"rendered":"http:\/\/diariodominicano.ddns.net\/?p=70948"},"modified":"2008-05-28T21:03:30","modified_gmt":"2008-05-28T21:03:30","slug":"proximo-libro-de-garcia-maquez-se-titularia-en-agosto-nos-vemos","status":"publish","type":"post","link":"https:\/\/diariodominicano.com\/?p=70948","title":{"rendered":"Pr\u00f3ximo libro de Garc\u00eda M\u00e1quez se titular\u00eda En Agosto nos Vemos"},"content":{"rendered":"<p><body><\/p>\n<p align=\"justify\"><span class=\"titulogrande1\">Pr\u00f3ximo libro de Garc\u00eda M\u00e1quez se titular\u00eda En Agosto nos  Vemos <\/span><br \/>&#13;<br \/>\n  <br \/>&#13;<br \/>\n    <span class=\"text1noticias\">Con esta obra el Premio Nobel colombiano cerrar\u00e1 el ciclo  que comenz\u00f3 en 1985 con El Amor en los Tiempos del C\u00f3lera. <br \/>&#13;<br \/>\n    <br \/>&#13;<br \/>\nEFE <\/span><\/p>\n<p>&#13;<\/p>\n<p align=\"justify\" class=\"text1noticias\"><img loading=\"lazy\" decoding=\"async\" src=\"http:\/\/localhost:8080\/img\/marque.jpg\" width=\"375\" height=\"270\" hspace=\"4\" align=\"left\" \/>Gabriel Garc\u00eda M\u00e1rquez est\u00e1 ultimando su \u00faltimo libro y ya  tiene incluso un t\u00edtulo orientativo, En Agosto nos Vemos, adelant\u00f3 hoy Jos\u00e9  Salgar, el periodista al que el escritor colombiano considera como su maestro  de periodismo.<br \/>&#13;<br \/>\n  <br \/>&#13;<br \/>\n  \u00abMe autoriz\u00f3 para decir que s\u00ed, que va a salir su pr\u00f3ximo  libro\u00bb, asegur\u00f3 Salgar, zanjando de forma rotunda los recientes rumores  que apuntaban a que el Premio Nobel de Literatura de 1982 no ten\u00eda ning\u00fan nuevo  proyecto.<br \/>&#13;<br \/>\n<br \/>&#13;<br \/>\nEl periodista recibi\u00f3 la autorizaci\u00f3n de Garc\u00eda M\u00e1rquez,  conocido como \u00abGabo\u00bb, en la conversaci\u00f3n que ambos mantuvieron  \u00abla semana pasada\u00bb para comentar, entre otras cuestiones, la  reaparici\u00f3n de El Espectador como diario en Colombia, algo por lo que  \u00abestaba muy contento\u00bb.<br \/>&#13;<br \/>\n<br \/>&#13;<br \/>\nSalgar a\u00f1adi\u00f3 que \u00abtodav\u00eda m\u00e1s hay\u00bb, en alusi\u00f3n a  la existencia de \u00abun intento de t\u00edtulo de ese libro\u00bb que, aunque no  es definitivo, podr\u00eda ser el de En Agosto nos Vemos.<br \/>&#13;<br \/>\n<br \/>&#13;<br \/>\n\u00abNo es definitivo\u00bb, insisti\u00f3, \u00abpero parece  que es un primer intento y \u00e9l (Garc\u00eda M\u00e1rquez) tardar\u00e1, como ha pasado con los  libros anteriores de Gabo, por lo menos un a\u00f1o en su promoci\u00f3n\u00bb.<br \/>&#13;<br \/>\n<br \/>&#13;<br \/>\nLo que s\u00ed est\u00e1 del todo claro, seg\u00fan el maestro del  escritor, es el tema de ese libro que, \u00abcomo siempre, es el amor\u00bb.<br \/>&#13;<br \/>\n<br \/>&#13;<br \/>\nCon esa obra, cerrar\u00e1 el ciclo que comenz\u00f3 en 1985 con El  Amor en los Tiempos del C\u00f3lera, sigui\u00f3 con Del Amor y otros Demonios (1994)  y\u00a0luego con Memoria de mis Putas Tristes (2004).<br \/>&#13;<br \/>\n<br \/>&#13;<br \/>\nJos\u00e9 Salgar afirm\u00f3 que desconoce cu\u00e1l es el estado de salud  actual de Garc\u00eda M\u00e1rquez, aunque su impresi\u00f3n es que ha mejorado.<br \/>&#13;<br \/>\n<br \/>&#13;<br \/>\n\u00abHablamos con alguna frecuencia por tel\u00e9fono y cada vez  est\u00e1 m\u00e1s vigorosa la voz, pero desde luego \u00e9l tiene que cuidarse mucho y se  cuida mucho\u00bb, indic\u00f3.<br \/>&#13;<br \/>\n<br \/>&#13;<br \/>\nDebe llevar un r\u00e9gimen de vida \u00abmuy estricto\u00bb  pero, al menos desde lejos, \u00abse siente muy bien\u00bb, insisti\u00f3.<br \/>&#13;<br \/>\n<br \/>&#13;<br \/>\nSalgar explic\u00f3 que, cuando est\u00e1n cara a cara, como ocurri\u00f3  recientemente en Guadalajara y en Monterrey, lo que pasa es que \u00abentre  viejos amigos, cuando uno se encuentra a trav\u00e9s de los a\u00f1os y se sienta a  conversar, no ha pasado nada de eso que ven los dem\u00e1s\u00bb.<br \/>&#13;<br \/>\n<br \/>&#13;<br \/>\n\u00abNo ves el Nobel, no ves nada m\u00e1s que los amigos que  vuelven a conversar de los asuntos anteriores\u00bb, subray\u00f3.<br \/>&#13;<br \/>\n<br \/>&#13;<br \/>\nEl periodista colombiano, uno de los m\u00e1s reconocidos en su  pa\u00eds por toda su trayectoria profesional, hac\u00eda estas declaraciones en el marco  de un coloquio sobre periodismo latinoamericano que se celebra en la Casa de  Am\u00e9rica de Madrid.<\/p>\n<p>&#13;<\/p>\n<h6> 2008-05-28 21:03:30 <\/h6>\n<p><!--\n<link rel=\"stylesheet\" href=\"css\/bootstrap.min.css\">\n\n\n<ul class=\"pagination\">\n\t    \n\t\n\n<li >\n\t<a href='?page_no=22625'>Previous<\/a>\n\t<\/li>\n\n\n       \n    \n\n<li><a href='?page_no=1'>1<\/a><\/li>\n\n\n\n<li><a href='?page_no=2'>2<\/a><\/li>\n\n\n\n<li><a>...<\/a><\/li>\n\n\n\n<li><a href='?page_no=22624'>22624<\/a><\/li>\n\n\n\n<li><a href='?page_no=22625'>22625<\/a><\/li>\n\n\n\n<li class='active'><a>22626<\/a><\/li>\n\n\n\n<li><a href='?page_no=22627'>22627<\/a><\/li>\n\n\n\n<li><a href='?page_no=22628'>22628<\/a><\/li>\n\n\n\n<li><a>...<\/a><\/li>\n\n\n\n<li><a href='?page_no=22911'>22911<\/a><\/li>\n\n\n\n<li><a href='?page_no=22912'>22912<\/a><\/li>\n\n    \n\t\n\n<li >\n\t<a href='?page_no=22627'>Next<\/a>\n\t<\/li>\n\n\n    \n\n<li><a href='?page_no=22912'>Last &rsaquo;&rsaquo;<\/a><\/li>\n\n<\/ul>\n\n\n--><br \/>\n<\/body><\/p>\n","protected":false},"excerpt":{"rendered":"<p>Pr\u00f3ximo libro de Garc\u00eda M\u00e1quez se titular\u00eda En Agosto nos Vemos &#13; &#13; Con esta obra el Premio Nobel colombiano cerrar\u00e1 el ciclo que comenz\u00f3 en 1985 con El Amor en los Tiempos del C\u00f3lera. &#13; &#13; EFE &#13; Gabriel Garc\u00eda M\u00e1rquez est\u00e1 ultimando su \u00faltimo libro y ya tiene incluso un t\u00edtulo orientativo, En [&hellip;]<\/p>\n","protected":false},"author":3,"featured_media":0,"comment_status":"open","ping_status":"open","sticky":false,"template":"","format":"standard","meta":{"footnotes":""},"categories":[21],"tags":[],"class_list":["post-70948","post","type-post","status-publish","format-standard","hentry","category-cultura"],"_links":{"self":[{"href":"https:\/\/diariodominicano.com\/index.php?rest_route=\/wp\/v2\/posts\/70948","targetHints":{"allow":["GET"]}}],"collection":[{"href":"https:\/\/diariodominicano.com\/index.php?rest_route=\/wp\/v2\/posts"}],"about":[{"href":"https:\/\/diariodominicano.com\/index.php?rest_route=\/wp\/v2\/types\/post"}],"author":[{"embeddable":true,"href":"https:\/\/diariodominicano.com\/index.php?rest_route=\/wp\/v2\/users\/3"}],"replies":[{"embeddable":true,"href":"https:\/\/diariodominicano.com\/index.php?rest_route=%2Fwp%2Fv2%2Fcomments&post=70948"}],"version-history":[{"count":0,"href":"https:\/\/diariodominicano.com\/index.php?rest_route=\/wp\/v2\/posts\/70948\/revisions"}],"wp:attachment":[{"href":"https:\/\/diariodominicano.com\/index.php?rest_route=%2Fwp%2Fv2%2Fmedia&parent=70948"}],"wp:term":[{"taxonomy":"category","embeddable":true,"href":"https:\/\/diariodominicano.com\/index.php?rest_route=%2Fwp%2Fv2%2Fcategories&post=70948"},{"taxonomy":"post_tag","embeddable":true,"href":"https:\/\/diariodominicano.com\/index.php?rest_route=%2Fwp%2Fv2%2Ftags&post=70948"}],"curies":[{"name":"wp","href":"https:\/\/api.w.org\/{rel}","templated":true}]}}