{"id":70947,"date":"2008-05-28T21:06:04","date_gmt":"2008-05-28T21:06:04","guid":{"rendered":"http:\/\/diariodominicano.ddns.net\/?p=70947"},"modified":"2008-05-28T21:06:04","modified_gmt":"2008-05-28T21:06:04","slug":"la-gira-de-coldplay-pasa-por-espana","status":"publish","type":"post","link":"https:\/\/diariodominicano.com\/?p=70947","title":{"rendered":"La gira de Coldplay pasa por Espa\u00f1a"},"content":{"rendered":"<p><body><\/p>\n<p align=\"justify\"><strong class=\"titulogrande1\">La gira de Coldplay pasa por Espa\u00f1a<\/strong><br \/>&#13;<br \/>\n  <br \/>&#13;<br \/>\n    <span class=\"text1noticias\">La banda actuar\u00e1 los d\u00edas 6 y 7 de septiembre en Barcelona y Madrid <br \/>&#13;<br \/>\n    <br \/>&#13;<br \/>\n    <strong>EFE<\/strong> &#8211; Madrid &#8211; 28\/05\/2008 <\/span><\/p>\n<p>&#13;<\/p>\n<p align=\"justify\" class=\"text1noticias\"><img loading=\"lazy\" decoding=\"async\" src=\"http:\/\/localhost:8080\/img\/cold play.jpg\" width=\"375\" height=\"276\" hspace=\"4\" align=\"left\" \/>El grupo brit\u00e1nico Coldplay  regresa a Espa\u00f1a tres a\u00f1os despu\u00e9s de su \u00faltima visita. La banda de Chris  Martin suma dos conciertos m\u00e1s al ya previsto en Barcelona para el 17 de junio  (que ser\u00e1 gratuito). Los conciertos se celebrar\u00e1n el 6 de septiembre en el  Palau Sant Jordi de la capital catalana y el 7 de septiembre en el Palacio de  los Deportes de Madrid.<br \/>&#13;<br \/>\n  <br \/>&#13;<br \/>\n  Coldplay visitar\u00e1 ambas ciudades  dentro de la presentaci\u00f3n mundial de su \u00faltimo trabajo, <em>Viva La Vida Or  Death And<\/em>, que saldr\u00e1 a la venta en Espa\u00f1a el 17 de junio.<br \/>&#13;<br \/>\n  <br \/>&#13;<br \/>\n  Este es el cuarto disco de la  banda, un \u00e1lbum con un sonido m\u00e1s guitarrero y distorsionado, producido por  Brian Eno y Markus Dravs y grabado en Londres, Nueva York y Barcelona.<br \/>&#13;<br \/>\n  <br \/>&#13;<br \/>\n  El grupo se estren\u00f3 con <em>Parachutes<\/em> en el a\u00f1o 2000, aunque empezaron a ser conocidos dentro del mundo de la m\u00fasica  desde la publicaci\u00f3n de su siguiente trabajo, <em>A rush of blood to the head<\/em>,  en 2002.<br \/>&#13;<br \/>\n  <br \/>&#13;<br \/>\n  Las entradas para los conciertos  de Barcelona y Madrid, se pondr\u00e1n a la venta los d\u00edas 4 y 11 de junio,  respectivamente, seg\u00fan la web del grupo.<\/p>\n<p>&#13;<\/p>\n<h6> 2008-05-28 21:06:04 <\/h6>\n<p><!--\n<link rel=\"stylesheet\" href=\"css\/bootstrap.min.css\">\n\n\n<ul class=\"pagination\">\n\t    \n\t\n\n<li >\n\t<a href='?page_no=22624'>Previous<\/a>\n\t<\/li>\n\n\n       \n    \n\n<li><a href='?page_no=1'>1<\/a><\/li>\n\n\n\n<li><a href='?page_no=2'>2<\/a><\/li>\n\n\n\n<li><a>...<\/a><\/li>\n\n\n\n<li><a href='?page_no=22623'>22623<\/a><\/li>\n\n\n\n<li><a href='?page_no=22624'>22624<\/a><\/li>\n\n\n\n<li class='active'><a>22625<\/a><\/li>\n\n\n\n<li><a href='?page_no=22626'>22626<\/a><\/li>\n\n\n\n<li><a href='?page_no=22627'>22627<\/a><\/li>\n\n\n\n<li><a>...<\/a><\/li>\n\n\n\n<li><a href='?page_no=22911'>22911<\/a><\/li>\n\n\n\n<li><a href='?page_no=22912'>22912<\/a><\/li>\n\n    \n\t\n\n<li >\n\t<a href='?page_no=22626'>Next<\/a>\n\t<\/li>\n\n\n    \n\n<li><a href='?page_no=22912'>Last &rsaquo;&rsaquo;<\/a><\/li>\n\n<\/ul>\n\n\n--><br \/>\n<\/body><\/p>\n","protected":false},"excerpt":{"rendered":"<p>La gira de Coldplay pasa por Espa\u00f1a&#13; &#13; La banda actuar\u00e1 los d\u00edas 6 y 7 de septiembre en Barcelona y Madrid &#13; &#13; EFE &#8211; Madrid &#8211; 28\/05\/2008 &#13; El grupo brit\u00e1nico Coldplay regresa a Espa\u00f1a tres a\u00f1os despu\u00e9s de su \u00faltima visita. La banda de Chris Martin suma dos conciertos m\u00e1s al ya [&hellip;]<\/p>\n","protected":false},"author":3,"featured_media":0,"comment_status":"open","ping_status":"open","sticky":false,"template":"","format":"standard","meta":{"footnotes":""},"categories":[21],"tags":[],"class_list":["post-70947","post","type-post","status-publish","format-standard","hentry","category-cultura"],"_links":{"self":[{"href":"https:\/\/diariodominicano.com\/index.php?rest_route=\/wp\/v2\/posts\/70947","targetHints":{"allow":["GET"]}}],"collection":[{"href":"https:\/\/diariodominicano.com\/index.php?rest_route=\/wp\/v2\/posts"}],"about":[{"href":"https:\/\/diariodominicano.com\/index.php?rest_route=\/wp\/v2\/types\/post"}],"author":[{"embeddable":true,"href":"https:\/\/diariodominicano.com\/index.php?rest_route=\/wp\/v2\/users\/3"}],"replies":[{"embeddable":true,"href":"https:\/\/diariodominicano.com\/index.php?rest_route=%2Fwp%2Fv2%2Fcomments&post=70947"}],"version-history":[{"count":0,"href":"https:\/\/diariodominicano.com\/index.php?rest_route=\/wp\/v2\/posts\/70947\/revisions"}],"wp:attachment":[{"href":"https:\/\/diariodominicano.com\/index.php?rest_route=%2Fwp%2Fv2%2Fmedia&parent=70947"}],"wp:term":[{"taxonomy":"category","embeddable":true,"href":"https:\/\/diariodominicano.com\/index.php?rest_route=%2Fwp%2Fv2%2Fcategories&post=70947"},{"taxonomy":"post_tag","embeddable":true,"href":"https:\/\/diariodominicano.com\/index.php?rest_route=%2Fwp%2Fv2%2Ftags&post=70947"}],"curies":[{"name":"wp","href":"https:\/\/api.w.org\/{rel}","templated":true}]}}