{"id":70944,"date":"2008-05-28T21:14:25","date_gmt":"2008-05-28T21:14:25","guid":{"rendered":"http:\/\/diariodominicano.ddns.net\/?p=70944"},"modified":"2008-05-28T21:14:25","modified_gmt":"2008-05-28T21:14:25","slug":"con-motivo-a-la-celebracion-del-dia-mundial-del-medio-ambiente-unphu-realiza-panel-sobre-calentamiento-global","status":"publish","type":"post","link":"https:\/\/diariodominicano.com\/?p=70944","title":{"rendered":"Con motivo a la celebraci\u00f3n del d\u00eda mundial del Medio Ambiente UNPHU realiza panel sobre calentamiento global"},"content":{"rendered":"<p><body><\/p>\n<p align=\"justify\"><span class=\"titulogrande1\"><strong>Con  motivo a la celebraci\u00f3n del d\u00eda mundial del Medio Ambiente UNPHU realiza panel sobre  calentamiento global<\/strong><\/span><strong><br \/>&#13;<br \/>\n  <br \/>&#13;<br \/>\n<\/strong><span class=\"text1noticias\">Previo se proyect\u00f3 el Film  La \u00faltima Hora de Leonardo DiCaprio<\/span><\/p>\n<p>&#13;<\/p>\n<p align=\"justify\" class=\"text1noticias\"><strong><img loading=\"lazy\" decoding=\"async\" src=\"http:\/\/localhost:8080\/img\/panel.jpg\" width=\"375\" height=\"859\" hspace=\"4\" align=\"left\" \/>SANTO DOMINGO.- <\/strong>Con motivo a  la celebraci\u00f3n del d\u00eda mundial del medio ambiente, la Universidad Nacional  Pedro Henr\u00edquez Ure\u00f1a (UNPHU), a trav\u00e9s de su Facultad de Ciencias Agropecuarias  y Recursos Naturales, en conjunto con el Centro de Innovaci\u00f3n Atabey, realiz\u00f3  un panel sobre el tema del calentamiento global, el cual se hizo luego de la  exhibici\u00f3n del film sobre el mismo tema producido por el afamado actor Leonardo  Dicaprio.<\/p>\n<p>&#13;<\/p>\n<p align=\"justify\" class=\"text1noticias\">El nuevo film del famoso  actor americano, Leonardo DiCaprio, el 11th Hour (La Ultima Hora en  espa\u00f1ol), sigue la l\u00ednea de los recientes documentales ambientales con una  importante diferencia: el cambio clim\u00e1tico viene indicado como parte de un  problema m\u00e1s importante: los extensos cambios negativos generados por la  actividad humana en la \u00e9poca industrial. El film tambi\u00e9n propone soluciones  para detener los efectos negativos del nuestro comportamiento, como el uso de  las energ\u00edas renovable, el reciclado, el decrecimiento del consumo y el consumo  de los productos locales. <\/p>\n<p>&#13;<\/p>\n<p align=\"justify\" class=\"text1noticias\">En  el evento que se llev\u00f3 a cabo en el Sal\u00f3n de Conferencias de la UNPHU, estuvieron presentes  autoridades acad\u00e9micas de la Casa  de Altos Estudios, encabezados por el Vicerrector de Gesti\u00f3n, Dr. Jos\u00e9 Rafael  Espaillat; el Director del Depto. de Medio Ambiente y Recursos Naturales, Ing.  Roberto Suriel; adem\u00e1s de expertos del \u00e1rea medioambiental, estudiantes y  p\u00fablico en general. <\/p>\n<p>&#13;<\/p>\n<p align=\"justify\" class=\"text1noticias\">Dentro de los panelistas  estuvieron los profesionales Mois\u00e9s  \u00c1lvarez, Milton Morrison, Patricia Cuevas, Domingo Contreras y Enrique Garc\u00eda,  quienes abordaron el tema desde diferentes \u00e1mbitos y c\u00f3mo afecta la realidad de  la Rep\u00fablica   Dominicana. <\/p>\n<p>&#13;<\/p>\n<p align=\"justify\" class=\"text1noticias\">La Facultad de Ciencias  Agropecuarias y Recursos Naturales est\u00e1 reiniciando actualmente la Maestr\u00eda en Manejo de  Recursos Naturales para ofertar a profesionales interesados en el \u00e1rea  medioambiental un espacio para contribuir a cambiar los esquemas actuales que est\u00e1n  afectando el planeta tierra. <\/p>\n<p>&#13;<\/p>\n<p align=\"justify\" class=\"text1noticias\"><strong>A  continuaci\u00f3n los panelistas: <\/strong><\/p>\n<p>&#13;<\/p>\n<p align=\"justify\" class=\"text1noticias\"><strong>MOISES  ALVARES<\/strong><\/p>\n<p>&#13;<\/p>\n<p align=\"justify\" class=\"text1noticias\">Se gradu\u00f3 de Licenciatura en  F\u00edsica con honores en la Universidad Nacional Pedro Henr\u00edquez Ure\u00f1a  (UNPHU). Actualmente est\u00e1 a cargo de un proyecto, de la Secretar\u00eda de Estado de  Medio Ambiente y Recursos Naturales, para la eliminaci\u00f3n de las sustancias  agotadoras de la capa de ozono. Ha sido encargado del Programa de Producci\u00f3n  m\u00e1s Limpia y es Director de la Oficina Nacional del Mecanismo de Desarrollo  Limpio de la Secretar\u00eda  de Medio Ambiente y Recursos Naturales. Fue Decano Interino de la Facultad de Ciencias,  Ingenier\u00eda y Tecnolog\u00eda de la   UNPHU, as\u00ed como Coordinador de Maestr\u00edas, Postgrados y  Estudios Especiales del Centro de Investigaciones y Consultor\u00eda de la UNPHU. Tambi\u00e9n fue  Director del Departamento de F\u00edsica y es Profesor Investigador Titular del  Centro de Investigaciones y Publicaciones de la UNPHU y del Centro de Altos  Estudios Human\u00edsticos y del Idioma Espa\u00f1ol. <\/p>\n<p>&#13;<\/p>\n<p align=\"justify\" class=\"text1noticias\">Posee una vasta experiencia,  avalada por publicaciones cient\u00edficas tanto a nivel internacional como  nacional, en los siguientes campos: instrumentaci\u00f3n electr\u00f3nica nuclear e  industrial, aplicaci\u00f3n de t\u00e9cnicas anal\u00edticas nucleares e instrumentales en la  soluci\u00f3n de problemas ambientales, biom\u00e9dicos y arqueol\u00f3gicos, transferencia de  tecnolog\u00edas ambientalmente amigables para la Protecci\u00f3n de la Capa de Ozono y Reducci\u00f3n del  Efecto Invernadero, Cambio Clim\u00e1tico y el Mecanismo de Desarrollo Limpio, y  aplicaci\u00f3n de computadoras personales en la ense\u00f1anza de la f\u00edsica a nivel  secundario y universitario.<\/p>\n<p>&#13;<\/p>\n<p align=\"justify\" class=\"text1noticias\">Durante mucho tiempo estuvo  a cargo del Laboratorio de Electr\u00f3nica Nuclear\u00a0  y del\u00a0 Laboratorio de  Fluorescencia de Rayos X del Departamento de F\u00edsica de la UNPHU.<\/p>\n<p>&#13;<\/p>\n<p align=\"justify\" class=\"text1noticias\">Ha sido contratado por el  Organismo Internacional de Energ\u00eda At\u00f3mica (OIEA) como experto en  instrumentaci\u00f3n electr\u00f3nica nuclear y t\u00e9cnicas anal\u00edticas nucleares e  instrumentales en misiones a diferentes pa\u00edses de la regi\u00f3n latinoamericana  (Per\u00fa, Bolivia, Venezuela).<\/p>\n<p>&#13;<\/p>\n<p align=\"justify\" class=\"text1noticias\">Estuvo encargado del  seguimiento de la   Conferencia de las Naciones Unidas sobre Medio Ambiente y  Desarrollo (mejor conocida como Cumbre para la Tierra o Cumbre de R\u00edo  1992). Ha manejado diferentes proyectos y estudios en el \u00e1rea de medio ambiente  y desarrollo sostenible de diferentes organizaciones (USAID, FMAM-PPS, PNUD,  Capacidad 21, REGAE). Uno de los resultados del proyecto Capacidad 21, del cual  fue su Coordinador Nacional, ha sido la creaci\u00f3n de la Ley Ambiental, la  que a su vez cre\u00f3 la   Secretar\u00eda de Medio Ambiente y Recursos Naturales.<\/p>\n<p>&#13;<\/p>\n<p align=\"justify\" class=\"text1noticias\">Actualmente es vocal,  tesorero y coordinador de la   Comisi\u00f3n de Ciencias B\u00e1sicas y Tecnolog\u00eda de la Academia de Ciencias de la Rep\u00fablica Dominicana.  Ha sido presidente de la   Sociedad Dominicana de F\u00edsica y, adem\u00e1s, es miembro de la  \u201cInternational Radiation Physics Society\u201d y fue el Encargado del Departamento  de Ciencia y Tecnolog\u00eda de la   ONAPLAN y delegado Nacional del Programa CYTED.<\/p>\n<p>&#13;<\/p>\n<p align=\"justify\" class=\"text1noticias\">Esta registrado como  consultor ambiental certificado en la Secretar\u00eda de Estado de Medio Ambiente y Recursos  Naturales con experiencia en el sector Turismo, Zonas Francas y de las Micro,  Peque\u00f1as y Medianas Empresas (MIPYMES).<\/p>\n<p>&#13;<\/p>\n<p align=\"justify\" class=\"text1noticias\"><strong>MILTON  MORRISON<\/strong><\/p>\n<p>&#13;<\/p>\n<p align=\"justify\" class=\"text1noticias\">Se gradu\u00f3 de Ingenier\u00eda El\u00e9ctrica  en la Universidad   INTEC, curs\u00f3 master in Development and Project Planning en la Universidad de  Bradford en Inglaterra y una especialidad en Regulaci\u00f3n y Estrategia de  Mercados El\u00e9ctricos en el Public Utility Research Center, en la Universidad de  Florida. <br \/>&#13;<br \/>\n  <br \/>&#13;<br \/>\n  Actualmente es consultor  energ\u00e9tico para diversas instituciones y profesor de la facultad de ingenier\u00eda  de la universidad INTEC.<\/p>\n<p>&#13;<\/p>\n<p align=\"justify\" class=\"text1noticias\"><strong>PATRICIA  CUEVAS<\/strong><br \/>&#13;<br \/>\n  Arquitecto egresado y  docente de la UNPHU,  con maestr\u00edas en Urbanismo y Energ\u00edas Renovables aplicada a la arquitectura.  Actualmente colaborando con el ADN, en el Plan Estrat\u00e9gico.<\/p>\n<p>&#13;<\/p>\n<p align=\"justify\" class=\"text1noticias\"><strong>DOMINGO  CONTRERAS<\/strong><br \/>&#13;<br \/>\n  Se gradu\u00f3 de Licenciatura en  Biolog\u00eda en la   Universidad Autonom\u00eda de Santo Domingo y de Derecho en la Universidad del  Caribe.\u00a0 Ha ocupado diferentes cargos en  el sector publico,\u00a0 actualmente en el  Secretario General del Ayuntamiento del Distrito General. Como parte de su  compromiso con el medio ambiente, impulsa la creaci\u00f3n de la Asociaci\u00f3n de  Productores de Bosques de Pino del Municipio de Restauraci\u00f3n; firm\u00f3 el convenio  de Co-Manejo con la   Secretar\u00eda de Estado de Medio Ambiente del Parque Nacional  Nalga de Maco y funda el Centro de Innovaci\u00f3n ATABEY, del cual es presidente.<br \/>&#13;<br \/>\n  \u00a0<br \/>&#13;<br \/>\n  <strong>ENRIQUE  GARCIA<\/strong><br \/>&#13;<br \/>\n  Se gradu\u00f3 de Licenciatura en  Ingenier\u00eda Agr\u00f3noma en la UASD,\u00a0 se especializa en Tree diagnosis, Inventory  and Management en el Instituto de Forestaci\u00f3n Urbana de Puerto Rico y a trav\u00e9s  de la JICA  participa en un curso de Urban Greenery and Park Administration en Jap\u00f3n.\u00a0 Participa en programas de recuperaci\u00f3n de  ecosistemas. Actualmente es el encargado de la gesti\u00f3n del arbolado urbano\u00a0 en el Ayuntamiento del Distrito nacional.<\/p>\n<p>&#13;<\/p>\n<h6> 2008-05-28 21:14:25 <\/h6>\n<p><!--\n<link rel=\"stylesheet\" href=\"css\/bootstrap.min.css\">\n\n\n<ul class=\"pagination\">\n\t    \n\t\n\n<li >\n\t<a href='?page_no=22621'>Previous<\/a>\n\t<\/li>\n\n\n       \n    \n\n<li><a href='?page_no=1'>1<\/a><\/li>\n\n\n\n<li><a href='?page_no=2'>2<\/a><\/li>\n\n\n\n<li><a>...<\/a><\/li>\n\n\n\n<li><a href='?page_no=22620'>22620<\/a><\/li>\n\n\n\n<li><a href='?page_no=22621'>22621<\/a><\/li>\n\n\n\n<li class='active'><a>22622<\/a><\/li>\n\n\n\n<li><a href='?page_no=22623'>22623<\/a><\/li>\n\n\n\n<li><a href='?page_no=22624'>22624<\/a><\/li>\n\n\n\n<li><a>...<\/a><\/li>\n\n\n\n<li><a href='?page_no=22911'>22911<\/a><\/li>\n\n\n\n<li><a href='?page_no=22912'>22912<\/a><\/li>\n\n    \n\t\n\n<li >\n\t<a href='?page_no=22623'>Next<\/a>\n\t<\/li>\n\n\n    \n\n<li><a href='?page_no=22912'>Last &rsaquo;&rsaquo;<\/a><\/li>\n\n<\/ul>\n\n\n--><br \/>\n<\/body><\/p>\n","protected":false},"excerpt":{"rendered":"<p>Con motivo a la celebraci\u00f3n del d\u00eda mundial del Medio Ambiente UNPHU realiza panel sobre calentamiento global&#13; &#13; Previo se proyect\u00f3 el Film La \u00faltima Hora de Leonardo DiCaprio &#13; SANTO DOMINGO.- Con motivo a la celebraci\u00f3n del d\u00eda mundial del medio ambiente, la Universidad Nacional Pedro Henr\u00edquez Ure\u00f1a (UNPHU), a trav\u00e9s de su Facultad [&hellip;]<\/p>\n","protected":false},"author":3,"featured_media":0,"comment_status":"open","ping_status":"open","sticky":false,"template":"","format":"standard","meta":{"footnotes":""},"categories":[21],"tags":[],"class_list":["post-70944","post","type-post","status-publish","format-standard","hentry","category-cultura"],"_links":{"self":[{"href":"https:\/\/diariodominicano.com\/index.php?rest_route=\/wp\/v2\/posts\/70944","targetHints":{"allow":["GET"]}}],"collection":[{"href":"https:\/\/diariodominicano.com\/index.php?rest_route=\/wp\/v2\/posts"}],"about":[{"href":"https:\/\/diariodominicano.com\/index.php?rest_route=\/wp\/v2\/types\/post"}],"author":[{"embeddable":true,"href":"https:\/\/diariodominicano.com\/index.php?rest_route=\/wp\/v2\/users\/3"}],"replies":[{"embeddable":true,"href":"https:\/\/diariodominicano.com\/index.php?rest_route=%2Fwp%2Fv2%2Fcomments&post=70944"}],"version-history":[{"count":0,"href":"https:\/\/diariodominicano.com\/index.php?rest_route=\/wp\/v2\/posts\/70944\/revisions"}],"wp:attachment":[{"href":"https:\/\/diariodominicano.com\/index.php?rest_route=%2Fwp%2Fv2%2Fmedia&parent=70944"}],"wp:term":[{"taxonomy":"category","embeddable":true,"href":"https:\/\/diariodominicano.com\/index.php?rest_route=%2Fwp%2Fv2%2Fcategories&post=70944"},{"taxonomy":"post_tag","embeddable":true,"href":"https:\/\/diariodominicano.com\/index.php?rest_route=%2Fwp%2Fv2%2Ftags&post=70944"}],"curies":[{"name":"wp","href":"https:\/\/api.w.org\/{rel}","templated":true}]}}