{"id":70943,"date":"2008-05-28T23:38:31","date_gmt":"2008-05-28T23:38:31","guid":{"rendered":"http:\/\/diariodominicano.ddns.net\/?p=70943"},"modified":"2008-05-28T23:38:31","modified_gmt":"2008-05-28T23:38:31","slug":"tres-exposiciones-sobre-la-diversidad-cultural-latinoamericana-en-el-cce","status":"publish","type":"post","link":"https:\/\/diariodominicano.com\/?p=70943","title":{"rendered":"Tres exposiciones sobre la diversidad cultural latinoamericana en el CCE"},"content":{"rendered":"<p><body><\/p>\n<p align=\"justify\"><span class=\"titulogrande1\"><strong>Tres  exposiciones sobre la diversidad cultural latinoamericana en el CCE <\/strong> <\/span><br \/>&#13;<br \/>\n  <br \/>&#13;<br \/>\n<span class=\"text1noticias\">Adem\u00e1s de las  importantes muestras, un panel de curadores y varias presentaciones art\u00edsticas  servir\u00e1n de est\u00edmulo a los artistas dominicanos y a todos los  amantes del arte y la cultura. <\/span><\/p>\n<p>&#13;<\/p>\n<p align=\"justify\" class=\"text1noticias\"><strong><img loading=\"lazy\" decoding=\"async\" src=\"http:\/\/localhost:8080\/img\/obras.jpg\" width=\"375\" height=\"1741\" hspace=\"4\" align=\"left\" \/>SANTO DOMINGO.-<\/strong> Con las exposiciones  \u00abF\u00e1bulas\u00bb de Lu\u00eds Leonor, y las colectivas \u00abArte de  Incertidumbre\u00bb y \u00abEntre Muros\u00bb, a inaugurarse en mayo y\u00a0  junio, el Centro Cultural de Espa\u00f1a continua con su amplia programaci\u00f3n, que  abarca muestras, talleres, coloquios, videos, conferencias y\u00a0 paneles. <br \/>&#13;<br \/>\n  <br \/>&#13;<br \/>\n  Las muestras \u00a0Arte de Incertidumbre y Entre Muros se inauguran el 19 de  junio a las 7.30 horas, y Fabulas se abri\u00f3 este pasado 29 de mayo. <br \/>&#13;<br \/>\n  <br \/>&#13;<br \/>\n  Las tres exposiciones reflejan la multiculturalidad,  el desarraigo y la emigraci\u00f3n; y la incomprensi\u00f3n de las barreras y fronteras.  Las mismas forman parte del proyecto \u00abDerechos Culturales y  Ciudadan\u00eda\u00bb, que durante dos meses se est\u00e1n presentando con \u00e9xito en las  salas de la instituci\u00f3n cultural espa\u00f1ola.\u00a0 <br \/>&#13;<br \/>\n  <br \/>&#13;<br \/>\nSobre  la muestra de Lu\u00eds Leonor, que se presentar\u00e1 el 29 de mayo\u00a0 a las 7.30 de  la noche, el cr\u00edtico de arte Fernando Vargas dice que \u00abla multiracialidad  de las sociedades caribe\u00f1as aparece en la naturaleza misma\u00a0del colorido  del arte\u201d.<br \/>&#13;<br \/>\n<br \/>&#13;<br \/>\n Para la artista\u00a0 y curadora dominicana  radicada en Miami, Charo Oquet, promotora de las muestras, \u201cArte de la Incertidumbre\u00bb,  supone el desaf\u00edo impuesto por el desarraigo al emigrar a un pa\u00eds diferente,  implicando con ello el dolor de sue\u00f1os perdidos al partir y verse en otro  contexto y dejando atr\u00e1s a los seres amados\u00bb. \u201cArte de incertidumbre\u201d  presenta una diversidad\u00a0 de disciplinas y medios art\u00edsticos como la  escultura, el v\u00eddeo, el&#13;<br \/>\n<!--  D([\"mb\",\"u003ciu003eperformanceu003c\/iu003e, elndibujo, la cer&aacute;mica&nbsp; y el arte sonoro u003c\/spanu003eu003c\/pu003ennu003cp styleu003d\"text-align:justify\"u003eu003cspan langu003d\"ES-DO\"u003e&nbsp;u003c\/spanu003eu003c\/pu003ennu003cp styleu003d\"text-align:justify\"u003eu003cspan langu003d\"ES-DO\"u003eEl cr&iacute;tico denarte mexicano Reynaldo Thompson explica que el detonador de la idea para lanexhibici&oacute;n de u0026quot;Entre Muros&rdquo; naci&oacute; con la espont&aacute;nea decisi&oacute;n del gobiernonamericano de construir un muro entre M&eacute;xico y Estados Unidosu0026quot;.&nbsp; u003c\/spanu003eu003c\/pu003ennu003cp styleu003d\"text-align:justify\"u003eu003cspan langu003d\"ES-DO\"u003e&nbsp;u003c\/spanu003eu003c\/pu003ennu003cp styleu003d\"text-align:justify\"u003eArte de Incertidumbre y EntrenMuros se inauguran el 19 de junio a las 7.30 horas. u003cspan langu003d\"ES-DO\"u003eParanilustrar las exposiciones, el Centro Cultural de Espa&ntilde;a ofrecer&aacute; el viernes 20na las 7:00 de la noche un interesante panel con los curadores americanos TumelonMosaka del Brooklyn Museum of Art, Elvis Fuentes del Museo del Barrio, HollynBlock del Bronx del Museum of the Arts y el mexicano Reynaldo Thompson denGuanajuato, quienes abordaran entro otros temas el de u0026quot;Arte ynmigraci&oacute;nu0026quot;.u003c\/spanu003eu003c\/pu003ennu003cpu003eu003cspan styleu003d\"font-size:11.0pt;color:#1F497D\"u003e&nbsp;u003c\/spanu003eu003c\/pu003ennu003c\/divu003ennu003c\/divu003ennn\",0]  );    \/\/-->&#13;<br \/>\n  <em>performance<\/em>, el dibujo, la cer\u00e1mica y el arte sonoro.<br \/>&#13;<br \/>\n  <br \/>&#13;<br \/>\nEl cr\u00edtico de arte mexicano Reynaldo Thompson explica  que el detonador de la idea para la exhibici\u00f3n de \u00abEntre Muros\u201d naci\u00f3 con  la espont\u00e1nea decisi\u00f3n del gobierno americano de construir un muro entre M\u00e9xico  y Estados Unidos\u00bb.\u00a0 <br \/>&#13;<br \/>\n<br \/>&#13;<br \/>\nPara ilustrar las exposiciones, el Centro Cultural de  Espa\u00f1a ofrecer\u00e1 el viernes 20 de junio a las 7:00 de la noche un interesante  panel con los curadores americanos Tumelo Mosaka del Brooklyn Museum of Art,  Elvis Fuentes del Museo del Barrio, Holly Block del Bronx del Museum of the  Arts y el mexicano Reynaldo Thompson de Guanajuato, quienes abordaran entro  otros temas el de \u00abArte y migraci\u00f3n\u00bb. <\/p>\n<p>&#13;<\/p>\n<h6> 2008-05-28 23:38:31 <\/h6>\n<p><!--\n<link rel=\"stylesheet\" href=\"css\/bootstrap.min.css\">\n\n\n<ul class=\"pagination\">\n\t    \n\t\n\n<li >\n\t<a href='?page_no=22620'>Previous<\/a>\n\t<\/li>\n\n\n       \n    \n\n<li><a href='?page_no=1'>1<\/a><\/li>\n\n\n\n<li><a href='?page_no=2'>2<\/a><\/li>\n\n\n\n<li><a>...<\/a><\/li>\n\n\n\n<li><a href='?page_no=22619'>22619<\/a><\/li>\n\n\n\n<li><a href='?page_no=22620'>22620<\/a><\/li>\n\n\n\n<li class='active'><a>22621<\/a><\/li>\n\n\n\n<li><a href='?page_no=22622'>22622<\/a><\/li>\n\n\n\n<li><a href='?page_no=22623'>22623<\/a><\/li>\n\n\n\n<li><a>...<\/a><\/li>\n\n\n\n<li><a href='?page_no=22911'>22911<\/a><\/li>\n\n\n\n<li><a href='?page_no=22912'>22912<\/a><\/li>\n\n    \n\t\n\n<li >\n\t<a href='?page_no=22622'>Next<\/a>\n\t<\/li>\n\n\n    \n\n<li><a href='?page_no=22912'>Last &rsaquo;&rsaquo;<\/a><\/li>\n\n<\/ul>\n\n\n--><br \/>\n<\/body><\/p>\n","protected":false},"excerpt":{"rendered":"<p>Tres exposiciones sobre la diversidad cultural latinoamericana en el CCE &#13; &#13; Adem\u00e1s de las importantes muestras, un panel de curadores y varias presentaciones art\u00edsticas servir\u00e1n de est\u00edmulo a los artistas dominicanos y a todos los amantes del arte y la cultura. &#13; SANTO DOMINGO.- Con las exposiciones \u00abF\u00e1bulas\u00bb de Lu\u00eds Leonor, y las colectivas [&hellip;]<\/p>\n","protected":false},"author":3,"featured_media":0,"comment_status":"open","ping_status":"open","sticky":false,"template":"","format":"standard","meta":{"footnotes":""},"categories":[21],"tags":[],"class_list":["post-70943","post","type-post","status-publish","format-standard","hentry","category-cultura"],"_links":{"self":[{"href":"https:\/\/diariodominicano.com\/index.php?rest_route=\/wp\/v2\/posts\/70943","targetHints":{"allow":["GET"]}}],"collection":[{"href":"https:\/\/diariodominicano.com\/index.php?rest_route=\/wp\/v2\/posts"}],"about":[{"href":"https:\/\/diariodominicano.com\/index.php?rest_route=\/wp\/v2\/types\/post"}],"author":[{"embeddable":true,"href":"https:\/\/diariodominicano.com\/index.php?rest_route=\/wp\/v2\/users\/3"}],"replies":[{"embeddable":true,"href":"https:\/\/diariodominicano.com\/index.php?rest_route=%2Fwp%2Fv2%2Fcomments&post=70943"}],"version-history":[{"count":0,"href":"https:\/\/diariodominicano.com\/index.php?rest_route=\/wp\/v2\/posts\/70943\/revisions"}],"wp:attachment":[{"href":"https:\/\/diariodominicano.com\/index.php?rest_route=%2Fwp%2Fv2%2Fmedia&parent=70943"}],"wp:term":[{"taxonomy":"category","embeddable":true,"href":"https:\/\/diariodominicano.com\/index.php?rest_route=%2Fwp%2Fv2%2Fcategories&post=70943"},{"taxonomy":"post_tag","embeddable":true,"href":"https:\/\/diariodominicano.com\/index.php?rest_route=%2Fwp%2Fv2%2Ftags&post=70943"}],"curies":[{"name":"wp","href":"https:\/\/api.w.org\/{rel}","templated":true}]}}