{"id":70942,"date":"2008-05-28T23:40:58","date_gmt":"2008-05-28T23:40:58","guid":{"rendered":"http:\/\/diariodominicano.ddns.net\/?p=70942"},"modified":"2008-05-28T23:40:58","modified_gmt":"2008-05-28T23:40:58","slug":"el-son-dominicano-en-cacibajagua","status":"publish","type":"post","link":"https:\/\/diariodominicano.com\/?p=70942","title":{"rendered":"El Son Dominicano en Cacibajagua"},"content":{"rendered":"<p><body><\/p>\n<p align=\"justify\"><span class=\"titulogrande1\">El  Son Dominicano en Cacibajagua<\/span><br \/>&#13;<br \/>\n  \u00a0\u00a0\u00a0\u00a0\u00a0\u00a0\u00a0\u00a0\u00a0\u00a0\u00a0\u00a0\u00a0\u00a0\u00a0\u00a0\u00a0\u00a0\u00a0\u00a0\u00a0\u00a0\u00a0\u00a0\u00a0\u00a0\u00a0\u00a0\u00a0\u00a0\u00a0\u00a0\u00a0\u00a0\u00a0\u00a0\u00a0\u00a0\u00a0\u00a0\u00a0\u00a0\u00a0\u00a0\u00a0\u00a0\u00a0\u00a0\u00a0\u00a0\u00a0\u00a0\u00a0\u00a0\u00a0\u00a0\u00a0\u00a0\u00a0\u00a0\u00a0\u00a0\u00a0\u00a0\u00a0\u00a0\u00a0\u00a0\u00a0\u00a0\u00a0\u00a0\u00a0\u00a0\u00a0\u00a0\u00a0\u00a0\u00a0\u00a0\u00a0\u00a0\u00a0\u00a0 <br \/>&#13;<br \/>\n  <span class=\"text1noticias\"><strong><img loading=\"lazy\" decoding=\"async\" src=\"http:\/\/localhost:8080\/img\/son.jpg\" width=\"375\" height=\"1727\" hspace=\"4\" align=\"left\" \/>Santo Domingo.-<\/strong> El espacio  cultural, La Cueva  de Escritores y Poetas \u201cCacibajagua\u201d tiene el honor de invitar al p\u00fablico en  general, a la Conferencia  sobre el \u201cSon Dominicano\u201d, que disertar\u00e1 el m\u00fasico, escritor y radiodifusor,  C\u00e9sar Namn\u00fam,\u00a0 el lunes 2 de junio a las  8:00 de la noche, en las Tertulias que desde hace a\u00f1os, organiza el Poeta y  Premio Nacional de Literatura, Don V\u00edctor Villegas, en el Colegio de Artistas  Pl\u00e1sticos, ubicado en El Conde casi Esq. Las Damas.<br \/>&#13;<br \/>\n  \u00a0<br \/>&#13;<br \/>\n  Namn\u00fam, director del Grupo  Maniel, es un investigador participativo del Son y su engranaje cultural, as\u00ed  como, un cultivador y testigo, que por m\u00e1s de 20 a\u00f1os, ha enarbolado la bandera  del Son, como rescate cultural de nuestra identidad. <br \/>&#13;<br \/>\n  \u00a0<br \/>&#13;<br \/>\n  Promete, el tambi\u00e9n director  de la estaci\u00f3n de radio, Quisqueya FM, mediante el m\u00e9todo de comparaci\u00f3n,  contrastar sones cubanos, puertorrique\u00f1os y dominicanos y guiar a los  participantes, en navegaciones profundas, por las aguas de la historia musical  del siglo ante pasado, trayendo hasta los o\u00eddos de los contertulianos, muestras  de sones antiqu\u00edsimos, y referencias de temas como\u00a0 Mercedita escrito alrededor\u00a0 del 1900 por\u00a0  Dada Lockward, padre de Juan Lockward.<br \/>&#13;<br \/>\n  \u00a0<br \/>&#13;<br \/>\nCacibajagua bajo la direcci\u00f3n  de Don V\u00edctor Villegas y de la mano de Do\u00f1a Amelia Cordero, encargada de  Eventos y Protocolo reiteran \u00e9sta cordial invitaci\u00f3n.<\/span><\/p>\n<p>&#13;<\/p>\n<h6> 2008-05-28 23:40:58 <\/h6>\n<p><!--\n<link rel=\"stylesheet\" href=\"css\/bootstrap.min.css\">\n\n\n<ul class=\"pagination\">\n\t    \n\t\n\n<li >\n\t<a href='?page_no=22619'>Previous<\/a>\n\t<\/li>\n\n\n       \n    \n\n<li><a href='?page_no=1'>1<\/a><\/li>\n\n\n\n<li><a href='?page_no=2'>2<\/a><\/li>\n\n\n\n<li><a>...<\/a><\/li>\n\n\n\n<li><a href='?page_no=22618'>22618<\/a><\/li>\n\n\n\n<li><a href='?page_no=22619'>22619<\/a><\/li>\n\n\n\n<li class='active'><a>22620<\/a><\/li>\n\n\n\n<li><a href='?page_no=22621'>22621<\/a><\/li>\n\n\n\n<li><a href='?page_no=22622'>22622<\/a><\/li>\n\n\n\n<li><a>...<\/a><\/li>\n\n\n\n<li><a href='?page_no=22911'>22911<\/a><\/li>\n\n\n\n<li><a href='?page_no=22912'>22912<\/a><\/li>\n\n    \n\t\n\n<li >\n\t<a href='?page_no=22621'>Next<\/a>\n\t<\/li>\n\n\n    \n\n<li><a href='?page_no=22912'>Last &rsaquo;&rsaquo;<\/a><\/li>\n\n<\/ul>\n\n\n--><br \/>\n<\/body><\/p>\n","protected":false},"excerpt":{"rendered":"<p>El Son Dominicano en Cacibajagua&#13; \u00a0\u00a0\u00a0\u00a0\u00a0\u00a0\u00a0\u00a0\u00a0\u00a0\u00a0\u00a0\u00a0\u00a0\u00a0\u00a0\u00a0\u00a0\u00a0\u00a0\u00a0\u00a0\u00a0\u00a0\u00a0\u00a0\u00a0\u00a0\u00a0\u00a0\u00a0\u00a0\u00a0\u00a0\u00a0\u00a0\u00a0\u00a0\u00a0\u00a0\u00a0\u00a0\u00a0\u00a0\u00a0\u00a0\u00a0\u00a0\u00a0\u00a0\u00a0\u00a0\u00a0\u00a0\u00a0\u00a0\u00a0\u00a0\u00a0\u00a0\u00a0\u00a0\u00a0\u00a0\u00a0\u00a0\u00a0\u00a0\u00a0\u00a0\u00a0\u00a0\u00a0\u00a0\u00a0\u00a0\u00a0\u00a0\u00a0\u00a0\u00a0\u00a0\u00a0\u00a0 &#13; Santo Domingo.- El espacio cultural, La Cueva de Escritores y Poetas \u201cCacibajagua\u201d tiene el honor de invitar al p\u00fablico en general, a la Conferencia sobre el \u201cSon Dominicano\u201d, que disertar\u00e1 el m\u00fasico, escritor y radiodifusor, C\u00e9sar Namn\u00fam,\u00a0 el lunes 2 de junio a las 8:00 de la noche, [&hellip;]<\/p>\n","protected":false},"author":3,"featured_media":0,"comment_status":"open","ping_status":"open","sticky":false,"template":"","format":"standard","meta":{"footnotes":""},"categories":[21],"tags":[],"class_list":["post-70942","post","type-post","status-publish","format-standard","hentry","category-cultura"],"_links":{"self":[{"href":"https:\/\/diariodominicano.com\/index.php?rest_route=\/wp\/v2\/posts\/70942","targetHints":{"allow":["GET"]}}],"collection":[{"href":"https:\/\/diariodominicano.com\/index.php?rest_route=\/wp\/v2\/posts"}],"about":[{"href":"https:\/\/diariodominicano.com\/index.php?rest_route=\/wp\/v2\/types\/post"}],"author":[{"embeddable":true,"href":"https:\/\/diariodominicano.com\/index.php?rest_route=\/wp\/v2\/users\/3"}],"replies":[{"embeddable":true,"href":"https:\/\/diariodominicano.com\/index.php?rest_route=%2Fwp%2Fv2%2Fcomments&post=70942"}],"version-history":[{"count":0,"href":"https:\/\/diariodominicano.com\/index.php?rest_route=\/wp\/v2\/posts\/70942\/revisions"}],"wp:attachment":[{"href":"https:\/\/diariodominicano.com\/index.php?rest_route=%2Fwp%2Fv2%2Fmedia&parent=70942"}],"wp:term":[{"taxonomy":"category","embeddable":true,"href":"https:\/\/diariodominicano.com\/index.php?rest_route=%2Fwp%2Fv2%2Fcategories&post=70942"},{"taxonomy":"post_tag","embeddable":true,"href":"https:\/\/diariodominicano.com\/index.php?rest_route=%2Fwp%2Fv2%2Ftags&post=70942"}],"curies":[{"name":"wp","href":"https:\/\/api.w.org\/{rel}","templated":true}]}}