{"id":70941,"date":"2008-05-29T22:02:22","date_gmt":"2008-05-29T22:02:22","guid":{"rendered":"http:\/\/diariodominicano.ddns.net\/?p=70941"},"modified":"2008-05-29T22:02:22","modified_gmt":"2008-05-29T22:02:22","slug":"mexico-lucha-por-salvar-una-lengua-que-solo-hablan-ocho-personas","status":"publish","type":"post","link":"https:\/\/diariodominicano.com\/?p=70941","title":{"rendered":"M\u00e9xico lucha por salvar una lengua que s\u00f3lo hablan ocho personas"},"content":{"rendered":"<p><body><\/p>\n<p align=\"justify\"><strong class=\"titulogrande1\">M\u00e9xico lucha por salvar una lengua que s\u00f3lo hablan ocho personas<\/strong><br \/>&#13;<br \/>\n  <br \/>&#13;<br \/>\n    <span class=\"text1noticias\"><strong>EFE<\/strong> &#8211; M\u00e9xico &#8211; 29\/05\/2008 <\/span><\/p>\n<p>&#13;<\/p>\n<p align=\"justify\" class=\"text1noticias\"><img loading=\"lazy\" decoding=\"async\" src=\"http:\/\/localhost:8080\/img\/lengua.jpg\" width=\"375\" height=\"276\" hspace=\"4\" align=\"left\" \/>Solamente ocho personas hablan en  el mundo el xwja o ixcateco y todas ellas viven en una peque\u00f1a localidad del  Estado mexicano de Oaxaca, al sur del pa\u00eds, inform\u00f3 el martes el Consejo  Nacional para la Cultura y las Artes (CNCA) de M\u00e9xico.<br \/>&#13;<br \/>\n  <br \/>&#13;<br \/>\n\u00abLas lenguas mueren por  desuso, silencio e indiferencia\u00bb, se\u00f1al\u00f3 el CNCA, que inform\u00f3 de que la  mayor\u00eda de los hablantes del ixcateco est\u00e1n colaborando con un grupo de  investigadores para evitar la extinci\u00f3n de su lengua.<br \/>&#13;<br \/>\n<br \/>&#13;<br \/>\n\u00abLa tarea es ardua y  compleja, porque los \u00faltimos hablantes del xwja son personas con edades  superiores a los 70 a\u00f1os, apenas hablan el espa\u00f1ol y no saben leerlo ni  escribirlo. Y para reimplantar la lengua materna, antes hay que sensibilizar a  la gente\u00bb, destac\u00f3 Guillermo C\u00edrigo Villag\u00f3mez, coordinador de la Unidad  Regional de Culturas Populares en Huajuapan de Le\u00f3n, Oaxaca.<br \/>&#13;<br \/>\n<br \/>&#13;<br \/>\nLos ocho hablantes del ixcateco,  lengua perteneciente al grupo popolocano, de la familia ling\u00fc\u00edstica otomangue,  viven en Santa Mar\u00eda Ixcatl\u00e1n y siete son de edad avanzada. Ixcateco significa  en lengua n\u00e1huatl \u00abpersonas de algod\u00f3n\u00bb.<br \/>&#13;<br \/>\n<br \/>&#13;<br \/>\nDe acuerdo con el ling\u00fcista  estadounidense Michael Swanton, que tambi\u00e9n participa en las actividades para  evitar que desaparezca el ixcateco, a finales de 2006 hab\u00eda 11 personas que lo  hablaban, pero en el \u00faltimo a\u00f1o y medio murieron tres.<br \/>&#13;<br \/>\n<br \/>&#13;<br \/>\nEn los pr\u00f3ximos meses est\u00e1  previsto que se den una serie de talleres impartidos por la Unidad Regional de  Culturas Populares, instituci\u00f3n dependiente de la Secretar\u00eda de Cultura de  Oaxaca, y el CNCA, como ya se hizo el a\u00f1o pasado. Adem\u00e1s, se realizar\u00e1 un  registro videogr\u00e1fico de los hablantes.<br \/>&#13;<br \/>\n<br \/>&#13;<br \/>\nDe acuerdo con datos de la  Comisi\u00f3n Nacional para el Desarrollo de los Pueblos Ind\u00edgenas, el xwja es una  de las 23 lenguas ind\u00edgenas mexicanas en riesgo de extinci\u00f3n, junto con el  paipai, kiliwa, kukap\u00e1, aguacateco y kumai de Baja California (norte de  M\u00e9xico); el kikap\u00fa de Coahuila (norte); y el jacalteco de Chiapas (sur), entre  otros.<\/p>\n<p>&#13;<\/p>\n<h6> 2008-05-29 22:02:22 <\/h6>\n<p><!--\n<link rel=\"stylesheet\" href=\"css\/bootstrap.min.css\">\n\n\n<ul class=\"pagination\">\n\t    \n\t\n\n<li >\n\t<a href='?page_no=22618'>Previous<\/a>\n\t<\/li>\n\n\n       \n    \n\n<li><a href='?page_no=1'>1<\/a><\/li>\n\n\n\n<li><a href='?page_no=2'>2<\/a><\/li>\n\n\n\n<li><a>...<\/a><\/li>\n\n\n\n<li><a href='?page_no=22617'>22617<\/a><\/li>\n\n\n\n<li><a href='?page_no=22618'>22618<\/a><\/li>\n\n\n\n<li class='active'><a>22619<\/a><\/li>\n\n\n\n<li><a href='?page_no=22620'>22620<\/a><\/li>\n\n\n\n<li><a href='?page_no=22621'>22621<\/a><\/li>\n\n\n\n<li><a>...<\/a><\/li>\n\n\n\n<li><a href='?page_no=22911'>22911<\/a><\/li>\n\n\n\n<li><a href='?page_no=22912'>22912<\/a><\/li>\n\n    \n\t\n\n<li >\n\t<a href='?page_no=22620'>Next<\/a>\n\t<\/li>\n\n\n    \n\n<li><a href='?page_no=22912'>Last &rsaquo;&rsaquo;<\/a><\/li>\n\n<\/ul>\n\n\n--><br \/>\n<\/body><\/p>\n","protected":false},"excerpt":{"rendered":"<p>M\u00e9xico lucha por salvar una lengua que s\u00f3lo hablan ocho personas&#13; &#13; EFE &#8211; M\u00e9xico &#8211; 29\/05\/2008 &#13; Solamente ocho personas hablan en el mundo el xwja o ixcateco y todas ellas viven en una peque\u00f1a localidad del Estado mexicano de Oaxaca, al sur del pa\u00eds, inform\u00f3 el martes el Consejo Nacional para la Cultura [&hellip;]<\/p>\n","protected":false},"author":3,"featured_media":0,"comment_status":"open","ping_status":"open","sticky":false,"template":"","format":"standard","meta":{"footnotes":""},"categories":[21],"tags":[],"class_list":["post-70941","post","type-post","status-publish","format-standard","hentry","category-cultura"],"_links":{"self":[{"href":"https:\/\/diariodominicano.com\/index.php?rest_route=\/wp\/v2\/posts\/70941","targetHints":{"allow":["GET"]}}],"collection":[{"href":"https:\/\/diariodominicano.com\/index.php?rest_route=\/wp\/v2\/posts"}],"about":[{"href":"https:\/\/diariodominicano.com\/index.php?rest_route=\/wp\/v2\/types\/post"}],"author":[{"embeddable":true,"href":"https:\/\/diariodominicano.com\/index.php?rest_route=\/wp\/v2\/users\/3"}],"replies":[{"embeddable":true,"href":"https:\/\/diariodominicano.com\/index.php?rest_route=%2Fwp%2Fv2%2Fcomments&post=70941"}],"version-history":[{"count":0,"href":"https:\/\/diariodominicano.com\/index.php?rest_route=\/wp\/v2\/posts\/70941\/revisions"}],"wp:attachment":[{"href":"https:\/\/diariodominicano.com\/index.php?rest_route=%2Fwp%2Fv2%2Fmedia&parent=70941"}],"wp:term":[{"taxonomy":"category","embeddable":true,"href":"https:\/\/diariodominicano.com\/index.php?rest_route=%2Fwp%2Fv2%2Fcategories&post=70941"},{"taxonomy":"post_tag","embeddable":true,"href":"https:\/\/diariodominicano.com\/index.php?rest_route=%2Fwp%2Fv2%2Ftags&post=70941"}],"curies":[{"name":"wp","href":"https:\/\/api.w.org\/{rel}","templated":true}]}}