{"id":70940,"date":"2008-05-29T22:08:59","date_gmt":"2008-05-29T22:08:59","guid":{"rendered":"http:\/\/diariodominicano.ddns.net\/?p=70940"},"modified":"2008-05-29T22:08:59","modified_gmt":"2008-05-29T22:08:59","slug":"paulo-coelho-afirma-que-con-buena-critica-nunca-habria-vendido-cien-millones-de-libros","status":"publish","type":"post","link":"https:\/\/diariodominicano.com\/?p=70940","title":{"rendered":"Paulo Coelho afirma que con buena cr\u00edtica nunca habr\u00eda vendido cien millones de libros"},"content":{"rendered":"<p><body><\/p>\n<p align=\"justify\"><span class=\"titulogrande1\">Paulo Coelho afirma que con buena cr\u00edtica nunca habr\u00eda  vendido cien millones de libros <\/span><br \/>&#13;<br \/>\n  <br \/>&#13;<br \/>\n    <span class=\"text1noticias\">El escritor brasile\u00f1o celebra actualmente los 20 a\u00f1os de su  novela m\u00e1s famosa, El Alquimista. <br \/>&#13;<br \/>\n    <br \/>&#13;<br \/>\nEFE <\/span><\/p>\n<p>&#13;<\/p>\n<p align=\"justify\" class=\"text1noticias\"><img loading=\"lazy\" decoding=\"async\" src=\"http:\/\/localhost:8080\/img\/coelho.jpg\" width=\"375\" height=\"270\" hspace=\"4\" align=\"left\" \/>El escritor brasile\u00f1o Paulo Coelho afirm\u00f3 hoy que \u00absi  hubiera tenido una cr\u00edtica positiva nunca hubiera vendido cien millones de  ejemplares\u00bb.<br \/>&#13;<br \/>\n  <br \/>&#13;<br \/>\n\u00abLa cr\u00edtica ha sido muy positiva en el sentido de que  siempre me critic\u00f3\u00bb, a\u00f1adi\u00f3 el escritor, quien celebra en Avil\u00e9s el  vig\u00e9simo aniversario de su novela m\u00e1s c\u00e9lebre, El Alquimista, que pronto ser\u00e1  llevada al cine bajo la direcci\u00f3n del actor estadounidense Laurence Fishburne.<br \/>&#13;<br \/>\n<br \/>&#13;<br \/>\nDe igual forma, record\u00f3 que cuando public\u00f3 en Brasil El  Alquimista, la obra \u00abno se vendi\u00f3 nada, apenas novecientos ejemplares\u00bb  y fue \u00abel bocaoreja del lector\u00bb, y no la cr\u00edtica, lo que hizo  multiplicar la cifra de ventas hasta los 35 millones de ejemplares editados en  67 idiomas.<br \/>&#13;<br \/>\n<br \/>&#13;<br \/>\nEn una rueda de prensa reconoci\u00f3 que este libro no es  \u00absu ni\u00f1o mimado\u00bb, sino que su preferido ser\u00e1 el que va a salir dentro  de dos meses, que ya tiene finalizado y listo para su edici\u00f3n, aunque evit\u00f3  adelantar su contenido.<br \/>&#13;<br \/>\n<br \/>&#13;<br \/>\nEn cuanto a El Alquimista se\u00f1al\u00f3 que si tuviera que  escribirlo ahora \u00abno cambiar\u00eda nada\u00bb porque cuando crea pone \u00ablo  mejor\u00bb.<br \/>&#13;<br \/>\n<br \/>&#13;<br \/>\n\u00abEs como si a una madre le preguntan si cambiar\u00eda algo  de su hijo a los veinte a\u00f1os de nacer: yo tengo mucho orgullo de \u00e9l y lo leo a  veces\u00bb manifest\u00f3 el autor.<br \/>&#13;<br \/>\n<br \/>&#13;<br \/>\nA Coelho no le produce \u00abv\u00e9rtigo\u00bb haber vendido  cien millones de ejemplares de sus obras, porque lo considera un dato  \u00ababstracto\u00bb.<br \/>&#13;<br \/>\n<br \/>&#13;<br \/>\nSobre la versi\u00f3n cinematogr\u00e1fica de El Alquimista, declar\u00f3  que los derechos ya est\u00e1n vendidos y que incluso ha sido invitado por la  producci\u00f3n a vivir en Hollywood para involucrarse en el rodaje.<br \/>&#13;<br \/>\n<br \/>&#13;<br \/>\nSin embargo no lo har\u00e1 porque es escritor de libros y  \u00abno de guiones\u00bb.<br \/>&#13;<br \/>\n<br \/>&#13;<br \/>\nIndic\u00f3 que, si bien le mantienen informado de c\u00f3mo van los  preparativos de una producci\u00f3n que tendr\u00e1 un presupuesto de sesenta millones de  euros (unos 94 millones de d\u00f3lares) en realidad \u00abno tiene ni idea\u00bb  del proyecto.<br \/>&#13;<br \/>\n<br \/>&#13;<br \/>\nEl literato brasile\u00f1o se mostr\u00f3 convencido de que en la  actualidad se est\u00e1 asistiendo al nacimiento de una nueva lengua, m\u00e1s universal  y m\u00e1s \u00abfranca\u00bb, que \u00e9l ha denominado \u00abinternetes\u00bb, un  \u00abpalabro\u00bb de la creaci\u00f3n.<br \/>&#13;<br \/>\n<br \/>&#13;<br \/>\nAfirm\u00f3 que esa lengua tiene ya muchos adeptos entre la  juventud pese al rechazo de los puristas.<br \/>&#13;<br \/>\n<br \/>&#13;<br \/>\n\u00abLa lengua es algo vivo, se transforma e Internet es lo  que est\u00e1 permitiendo hacer realidad el famoso sue\u00f1o del esperanto\u00bb,  segura.<br \/>&#13;<br \/>\n<br \/>&#13;<br \/>\nTuvo palabras para el arquitecto que da nombre a la  Fundaci\u00f3n que ha organizado el vig\u00e9simo aniversario de su libro en Avil\u00e9s, su  compatriota Oscar Niemeyer, del que alab\u00f3 su \u00abgenerosidad, cari\u00f1o y  entusiasmo\u00bb, ya que a sus cien a\u00f1os \u00absigue trabajando\u00bb.<\/p>\n<p>&#13;<\/p>\n<h6> 2008-05-29 22:08:59 <\/h6>\n<p><!--\n<link rel=\"stylesheet\" href=\"css\/bootstrap.min.css\">\n\n\n<ul class=\"pagination\">\n\t    \n\t\n\n<li >\n\t<a href='?page_no=22617'>Previous<\/a>\n\t<\/li>\n\n\n       \n    \n\n<li><a href='?page_no=1'>1<\/a><\/li>\n\n\n\n<li><a href='?page_no=2'>2<\/a><\/li>\n\n\n\n<li><a>...<\/a><\/li>\n\n\n\n<li><a href='?page_no=22616'>22616<\/a><\/li>\n\n\n\n<li><a href='?page_no=22617'>22617<\/a><\/li>\n\n\n\n<li class='active'><a>22618<\/a><\/li>\n\n\n\n<li><a href='?page_no=22619'>22619<\/a><\/li>\n\n\n\n<li><a href='?page_no=22620'>22620<\/a><\/li>\n\n\n\n<li><a>...<\/a><\/li>\n\n\n\n<li><a href='?page_no=22911'>22911<\/a><\/li>\n\n\n\n<li><a href='?page_no=22912'>22912<\/a><\/li>\n\n    \n\t\n\n<li >\n\t<a href='?page_no=22619'>Next<\/a>\n\t<\/li>\n\n\n    \n\n<li><a href='?page_no=22912'>Last &rsaquo;&rsaquo;<\/a><\/li>\n\n<\/ul>\n\n\n--><br \/>\n<\/body><\/p>\n","protected":false},"excerpt":{"rendered":"<p>Paulo Coelho afirma que con buena cr\u00edtica nunca habr\u00eda vendido cien millones de libros &#13; &#13; El escritor brasile\u00f1o celebra actualmente los 20 a\u00f1os de su novela m\u00e1s famosa, El Alquimista. &#13; &#13; EFE &#13; El escritor brasile\u00f1o Paulo Coelho afirm\u00f3 hoy que \u00absi hubiera tenido una cr\u00edtica positiva nunca hubiera vendido cien millones de [&hellip;]<\/p>\n","protected":false},"author":3,"featured_media":0,"comment_status":"open","ping_status":"open","sticky":false,"template":"","format":"standard","meta":{"footnotes":""},"categories":[21],"tags":[],"class_list":["post-70940","post","type-post","status-publish","format-standard","hentry","category-cultura"],"_links":{"self":[{"href":"https:\/\/diariodominicano.com\/index.php?rest_route=\/wp\/v2\/posts\/70940","targetHints":{"allow":["GET"]}}],"collection":[{"href":"https:\/\/diariodominicano.com\/index.php?rest_route=\/wp\/v2\/posts"}],"about":[{"href":"https:\/\/diariodominicano.com\/index.php?rest_route=\/wp\/v2\/types\/post"}],"author":[{"embeddable":true,"href":"https:\/\/diariodominicano.com\/index.php?rest_route=\/wp\/v2\/users\/3"}],"replies":[{"embeddable":true,"href":"https:\/\/diariodominicano.com\/index.php?rest_route=%2Fwp%2Fv2%2Fcomments&post=70940"}],"version-history":[{"count":0,"href":"https:\/\/diariodominicano.com\/index.php?rest_route=\/wp\/v2\/posts\/70940\/revisions"}],"wp:attachment":[{"href":"https:\/\/diariodominicano.com\/index.php?rest_route=%2Fwp%2Fv2%2Fmedia&parent=70940"}],"wp:term":[{"taxonomy":"category","embeddable":true,"href":"https:\/\/diariodominicano.com\/index.php?rest_route=%2Fwp%2Fv2%2Fcategories&post=70940"},{"taxonomy":"post_tag","embeddable":true,"href":"https:\/\/diariodominicano.com\/index.php?rest_route=%2Fwp%2Fv2%2Ftags&post=70940"}],"curies":[{"name":"wp","href":"https:\/\/api.w.org\/{rel}","templated":true}]}}