{"id":70938,"date":"2008-05-29T22:21:15","date_gmt":"2008-05-29T22:21:15","guid":{"rendered":"http:\/\/diariodominicano.ddns.net\/?p=70938"},"modified":"2008-05-29T22:21:15","modified_gmt":"2008-05-29T22:21:15","slug":"muere-a-los-81-anos-el-poeta-peruano-alejandro-romualdo-valle","status":"publish","type":"post","link":"https:\/\/diariodominicano.com\/?p=70938","title":{"rendered":"Muere a los 81 a\u00f1os el poeta peruano Alejandro Romualdo Valle"},"content":{"rendered":"<p><body><\/p>\n<p align=\"justify\"><span class=\"titulogrande1\">Muere a los 81 a\u00f1os el poeta peruano Alejandro Romualdo  Valle <\/span><br \/>&#13;<br \/>\n  <br \/>&#13;<br \/>\n    <span class=\"text1noticias\">Fue uno de los mayores exponentes del realismo social de su  pa\u00eds. Las razones del deceso a\u00fan se investigan.<br \/>&#13;<br \/>\n    <br \/>&#13;<br \/>\nEFE <\/span><\/p>\n<p>&#13;<\/p>\n<p align=\"justify\" class=\"text1noticias\"><img loading=\"lazy\" decoding=\"async\" src=\"http:\/\/localhost:8080\/img\/peruano.jpg\" width=\"375\" height=\"270\" hspace=\"4\" align=\"left\" \/>El poeta Alejandro Romualdo Valle, uno de los m\u00e1s  reconocidos exponentes del realismo social en Per\u00fa, fue encontrado muerto la  madrugada de\u00a0ayer en su vivienda en el distrito residencial lime\u00f1o de San  Isidro, informaron los medios locales.<br \/>&#13;<br \/>\n  <br \/>&#13;<br \/>\n  Romualdo Valle (1926), uno de los miembros destacados de la  llamada Generaci\u00f3n del 50 en Per\u00fa, al parecer sufri\u00f3 un infarto masivo al  miocardio, seg\u00fan declararon sus familiares.<br \/>&#13;<br \/>\n  <br \/>&#13;<br \/>\n  Sin embargo, el director del Instituto de Medicina Legal  (IML), Luis Bromley, inform\u00f3 que se le practicar\u00e1 la necropsia para determinar  las causas exactas de su deceso.<br \/>&#13;<br \/>\n  <br \/>&#13;<br \/>\n  Escritor, periodista y dibujante, Alejandro Romualdo Valle  estudi\u00f3 literatura en la Universidad Nacional Mayor de San Marcos y obtuvo en  1949 el Premio Nacional de Poes\u00eda.<br \/>&#13;<br \/>\n  <br \/>&#13;<br \/>\n  Entre sus obras m\u00e1s reconocidas figura el famoso poema Canto  Coral a T\u00fapac Amaru, publicado en el libro Edici\u00f3n Extraordinaria (1958).<br \/>&#13;<br \/>\n  <br \/>&#13;<br \/>\n  Fue autor, adem\u00e1s, de La Torre de los Alucinados (1949),  Poes\u00eda (1954), El Cuerpo que t\u00fa Iluminas (1951), Desde Abajo (1961), Como Dios  Manda (1967), El Movimiento y el Sue\u00f1o (1971), Cuarto Mundo (1972), En la  Extensi\u00f3n de la Palabra (1974), Poemas (1975) y Poes\u00eda Integra (1986).<br \/>&#13;<br \/>\n  <br \/>&#13;<br \/>\n  En colaboraci\u00f3n con el escritor y dramaturgo peruano Sebasti\u00e1n  Salazar Bondy public\u00f3 en 1957, la Antolog\u00eda General de la Poes\u00eda Peruana.<br \/>&#13;<br \/>\n  <br \/>&#13;<br \/>\n  El reconocido poeta Carlos Germ\u00e1n Belli, otra de las figuras  de la poes\u00eda peruana y compa\u00f1ero de estudios del fallecido, destac\u00f3 que su obra  \u00abtrasciende las ideolog\u00edas\u00bb.<br \/>&#13;<br \/>\n  <br \/>&#13;<br \/>\n  Belli declar\u00f3 a la agencia oficial Andina que Romualdo  \u00abes una figura emblem\u00e1tica de la poes\u00eda comprometida con el sentido  solidario\u00bb y elogi\u00f3 que \u00absupo conjugar lo \u00e9tico con lo  est\u00e9tico\u00bb.<br \/>&#13;<br \/>\n  <br \/>&#13;<br \/>\n  Su legado \u00abest\u00e1 m\u00e1s all\u00e1 de la impronta personal, de la  actitud ideol\u00f3gica. La trascendencia literaria de sus textos est\u00e1 por  encima\u00bb, remarc\u00f3.<br \/>&#13;<br \/>\n  <br \/>&#13;<br \/>\n  El director del Centro Cultura de San Marcos, Federico  Garc\u00eda, comunic\u00f3 hoy que los restos del poeta ser\u00e1n velados en la Casona del  Parque Universitario, en el centro hist\u00f3rico de Lima.<br \/>&#13;<br \/>\n  <br \/>&#13;<br \/>\n\u00abAlejandro Romualdo es una figura importante de  nuestras letras y merece recibir todos los honores del caso\u00bb, remarc\u00f3  Garc\u00eda, quien se\u00f1al\u00f3 que la universidad correr\u00e1 con los gastos del velatorio y  el entierro.<br \/>&#13;<br \/>\n<br \/>&#13;<br \/>\n\u00abEs lo menos que podemos hacer trat\u00e1ndose de este gran  poeta sanmarquino que tanto ha aportado al panorama literario y cultural del  pa\u00eds\u00bb, se\u00f1al\u00f3.<br \/>&#13;<br \/>\n<br \/>&#13;<br \/>\nEl lugar del sepelio de Romualdo se decidir\u00e1 luego de que su  hija, Laura Valle, quien reside en el extranjero, arribe a Lima durante la  madrugada de hoy.<\/p>\n<p>&#13;<\/p>\n<h6> 2008-05-29 22:21:15 <\/h6>\n<p><!--\n<link rel=\"stylesheet\" href=\"css\/bootstrap.min.css\">\n\n\n<ul class=\"pagination\">\n\t    \n\t\n\n<li >\n\t<a href='?page_no=22615'>Previous<\/a>\n\t<\/li>\n\n\n       \n    \n\n<li><a href='?page_no=1'>1<\/a><\/li>\n\n\n\n<li><a href='?page_no=2'>2<\/a><\/li>\n\n\n\n<li><a>...<\/a><\/li>\n\n\n\n<li><a href='?page_no=22614'>22614<\/a><\/li>\n\n\n\n<li><a href='?page_no=22615'>22615<\/a><\/li>\n\n\n\n<li class='active'><a>22616<\/a><\/li>\n\n\n\n<li><a href='?page_no=22617'>22617<\/a><\/li>\n\n\n\n<li><a href='?page_no=22618'>22618<\/a><\/li>\n\n\n\n<li><a>...<\/a><\/li>\n\n\n\n<li><a href='?page_no=22911'>22911<\/a><\/li>\n\n\n\n<li><a href='?page_no=22912'>22912<\/a><\/li>\n\n    \n\t\n\n<li >\n\t<a href='?page_no=22617'>Next<\/a>\n\t<\/li>\n\n\n    \n\n<li><a href='?page_no=22912'>Last &rsaquo;&rsaquo;<\/a><\/li>\n\n<\/ul>\n\n\n--><br \/>\n<\/body><\/p>\n","protected":false},"excerpt":{"rendered":"<p>Muere a los 81 a\u00f1os el poeta peruano Alejandro Romualdo Valle &#13; &#13; Fue uno de los mayores exponentes del realismo social de su pa\u00eds. Las razones del deceso a\u00fan se investigan.&#13; &#13; EFE &#13; El poeta Alejandro Romualdo Valle, uno de los m\u00e1s reconocidos exponentes del realismo social en Per\u00fa, fue encontrado muerto la [&hellip;]<\/p>\n","protected":false},"author":3,"featured_media":0,"comment_status":"open","ping_status":"open","sticky":false,"template":"","format":"standard","meta":{"footnotes":""},"categories":[21],"tags":[],"class_list":["post-70938","post","type-post","status-publish","format-standard","hentry","category-cultura"],"_links":{"self":[{"href":"https:\/\/diariodominicano.com\/index.php?rest_route=\/wp\/v2\/posts\/70938","targetHints":{"allow":["GET"]}}],"collection":[{"href":"https:\/\/diariodominicano.com\/index.php?rest_route=\/wp\/v2\/posts"}],"about":[{"href":"https:\/\/diariodominicano.com\/index.php?rest_route=\/wp\/v2\/types\/post"}],"author":[{"embeddable":true,"href":"https:\/\/diariodominicano.com\/index.php?rest_route=\/wp\/v2\/users\/3"}],"replies":[{"embeddable":true,"href":"https:\/\/diariodominicano.com\/index.php?rest_route=%2Fwp%2Fv2%2Fcomments&post=70938"}],"version-history":[{"count":0,"href":"https:\/\/diariodominicano.com\/index.php?rest_route=\/wp\/v2\/posts\/70938\/revisions"}],"wp:attachment":[{"href":"https:\/\/diariodominicano.com\/index.php?rest_route=%2Fwp%2Fv2%2Fmedia&parent=70938"}],"wp:term":[{"taxonomy":"category","embeddable":true,"href":"https:\/\/diariodominicano.com\/index.php?rest_route=%2Fwp%2Fv2%2Fcategories&post=70938"},{"taxonomy":"post_tag","embeddable":true,"href":"https:\/\/diariodominicano.com\/index.php?rest_route=%2Fwp%2Fv2%2Ftags&post=70938"}],"curies":[{"name":"wp","href":"https:\/\/api.w.org\/{rel}","templated":true}]}}