{"id":70937,"date":"2008-05-29T22:24:37","date_gmt":"2008-05-29T22:24:37","guid":{"rendered":"http:\/\/diariodominicano.ddns.net\/?p=70937"},"modified":"2008-05-29T22:24:37","modified_gmt":"2008-05-29T22:24:37","slug":"mexicano-ganador-de-certamen-paralelo-en-cannes-es-acusado-de-plagio","status":"publish","type":"post","link":"https:\/\/diariodominicano.com\/?p=70937","title":{"rendered":"Mexicano ganador de certamen paralelo en Cannes es acusado de plagio"},"content":{"rendered":"<p><body><\/p>\n<p align=\"justify\"><span class=\"titulogrande1\">Mexicano ganador de certamen paralelo en Cannes es acusado  de plagio <\/span><br \/>&#13;<br \/>\n  <br \/>&#13;<br \/>\n    <span class=\"text1noticias\">La cinta\u00a0de\u00a0Alonso Alvarez Barreda narra\u00a0la  historia de un ciego que pide dinero en la calle, en forma muy similar a c\u00f3mo  fue presentada hace dos a\u00f1os por un cortometraje espa\u00f1ol.<br \/>&#13;<br \/>\n    <br \/>&#13;<br \/>\n  Agencias <br \/>&#13;<br \/>\n  <br \/>&#13;<br \/>\n  El director mexicano Alonso Alvarez Barreda (24), que gan\u00f3  el pasado 21 de mayo el Short Film Corner de Cannes, concurso de cortometrajes  paralo al certamen franc\u00e9s que se realiz\u00f3 por primera vez este a\u00f1o, ha sido acusado  de plagiar otro\u00a0trabajo realizado en 2006 por espa\u00f1ol Francisco Cuenca  Alcaraz para desarrollar Historia de un Letrero, seg\u00fan denunci\u00f3 hoy  la\u00a0estaci\u00f3n mexicana Tevisa en su programa Primero Noticias.<br \/>&#13;<br \/>\n  <br \/>&#13;<br \/>\n  Alonso declar\u00f3 en entrevista con la\u00a0cadena azteca que  no hab\u00eda visto el cortometraje espa\u00f1ol y que escribi\u00f3 \u00abla adaptaci\u00f3n a la  pantalla\u00bb de su versi\u00f3n, no la \u00abidea original\u00bb, y agreg\u00f3 que  \u00abyo nunca he dicho, desde principio, que yo escrib\u00ed la historia\u00bb.<br \/>&#13;<br \/>\n  <br \/>&#13;<br \/>\n\u00abEsto ha sido una sorpresa para m\u00ed. Yo, la verdad, lo  \u00fanico que puedo decir es que la historia no es m\u00eda. <br \/>&#13;<br \/>\n<br \/>&#13;<br \/>\nNunca me han dado cr\u00e9dito  de escritor. Yo no lo soy, quiero ser director\u00bb, agreg\u00f3.<br \/>&#13;<br \/>\n<br \/>&#13;<br \/>\nSin embargo en los cr\u00e9ditos del cortometraje aparece la  leyenda \u00abescrita, producida y dirigida por Alonso Alvarez Barreda\u00bb,  filmada en la ciudad mexicana de Tampico, en estado norte\u00f1o de Tamaulipas,  2007.<br \/>&#13;<br \/>\n<br \/>&#13;<br \/>\nLa denuncia sobre la similitud entre los dos videos lleg\u00f3 a  Televisa por medio del correo electr\u00f3nico de un televidente, pero la  informaci\u00f3n ya circulaba en internet desde hace algunos d\u00edas.<br \/>&#13;<br \/>\n<br \/>&#13;<br \/>\nEl cortometraje de Alvarez Barreda reproduce la misma  historia sobre un ciego que pide dinero en la calle de Una Limosna por Favor,  presentado en Notodo Filmfest de Espa\u00f1a hace dos a\u00f1os.\u00a0<br \/>&#13;<br \/>\n  <br \/>&#13;<br \/>\n  El cortometraje de Cuenca Alcaraz, que\u00a0se encuentra en youtube y tiene una  duraci\u00f3n de 30 segundos, muestra c\u00f3mo un joven pasa dante de un indigente ante  el cual se encuentra un letrero con la leyenda: \u00abSoy ciego, una limosna  por favor\u00bb, ante lo que joven toma pedazo de cart\u00f3n y reescribe en reverso  \u00abhace un d\u00eda precioso pero no puedo verlo\u00bb.<br \/>&#13;<br \/>\n  <br \/>&#13;<br \/>\n  A partir de ese momento ciego logra superar la indiferencia  de los transe\u00fantes, que le dejan m\u00e1s dinero que antes.<br \/>&#13;<br \/>\n  <br \/>&#13;<br \/>\n  En el cortometraje mexicano dura cuatro minutos, est\u00e1 m\u00e1s  trabajado que espa\u00f1ol y en \u00e9l hay diferencias de ambientaci\u00f3n, de atuendo de  los personajes y de iluminaci\u00f3n; sin embargo, al igual que en la historia  anterior aparece una persona no vidente con un cartel con la leyenda \u00abTen  compasi\u00f3n, estoy ciego\u00bb y un joven que escribe una frase optimista al otro  lado del cart\u00f3n.<br \/>&#13;<br \/>\n  <br \/>&#13;<br \/>\n  En la misma entrevista, Alvarez Barreda confes\u00f3 que la  historia le lleg\u00f3 \u00abpor una llamada tef\u00f3nica\u00bb que mantuvo con  Alejandro G\u00f3mez Monteverde, quien aparece como autor de la consulta creativa y  desarrollo de la idea, y recalc\u00f3 que argumento de la suya \u00abes bastante  similar pero va por otro lado\u00bb que la del cineasta espa\u00f1ol.<br \/>&#13;<br \/>\n  <br \/>&#13;<br \/>\n  De igual forma, coment\u00f3 que Monteverde le aclar\u00f3 que la  historia no correpond\u00eda a un gui\u00f3n de su autor\u00eda original, dato que nunca se  menciona en los cr\u00e9ditos.\u00a0<br \/>&#13;<br \/>\n  <br \/>&#13;<br \/>\nEl cuestionado director declar\u00f3 estar \u00abmuy tranquilo\u00bb pero a la vez  decepcionado por la pol\u00e9mica y descart\u00f3 devolver premio. \u00abAs\u00ed como hay  similitudes, hay tambi\u00e9n muchas diferencias\u00bb, afirm\u00f3, y puso como  comparaci\u00f3n las m\u00faltiples versiones que hay en cine sobre Hamlet o Cristo.<\/span><\/p>\n<p>&#13;<\/p>\n<h6> 2008-05-29 22:24:37 <\/h6>\n<p><!--\n<link rel=\"stylesheet\" href=\"css\/bootstrap.min.css\">\n\n\n<ul class=\"pagination\">\n\t    \n\t\n\n<li >\n\t<a href='?page_no=22614'>Previous<\/a>\n\t<\/li>\n\n\n       \n    \n\n<li><a href='?page_no=1'>1<\/a><\/li>\n\n\n\n<li><a href='?page_no=2'>2<\/a><\/li>\n\n\n\n<li><a>...<\/a><\/li>\n\n\n\n<li><a href='?page_no=22613'>22613<\/a><\/li>\n\n\n\n<li><a href='?page_no=22614'>22614<\/a><\/li>\n\n\n\n<li class='active'><a>22615<\/a><\/li>\n\n\n\n<li><a href='?page_no=22616'>22616<\/a><\/li>\n\n\n\n<li><a href='?page_no=22617'>22617<\/a><\/li>\n\n\n\n<li><a>...<\/a><\/li>\n\n\n\n<li><a href='?page_no=22911'>22911<\/a><\/li>\n\n\n\n<li><a href='?page_no=22912'>22912<\/a><\/li>\n\n    \n\t\n\n<li >\n\t<a href='?page_no=22616'>Next<\/a>\n\t<\/li>\n\n\n    \n\n<li><a href='?page_no=22912'>Last &rsaquo;&rsaquo;<\/a><\/li>\n\n<\/ul>\n\n\n--><br \/>\n<\/body><\/p>\n","protected":false},"excerpt":{"rendered":"<p>Mexicano ganador de certamen paralelo en Cannes es acusado de plagio &#13; &#13; La cinta\u00a0de\u00a0Alonso Alvarez Barreda narra\u00a0la historia de un ciego que pide dinero en la calle, en forma muy similar a c\u00f3mo fue presentada hace dos a\u00f1os por un cortometraje espa\u00f1ol.&#13; &#13; Agencias &#13; &#13; El director mexicano Alonso Alvarez Barreda (24), que [&hellip;]<\/p>\n","protected":false},"author":3,"featured_media":0,"comment_status":"open","ping_status":"open","sticky":false,"template":"","format":"standard","meta":{"footnotes":""},"categories":[21],"tags":[],"class_list":["post-70937","post","type-post","status-publish","format-standard","hentry","category-cultura"],"_links":{"self":[{"href":"https:\/\/diariodominicano.com\/index.php?rest_route=\/wp\/v2\/posts\/70937","targetHints":{"allow":["GET"]}}],"collection":[{"href":"https:\/\/diariodominicano.com\/index.php?rest_route=\/wp\/v2\/posts"}],"about":[{"href":"https:\/\/diariodominicano.com\/index.php?rest_route=\/wp\/v2\/types\/post"}],"author":[{"embeddable":true,"href":"https:\/\/diariodominicano.com\/index.php?rest_route=\/wp\/v2\/users\/3"}],"replies":[{"embeddable":true,"href":"https:\/\/diariodominicano.com\/index.php?rest_route=%2Fwp%2Fv2%2Fcomments&post=70937"}],"version-history":[{"count":0,"href":"https:\/\/diariodominicano.com\/index.php?rest_route=\/wp\/v2\/posts\/70937\/revisions"}],"wp:attachment":[{"href":"https:\/\/diariodominicano.com\/index.php?rest_route=%2Fwp%2Fv2%2Fmedia&parent=70937"}],"wp:term":[{"taxonomy":"category","embeddable":true,"href":"https:\/\/diariodominicano.com\/index.php?rest_route=%2Fwp%2Fv2%2Fcategories&post=70937"},{"taxonomy":"post_tag","embeddable":true,"href":"https:\/\/diariodominicano.com\/index.php?rest_route=%2Fwp%2Fv2%2Ftags&post=70937"}],"curies":[{"name":"wp","href":"https:\/\/api.w.org\/{rel}","templated":true}]}}