{"id":70936,"date":"2008-05-30T02:32:41","date_gmt":"2008-05-30T02:32:41","guid":{"rendered":"http:\/\/diariodominicano.ddns.net\/?p=70936"},"modified":"2008-05-30T02:32:41","modified_gmt":"2008-05-30T02:32:41","slug":"apec-reconoce-5-damas-meritorias","status":"publish","type":"post","link":"https:\/\/diariodominicano.com\/?p=70936","title":{"rendered":"Apec reconoce 5 damas meritorias"},"content":{"rendered":"<p><body><\/p>\n<p class=\"titulogrande1\"><strong>Apec reconoce<\/strong> <strong>5 damas meritorias<\/strong><\/p>\n<p>&#13;<\/p>\n<p align=\"justify\"><strong><img loading=\"lazy\" decoding=\"async\" src=\"http:\/\/localhost:8080\/img\/ape.jpg\" width=\"375\" height=\"1531\" hspace=\"4\" align=\"left\" \/>Santo Domingo.-<\/strong><span class=\"text1noticias\"> El Consejo de Directores de  Acci\u00f3n Pro Educaci\u00f3n y Cultura (APEC) y el programa APEC Cultural, en el marco  del evento \u00abCinco vidas al servicio del amor\u00bb, reconocieron la labor  realizada por las distinguidas damas Clara Tejera de Reid, Mary P\u00e9rez de  Marranzini, Margarita Copello de Rodr\u00edguez, Mar\u00eda Consuelo de P\u00e9rez Bernal y  Rosa Emilia S\u00e1nchez de Tavares.<br \/>&#13;<br \/>\n  <br \/>&#13;<br \/>\nEl acto tuvo efecto en el sal\u00f3n APEC  de la cultura Jos\u00e9 Mar\u00eda Bonetti Burgos, y fue bendecido por su excelencia reverend\u00edsima  monse\u00f1or J\u00f3sef Wesolowsky, nuncio apost\u00f3lico en Rep\u00fablica Dominicana.<\/span><\/p>\n<p>&#13;<\/p>\n<p align=\"justify\" class=\"text1noticias\"> Las palabras de apertura estuvieron  a cargo del arquitecto C\u00e9sar Iv\u00e1n Feris Iglesias, presidente del programa Apec  Cultural y el licenciado Antonio Alma, presidente del Consejo de Pasados  Presidentes de APEC, pronunci\u00f3 las palabras centrales.<br \/>&#13;<br \/>\n  <br \/>&#13;<br \/>\nLos diplomas de reconocimiento  fueron entregados por Freddy Dom\u00ednguez, presidente de APEC; Franklyn Holgu\u00edn  Hach\u00e9, delegado permanente ante el Consejo APEC de Pasados Presidentes; Enrique  Ogando, director ejecutivo y C\u00e9sar Iv\u00e1n Feris.<\/p>\n<p>&#13;<\/p>\n<p align=\"justify\" class=\"text1noticias\"> El programa incluy\u00f3 la lectura de  las semblanzas de las homenajeadas, a cargo de Jaime Tatem Brache, coordinador  del programa Apec Cultural, la interpretaci\u00f3n de la canci\u00f3n amorosa y la  criolla Ninfa del alma, por Ondina Matos.<\/p>\n<p>&#13;<\/p>\n<p align=\"justify\" class=\"text1noticias\"> El arquitecto Feris Iglesias dijo  que Apec y el Programa Apec Cultural, tomando en consideraci\u00f3n la celebraci\u00f3n  del D\u00eda de las Madres y que algunas de ellas tienen m\u00e1s de 40 a\u00f1os de servicio  voluntario y el enorme beneficio que han brindado al pueblo, las reconoce como  madres de sus favorecidos.<\/p>\n<p>&#13;<\/p>\n<p align=\"justify\" class=\"text1noticias\"> Agreg\u00f3 que estas instituciones est\u00e1n  convencidas de que sus acciones han sido consecuencias del amor que profesan a  Dios, y que se manifiesta a trav\u00e9s de la entrega al pr\u00f3jimo como se\u00f1ala el  Evangelio, doctrina cristiana que ha sido eje fundamental de sus vidas.<\/p>\n<p>&#13;<\/p>\n<p align=\"justify\" class=\"text1noticias\"> La se\u00f1ora Clara Tejera de Reid,  dirige el Centro de Integraci\u00f3n Familiar; Mary P\u00e9rez de Marrazini, el Instituto  de Rehabilitaci\u00f3n; Margarita Copello de Rodr\u00edguez, la Fundaci\u00f3n Sinfon\u00eda; Mar\u00eda  Consuelo de P\u00e9rez Bernal, el Instituto Santa Rosa de Ayuda al Sordo y Rosa  Emilia S\u00e1nchez de Taveras, la Liga Dominicana Contra el C\u00e1ncer.<\/p>\n<p>&#13;<\/p>\n<p align=\"justify\" class=\"text1noticias\"> El arquitecto Feris Iglesias indic\u00f3  que la labor desarrollada por estas instituciones debe medirse desde dos  vertientes, la primera se cuantifica en n\u00famero de personas beneficiadas y, la  segunda, es la escuela de formaci\u00f3n integral de personas que se han nutrido del  modelo de vida de estas damas.<\/p>\n<p>&#13;<\/p>\n<p align=\"justify\" class=\"text1noticias\"> Sostuvo que estas personalidades ha  sabido presentar una escala de valores excepcionales, fundamentada en la \u00e9tica  y la moral, capacidad de trabajo y sentido de responsabilidad, aunadas a una  fiel formaci\u00f3n en tradiciones culturales dominicanas y un decidido respeto por  el patrimonio nacional.<\/p>\n<p>&#13;<\/p>\n<h6> 2008-05-30 02:32:41 <\/h6>\n<p><!--\n<link rel=\"stylesheet\" href=\"css\/bootstrap.min.css\">\n\n\n<ul class=\"pagination\">\n\t    \n\t\n\n<li >\n\t<a href='?page_no=22613'>Previous<\/a>\n\t<\/li>\n\n\n       \n    \n\n<li><a href='?page_no=1'>1<\/a><\/li>\n\n\n\n<li><a href='?page_no=2'>2<\/a><\/li>\n\n\n\n<li><a>...<\/a><\/li>\n\n\n\n<li><a href='?page_no=22612'>22612<\/a><\/li>\n\n\n\n<li><a href='?page_no=22613'>22613<\/a><\/li>\n\n\n\n<li class='active'><a>22614<\/a><\/li>\n\n\n\n<li><a href='?page_no=22615'>22615<\/a><\/li>\n\n\n\n<li><a href='?page_no=22616'>22616<\/a><\/li>\n\n\n\n<li><a>...<\/a><\/li>\n\n\n\n<li><a href='?page_no=22911'>22911<\/a><\/li>\n\n\n\n<li><a href='?page_no=22912'>22912<\/a><\/li>\n\n    \n\t\n\n<li >\n\t<a href='?page_no=22615'>Next<\/a>\n\t<\/li>\n\n\n    \n\n<li><a href='?page_no=22912'>Last &rsaquo;&rsaquo;<\/a><\/li>\n\n<\/ul>\n\n\n--><br \/>\n<\/body><\/p>\n","protected":false},"excerpt":{"rendered":"<p>Apec reconoce 5 damas meritorias &#13; Santo Domingo.- El Consejo de Directores de Acci\u00f3n Pro Educaci\u00f3n y Cultura (APEC) y el programa APEC Cultural, en el marco del evento \u00abCinco vidas al servicio del amor\u00bb, reconocieron la labor realizada por las distinguidas damas Clara Tejera de Reid, Mary P\u00e9rez de Marranzini, Margarita Copello de Rodr\u00edguez, [&hellip;]<\/p>\n","protected":false},"author":3,"featured_media":0,"comment_status":"open","ping_status":"open","sticky":false,"template":"","format":"standard","meta":{"footnotes":""},"categories":[21],"tags":[],"class_list":["post-70936","post","type-post","status-publish","format-standard","hentry","category-cultura"],"_links":{"self":[{"href":"https:\/\/diariodominicano.com\/index.php?rest_route=\/wp\/v2\/posts\/70936","targetHints":{"allow":["GET"]}}],"collection":[{"href":"https:\/\/diariodominicano.com\/index.php?rest_route=\/wp\/v2\/posts"}],"about":[{"href":"https:\/\/diariodominicano.com\/index.php?rest_route=\/wp\/v2\/types\/post"}],"author":[{"embeddable":true,"href":"https:\/\/diariodominicano.com\/index.php?rest_route=\/wp\/v2\/users\/3"}],"replies":[{"embeddable":true,"href":"https:\/\/diariodominicano.com\/index.php?rest_route=%2Fwp%2Fv2%2Fcomments&post=70936"}],"version-history":[{"count":0,"href":"https:\/\/diariodominicano.com\/index.php?rest_route=\/wp\/v2\/posts\/70936\/revisions"}],"wp:attachment":[{"href":"https:\/\/diariodominicano.com\/index.php?rest_route=%2Fwp%2Fv2%2Fmedia&parent=70936"}],"wp:term":[{"taxonomy":"category","embeddable":true,"href":"https:\/\/diariodominicano.com\/index.php?rest_route=%2Fwp%2Fv2%2Fcategories&post=70936"},{"taxonomy":"post_tag","embeddable":true,"href":"https:\/\/diariodominicano.com\/index.php?rest_route=%2Fwp%2Fv2%2Ftags&post=70936"}],"curies":[{"name":"wp","href":"https:\/\/api.w.org\/{rel}","templated":true}]}}