{"id":70935,"date":"2008-06-02T01:13:38","date_gmt":"2008-06-02T01:13:38","guid":{"rendered":"http:\/\/diariodominicano.ddns.net\/?p=70935"},"modified":"2008-06-02T01:13:38","modified_gmt":"2008-06-02T01:13:38","slug":"filarmonica-de-berlin-reabre-sus-puertas-despues-del-incendio","status":"publish","type":"post","link":"https:\/\/diariodominicano.com\/?p=70935","title":{"rendered":"Filarm\u00f3nica de Berl\u00edn reabre sus puertas despu\u00e9s del incendio"},"content":{"rendered":"<p><body><\/p>\n<p align=\"justify\"><span class=\"titulogrande1\">Filarm\u00f3nica de Berl\u00edn reabre sus puertas despu\u00e9s del  incendio <\/span><br \/>&#13;<br \/>\n  <br \/>&#13;<br \/>\n    <span class=\"text1noticias\">Dos semanas despu\u00e9s de sufrir da\u00f1os en el techo a ra\u00edz de un  incendio, este lunes realizar\u00e1 un concierto a cargo de la Orquesta Sinf\u00f3nica  Alemana y m\u00fasicos n\u00f3veles.<br \/>&#13;<br \/>\n    <br \/>&#13;<br \/>\nDPA <\/span><\/p>\n<p>&#13;<\/p>\n<p align=\"justify\" class=\"text1noticias\"><img loading=\"lazy\" decoding=\"async\" src=\"http:\/\/localhost:8080\/img\/filarmonica.jpg\" width=\"375\" height=\"270\" hspace=\"4\" align=\"left\" \/>La Orquesta Filarm\u00f3nica de Berl\u00edn reabrir\u00e1 el lunes sus  puertas, casi dos semanas despu\u00e9s de sufrir da\u00f1os en el techo a ra\u00edz de un  incendio.\u00a0<br \/>&#13;<br \/>\n    <br \/>&#13;<br \/>\n    La reapertura se festejar\u00e1 con un concierto a cargo de la Orquesta Sinf\u00f3nica  Alemana y m\u00fasicos n\u00f3veles.<br \/>&#13;<br \/>\n    <br \/>&#13;<br \/>\n    La Filarm\u00f3nica, con la direcci\u00f3n de Simon Rattle, retomar\u00e1 a partir del lunes  sus ensayos en la casa, considerada una de las mejores en cuanto a ac\u00fastica y  una las m\u00e1s bellas con su caracter\u00edstica forma pentagonal.<br \/>&#13;<br \/>\n    <br \/>&#13;<br \/>\n    El 20 de mayo, trabajos de soldadura provocaron un incendio  que amenaz\u00f3 con destruir el edificio inaugurado en 1963. <br \/>&#13;<br \/>\n    <br \/>&#13;<br \/>\n  Sin embargo, al final,  s\u00f3lo hubo da\u00f1os en el techo, que ser\u00e1 restaurado completamente hasta fines de  a\u00f1o.<\/p>\n<p>&#13;<\/p>\n<h6> 2008-06-02 01:13:38 <\/h6>\n<p><!--\n<link rel=\"stylesheet\" href=\"css\/bootstrap.min.css\">\n\n\n<ul class=\"pagination\">\n\t    \n\t\n\n<li >\n\t<a href='?page_no=22612'>Previous<\/a>\n\t<\/li>\n\n\n       \n    \n\n<li><a href='?page_no=1'>1<\/a><\/li>\n\n\n\n<li><a href='?page_no=2'>2<\/a><\/li>\n\n\n\n<li><a>...<\/a><\/li>\n\n\n\n<li><a href='?page_no=22611'>22611<\/a><\/li>\n\n\n\n<li><a href='?page_no=22612'>22612<\/a><\/li>\n\n\n\n<li class='active'><a>22613<\/a><\/li>\n\n\n\n<li><a href='?page_no=22614'>22614<\/a><\/li>\n\n\n\n<li><a href='?page_no=22615'>22615<\/a><\/li>\n\n\n\n<li><a>...<\/a><\/li>\n\n\n\n<li><a href='?page_no=22911'>22911<\/a><\/li>\n\n\n\n<li><a href='?page_no=22912'>22912<\/a><\/li>\n\n    \n\t\n\n<li >\n\t<a href='?page_no=22614'>Next<\/a>\n\t<\/li>\n\n\n    \n\n<li><a href='?page_no=22912'>Last &rsaquo;&rsaquo;<\/a><\/li>\n\n<\/ul>\n\n\n--><br \/>\n<\/body><\/p>\n","protected":false},"excerpt":{"rendered":"<p>Filarm\u00f3nica de Berl\u00edn reabre sus puertas despu\u00e9s del incendio &#13; &#13; Dos semanas despu\u00e9s de sufrir da\u00f1os en el techo a ra\u00edz de un incendio, este lunes realizar\u00e1 un concierto a cargo de la Orquesta Sinf\u00f3nica Alemana y m\u00fasicos n\u00f3veles.&#13; &#13; DPA &#13; La Orquesta Filarm\u00f3nica de Berl\u00edn reabrir\u00e1 el lunes sus puertas, casi dos [&hellip;]<\/p>\n","protected":false},"author":3,"featured_media":0,"comment_status":"open","ping_status":"open","sticky":false,"template":"","format":"standard","meta":{"footnotes":""},"categories":[21],"tags":[],"class_list":["post-70935","post","type-post","status-publish","format-standard","hentry","category-cultura"],"_links":{"self":[{"href":"https:\/\/diariodominicano.com\/index.php?rest_route=\/wp\/v2\/posts\/70935","targetHints":{"allow":["GET"]}}],"collection":[{"href":"https:\/\/diariodominicano.com\/index.php?rest_route=\/wp\/v2\/posts"}],"about":[{"href":"https:\/\/diariodominicano.com\/index.php?rest_route=\/wp\/v2\/types\/post"}],"author":[{"embeddable":true,"href":"https:\/\/diariodominicano.com\/index.php?rest_route=\/wp\/v2\/users\/3"}],"replies":[{"embeddable":true,"href":"https:\/\/diariodominicano.com\/index.php?rest_route=%2Fwp%2Fv2%2Fcomments&post=70935"}],"version-history":[{"count":0,"href":"https:\/\/diariodominicano.com\/index.php?rest_route=\/wp\/v2\/posts\/70935\/revisions"}],"wp:attachment":[{"href":"https:\/\/diariodominicano.com\/index.php?rest_route=%2Fwp%2Fv2%2Fmedia&parent=70935"}],"wp:term":[{"taxonomy":"category","embeddable":true,"href":"https:\/\/diariodominicano.com\/index.php?rest_route=%2Fwp%2Fv2%2Fcategories&post=70935"},{"taxonomy":"post_tag","embeddable":true,"href":"https:\/\/diariodominicano.com\/index.php?rest_route=%2Fwp%2Fv2%2Ftags&post=70935"}],"curies":[{"name":"wp","href":"https:\/\/api.w.org\/{rel}","templated":true}]}}