{"id":70934,"date":"2008-06-02T01:18:09","date_gmt":"2008-06-02T01:18:09","guid":{"rendered":"http:\/\/diariodominicano.ddns.net\/?p=70934"},"modified":"2008-06-02T01:18:09","modified_gmt":"2008-06-02T01:18:09","slug":"lanzan-la-biografia-autorizada-de-paulo-coelho","status":"publish","type":"post","link":"https:\/\/diariodominicano.com\/?p=70934","title":{"rendered":"Lanzan la biograf\u00eda autorizada de Paulo Coelho"},"content":{"rendered":"<p><body><\/p>\n<p align=\"justify\"><span class=\"titulogrande1\">Lanzan la biograf\u00eda autorizada de Paulo Coelho <\/span><br \/>&#13;<br \/>\n  <br \/>&#13;<br \/>\n    <span class=\"text1noticias\">La obra ser\u00e1 publicada a mediados de este a\u00f1o en portugu\u00e9s y  espa\u00f1ol. <br \/>&#13;<br \/>\n    <br \/>&#13;<br \/>\n    DPA <\/span><\/p>\n<p>&#13;<\/p>\n<p align=\"justify\" class=\"text1noticias\"><img loading=\"lazy\" decoding=\"async\" src=\"http:\/\/localhost:8080\/img\/coelo.jpg\" width=\"375\" height=\"270\" hspace=\"4\" align=\"left\" \/>El lanzamiento del libro \u00abEl Mago\u00bb, una biograf\u00eda  autorizada del escritor brasile\u00f1o Paulo Coelho, fue escrita por el periodista  Fernando Morais y revela significativos pasajes de la vida del autor de  \u00abEl Alquimista\u00bb.<br \/>&#13;<br \/>\n  <br \/>&#13;<br \/>\n  El libro se basa en impresiones tomadas por Morais durante  m\u00e1s de dos meses en los que acompa\u00f1\u00f3 de cerca al escritor, incluso en viajes a  Cercano Oriente y Europa, y en diarios que Coelho escribi\u00f3 durante cuatro  d\u00e9cadas.<br \/>&#13;<br \/>\n  <br \/>&#13;<br \/>\n  Seg\u00fan Morais, la caracter\u00edstica m\u00e1s destacable del autor de  \u00abManual del Guerrero de la Luz\u00bb y \u00abBrida\u00bb, a quien defini\u00f3  como \u00abun brasile\u00f1o cuyo tr\u00e1nsito internacional s\u00f3lo se compara al de  Pel\u00e9\u00bb, es la \u00abb\u00fasqueda incesante y neur\u00f3tica por la leyenda  personal\u00bb, un intento por alcanzar la fama y convertirse en un escritor  reconocido en todo el mundo.<br \/>&#13;<br \/>\n  <br \/>&#13;<br \/>\n  Guardados en un enorme ba\u00fal, cuyo contenido Coelho hab\u00eda  pedido que fuera \u00edntegramente incinerado tras su muerte, el periodista encontr\u00f3  \u00ab40 a\u00f1os de diarios escritos en 170 cuadernos gruesos y otro centenar de  cintas cassettes\u00bb.<br \/>&#13;<br \/>\n  <br \/>&#13;<br \/>\n  Entre las anotaciones figura una confesi\u00f3n, que seg\u00fan el  periodista resume la personalidad y explica el \u00e9xito de Coelho: \u00abSoy un  guerrero aguardando su hora de entrar decisivamente en escena (&#8230;) y mi  destino es el \u00e9xito. Mi gran talento es luchar por \u00e9l\u00bb.<br \/>&#13;<br \/>\n  <br \/>&#13;<br \/>\n\u00abCuando acab\u00e9 de leer todo descubr\u00ed que ten\u00eda que tirar  las cerca de cien p\u00e1ginas que hab\u00eda escrito (tras pasar dos meses junto al  escritor) porque el libro era otro. Yo me hab\u00eda imaginado un personaje m\u00e1s  &#8216;agua de flor de naranjo&#8217;, m\u00e1s &#8216;light&#8217;. Pero la historia de \u00e9l pose\u00eda un  dramatismo que no hab\u00eda salido a luz integralmente en sus declaraciones ni las  de otras personas\u00bb, se\u00f1al\u00f3 Morais.<br \/>&#13;<br \/>\n<br \/>&#13;<br \/>\nUno de los aspectos que llam\u00f3 m\u00e1s la atenci\u00f3n a Morais sobre  la vida de su personaje, es \u00abel hecho de haber sobrevivido a todo. A las  drogas, al hospital (siqui\u00e1trico), a padres hostiles, al satanismo y a la  cr\u00edtica despu\u00e9s de convertirse en estrella\u00bb.<br \/>&#13;<br \/>\n<br \/>&#13;<br \/>\nEl periodista tambi\u00e9n relat\u00f3 la \u00abtentaci\u00f3n\u00bb que  tuvo de autocensurarse para eludir partes de la vida de Coelho, como por  ejemplo sus experiencias homosexuales, o una relaci\u00f3n sexual que tuvo con una  novia delante de una t\u00eda de la muchacha que era muda.<br \/>&#13;<br \/>\n<br \/>&#13;<br \/>\nEn opini\u00f3n de Morais, \u00abhay una sucesi\u00f3n de acontecimientos  que lo llevaron (a Coelho) a tener esa sexualidad tortuosa. <br \/>&#13;<br \/>\n<br \/>&#13;<br \/>\nCreci\u00f3 como un ni\u00f1o  feo, fr\u00e1gil y asm\u00e1tico. Despu\u00e9s vienen los ataques de terror que \u00e9l ten\u00eda con  el infierno que los jesuitas describ\u00edan para que no cometiese el pecado de la  masturbaci\u00f3n. Despu\u00e9s la madre lo lleva a tomar un remedio para crecer y le  crecen pechos. Entonces, todo eso va creando cierta confusi\u00f3n\u00bb.<br \/>&#13;<br \/>\n<br \/>&#13;<br \/>\nLa obra ser\u00e1 publicada por la editorial Planeta. La  editorial, que posee los derechos mundiales de la publicaci\u00f3n en portugu\u00e9s y  espa\u00f1ol, pretende hacer el lanzamiento mundial en Portugal, Espa\u00f1a y  Latinoam\u00e9rica en la segunda mitad de 2008.<\/p>\n<p>&#13;<\/p>\n<h6> 2008-06-02 01:18:09 <\/h6>\n<p><!--\n<link rel=\"stylesheet\" href=\"css\/bootstrap.min.css\">\n\n\n<ul class=\"pagination\">\n\t    \n\t\n\n<li >\n\t<a href='?page_no=22611'>Previous<\/a>\n\t<\/li>\n\n\n       \n    \n\n<li><a href='?page_no=1'>1<\/a><\/li>\n\n\n\n<li><a href='?page_no=2'>2<\/a><\/li>\n\n\n\n<li><a>...<\/a><\/li>\n\n\n\n<li><a href='?page_no=22610'>22610<\/a><\/li>\n\n\n\n<li><a href='?page_no=22611'>22611<\/a><\/li>\n\n\n\n<li class='active'><a>22612<\/a><\/li>\n\n\n\n<li><a href='?page_no=22613'>22613<\/a><\/li>\n\n\n\n<li><a href='?page_no=22614'>22614<\/a><\/li>\n\n\n\n<li><a>...<\/a><\/li>\n\n\n\n<li><a href='?page_no=22911'>22911<\/a><\/li>\n\n\n\n<li><a href='?page_no=22912'>22912<\/a><\/li>\n\n    \n\t\n\n<li >\n\t<a href='?page_no=22613'>Next<\/a>\n\t<\/li>\n\n\n    \n\n<li><a href='?page_no=22912'>Last &rsaquo;&rsaquo;<\/a><\/li>\n\n<\/ul>\n\n\n--><br \/>\n<\/body><\/p>\n","protected":false},"excerpt":{"rendered":"<p>Lanzan la biograf\u00eda autorizada de Paulo Coelho &#13; &#13; La obra ser\u00e1 publicada a mediados de este a\u00f1o en portugu\u00e9s y espa\u00f1ol. &#13; &#13; DPA &#13; El lanzamiento del libro \u00abEl Mago\u00bb, una biograf\u00eda autorizada del escritor brasile\u00f1o Paulo Coelho, fue escrita por el periodista Fernando Morais y revela significativos pasajes de la vida del [&hellip;]<\/p>\n","protected":false},"author":3,"featured_media":0,"comment_status":"open","ping_status":"open","sticky":false,"template":"","format":"standard","meta":{"footnotes":""},"categories":[21],"tags":[],"class_list":["post-70934","post","type-post","status-publish","format-standard","hentry","category-cultura"],"_links":{"self":[{"href":"https:\/\/diariodominicano.com\/index.php?rest_route=\/wp\/v2\/posts\/70934","targetHints":{"allow":["GET"]}}],"collection":[{"href":"https:\/\/diariodominicano.com\/index.php?rest_route=\/wp\/v2\/posts"}],"about":[{"href":"https:\/\/diariodominicano.com\/index.php?rest_route=\/wp\/v2\/types\/post"}],"author":[{"embeddable":true,"href":"https:\/\/diariodominicano.com\/index.php?rest_route=\/wp\/v2\/users\/3"}],"replies":[{"embeddable":true,"href":"https:\/\/diariodominicano.com\/index.php?rest_route=%2Fwp%2Fv2%2Fcomments&post=70934"}],"version-history":[{"count":0,"href":"https:\/\/diariodominicano.com\/index.php?rest_route=\/wp\/v2\/posts\/70934\/revisions"}],"wp:attachment":[{"href":"https:\/\/diariodominicano.com\/index.php?rest_route=%2Fwp%2Fv2%2Fmedia&parent=70934"}],"wp:term":[{"taxonomy":"category","embeddable":true,"href":"https:\/\/diariodominicano.com\/index.php?rest_route=%2Fwp%2Fv2%2Fcategories&post=70934"},{"taxonomy":"post_tag","embeddable":true,"href":"https:\/\/diariodominicano.com\/index.php?rest_route=%2Fwp%2Fv2%2Ftags&post=70934"}],"curies":[{"name":"wp","href":"https:\/\/api.w.org\/{rel}","templated":true}]}}