{"id":70933,"date":"2008-06-02T01:22:42","date_gmt":"2008-06-02T01:22:42","guid":{"rendered":"http:\/\/diariodominicano.ddns.net\/?p=70933"},"modified":"2008-06-02T01:22:42","modified_gmt":"2008-06-02T01:22:42","slug":"en-londres-bajan-el-cartel-de-lo-que-el-viento-se-llevo","status":"publish","type":"post","link":"https:\/\/diariodominicano.com\/?p=70933","title":{"rendered":"En Londres bajan el cartel de \u00abLo que el viento se llev\u00f3\u00bb"},"content":{"rendered":"<p><body><\/p>\n<p align=\"justify\"><span class=\"titulogrande1\">En Londres bajan el cartel de \u00abLo que el viento se  llev\u00f3\u00bb <\/span><br \/>&#13;<br \/>\n  <br \/>&#13;<br \/>\n    <span class=\"text1noticias\">La adaptaci\u00f3n teatral del cl\u00e1sico del cine y la literatura  \u00abLo que el viento se llev\u00f3\u00bb cerr\u00f3 tres meses antes de lo esperado, al  convertirse en el mayor fracaso en la historia del West End londinense. <br \/>&#13;<br \/>\n    <br \/>&#13;<br \/>\n    Ansa <br \/>&#13;<br \/>\n    <br \/>&#13;<br \/>\n    El musical ten\u00eda previsto finalizar el 27 de septiembre,  pero los productores de la obra decidieron reducir las p\u00e9rdidas tras una baja  venta de entradas.<br \/>&#13;<br \/>\n    <br \/>&#13;<br \/>\n    La \u00faltima funci\u00f3n ser\u00e1 el 14 de junio y se devolver\u00e1 el  dinero por las entradas ya vendidas para el resto de la temporada.<br \/>&#13;<br \/>\n    <br \/>&#13;<br \/>\n\u00abLo que el viento se llev\u00f3\u00bb, protagonizada por  Darius Danesh, en el papel de Rhett Butler y Jill Paice como Scarlett O&#8217;Hara,  abri\u00f3 el pasado 22 de abril en el New London Theatre de la capital brit\u00e1nica,  tras una inversi\u00f3n de ocho millones de d\u00f3lares.<br \/>&#13;<br \/>\n<br \/>&#13;<br \/>\nPero desde su estreno sufri\u00f3 malas cr\u00edticas y una baja  asistencia de p\u00fablico, que obligaron al show a ser reducido de cuatro a tres  horas.<br \/>&#13;<br \/>\n<br \/>&#13;<br \/>\nNicholas de Jongh, cr\u00edtico de teatro del vespertino  londinense Evening Standard, escribi\u00f3 en su columna: \u00abLos conocedores de  los musicales malos y despampanantes deben apurarse para ver \u00abLo que el  viento se llev\u00f3\u00bb, en caso que se vuele por vientos de ridiculez\u00bb.<\/span><\/p>\n<p>&#13;<\/p>\n<h6> 2008-06-02 01:22:42 <\/h6>\n<p><!--\n<link rel=\"stylesheet\" href=\"css\/bootstrap.min.css\">\n\n\n<ul class=\"pagination\">\n\t    \n\t\n\n<li >\n\t<a href='?page_no=22610'>Previous<\/a>\n\t<\/li>\n\n\n       \n    \n\n<li><a href='?page_no=1'>1<\/a><\/li>\n\n\n\n<li><a href='?page_no=2'>2<\/a><\/li>\n\n\n\n<li><a>...<\/a><\/li>\n\n\n\n<li><a href='?page_no=22609'>22609<\/a><\/li>\n\n\n\n<li><a href='?page_no=22610'>22610<\/a><\/li>\n\n\n\n<li class='active'><a>22611<\/a><\/li>\n\n\n\n<li><a href='?page_no=22612'>22612<\/a><\/li>\n\n\n\n<li><a href='?page_no=22613'>22613<\/a><\/li>\n\n\n\n<li><a>...<\/a><\/li>\n\n\n\n<li><a href='?page_no=22911'>22911<\/a><\/li>\n\n\n\n<li><a href='?page_no=22912'>22912<\/a><\/li>\n\n    \n\t\n\n<li >\n\t<a href='?page_no=22612'>Next<\/a>\n\t<\/li>\n\n\n    \n\n<li><a href='?page_no=22912'>Last &rsaquo;&rsaquo;<\/a><\/li>\n\n<\/ul>\n\n\n--><br \/>\n<\/body><\/p>\n","protected":false},"excerpt":{"rendered":"<p>En Londres bajan el cartel de \u00abLo que el viento se llev\u00f3\u00bb &#13; &#13; La adaptaci\u00f3n teatral del cl\u00e1sico del cine y la literatura \u00abLo que el viento se llev\u00f3\u00bb cerr\u00f3 tres meses antes de lo esperado, al convertirse en el mayor fracaso en la historia del West End londinense. &#13; &#13; Ansa &#13; &#13; [&hellip;]<\/p>\n","protected":false},"author":3,"featured_media":0,"comment_status":"open","ping_status":"open","sticky":false,"template":"","format":"standard","meta":{"footnotes":""},"categories":[21],"tags":[],"class_list":["post-70933","post","type-post","status-publish","format-standard","hentry","category-cultura"],"_links":{"self":[{"href":"https:\/\/diariodominicano.com\/index.php?rest_route=\/wp\/v2\/posts\/70933","targetHints":{"allow":["GET"]}}],"collection":[{"href":"https:\/\/diariodominicano.com\/index.php?rest_route=\/wp\/v2\/posts"}],"about":[{"href":"https:\/\/diariodominicano.com\/index.php?rest_route=\/wp\/v2\/types\/post"}],"author":[{"embeddable":true,"href":"https:\/\/diariodominicano.com\/index.php?rest_route=\/wp\/v2\/users\/3"}],"replies":[{"embeddable":true,"href":"https:\/\/diariodominicano.com\/index.php?rest_route=%2Fwp%2Fv2%2Fcomments&post=70933"}],"version-history":[{"count":0,"href":"https:\/\/diariodominicano.com\/index.php?rest_route=\/wp\/v2\/posts\/70933\/revisions"}],"wp:attachment":[{"href":"https:\/\/diariodominicano.com\/index.php?rest_route=%2Fwp%2Fv2%2Fmedia&parent=70933"}],"wp:term":[{"taxonomy":"category","embeddable":true,"href":"https:\/\/diariodominicano.com\/index.php?rest_route=%2Fwp%2Fv2%2Fcategories&post=70933"},{"taxonomy":"post_tag","embeddable":true,"href":"https:\/\/diariodominicano.com\/index.php?rest_route=%2Fwp%2Fv2%2Ftags&post=70933"}],"curies":[{"name":"wp","href":"https:\/\/api.w.org\/{rel}","templated":true}]}}