{"id":70931,"date":"2008-06-02T01:33:31","date_gmt":"2008-06-02T01:33:31","guid":{"rendered":"http:\/\/diariodominicano.ddns.net\/?p=70931"},"modified":"2008-06-02T01:33:31","modified_gmt":"2008-06-02T01:33:31","slug":"finaliza-segundo-festival-internacional-de-cortometraje-cine-cultura-y-vida","status":"publish","type":"post","link":"https:\/\/diariodominicano.com\/?p=70931","title":{"rendered":"Finaliza Segundo Festival Internacional de Cortometraje Cine, Cultura y Vida"},"content":{"rendered":"<p><body><\/p>\n<p align=\"center\" class=\"titulogrande1\"><strong>Finaliza  Segundo Festival Internacional de Cortometraje Cine, Cultura y Vida\u00a0\u00a0 <\/strong><\/p>\n<p>&#13;<\/p>\n<p><em>\u00a0<\/em><\/p>\n<p>&#13;<\/p>\n<ul>&#13;<\/p>\n<li>&#13;\n<div align=\"justify\" class=\"text1noticias\"><em>A pesar de la intensa lluvia se llev\u00f3 a  cabo la clausura del CICUVI con la proyecci\u00f3n de los cortometrajes ganadores.<\/em><\/div>\n<p>&#13;\n  <\/li>\n<p>&#13;\n<\/ul>\n<p>&#13;<\/p>\n<p align=\"justify\" class=\"text1noticias\"><strong><img loading=\"lazy\" decoding=\"async\" src=\"http:\/\/localhost:8080\/img\/ganadores.jpg\" width=\"375\" height=\"281\" hspace=\"4\" align=\"left\" \/>Toluca, M\u00e9xico.- <\/strong>El Segundo  Festival Internacional de Cortometraje Cine, Cultura y Vida (CICUVI), que  concluy\u00f3 anoche en la capital del Estado de M\u00e9xico, rebas\u00f3 las expectativas de  sus organizadores al incrementar la afluencia de espectadores durante la semana  que dur\u00f3 el evento y proyectar 66 cortometrajes provenientes de distintas  partes del mundo.<\/p>\n<p>&#13;<\/p>\n<p align=\"justify\" class=\"text1noticias\">En la Plaza Gonz\u00e1lez Arratia, y bajo una intensa  lluvia que no aminor\u00f3 el \u00e1nimo de los asistentes, se llev\u00f3 a cabo la ceremonia  de clausura en la que se entregaron los premios a los mejores cortometrajes  elegidos por el jurado y el p\u00fablico de Toluca.<\/p>\n<p>&#13;<\/p>\n<p align=\"justify\" class=\"text1noticias\">El premio al mejor cortometraje del CICUVI se entreg\u00f3  a <strong><em>Porque  hay<\/em> cosas <em>que nunca se olvidan <\/em><\/strong>de  Lucas Figueroa (Espa\u00f1a, 2007); el p\u00fablico concedi\u00f3 el galard\u00f3n como mejor  cortometraje de Toluca a <strong><em>DVD<\/em><\/strong> de Ciro Altabas (Espa\u00f1a, 2007);\u00a0 el mejor cortometraje universitario fue <strong><em>La  Paciente<\/em><\/strong> de Mendel Samayoa (Guatemala, 2006).<\/p>\n<p>&#13;<\/p>\n<p align=\"justify\" class=\"text1noticias\">En la categor\u00eda de mejor documental se coron\u00f3 <strong><em>H\u00e9roes,  no hacen falta alas para volar<\/em><\/strong> de \u00c1ngel Loza (Espa\u00f1a, 2007) y, finalmente,  el premio al mejor cortometraje de animaci\u00f3n fue para <strong><em>Fly<\/em><\/strong> de Ra\u00fal y Rafael  C\u00e1rdenas Rivera (M\u00e9xico, 2007).<br \/>&#13;<br \/>\n  \u00a0 <br \/>&#13;<br \/>\n  Los hermanos Ra\u00fal y Rafael C\u00e1rdenas Rivera, residentes  de la Ciudad de Toluca y ganadores por el cortometraje Fly, mencionaron: \u201ces un  honor y un privilegio recibir un premio en Toluca, siendo que nunca hab\u00edamos  estado en un festival aqu\u00ed y es muy padre generar este tipo de eventos tan  ambiciosos en el estado para comenzar a crear esta cultura en el p\u00fablico que  hace mucha falta\u201d. <\/p>\n<p>&#13;<\/p>\n<p align=\"justify\" class=\"text1noticias\">El premio consiste en la escultura Celitzin, dise\u00f1ada  por Montserrat Reyes M\u00e1rquez, y un reconocimiento por parte de CICUVI A.C.<\/p>\n<p>&#13;<\/p>\n<h6> 2008-06-02 01:33:31 <\/h6>\n<p><!--\n<link rel=\"stylesheet\" href=\"css\/bootstrap.min.css\">\n\n\n<ul class=\"pagination\">\n\t    \n\t\n\n<li >\n\t<a href='?page_no=22608'>Previous<\/a>\n\t<\/li>\n\n\n       \n    \n\n<li><a href='?page_no=1'>1<\/a><\/li>\n\n\n\n<li><a href='?page_no=2'>2<\/a><\/li>\n\n\n\n<li><a>...<\/a><\/li>\n\n\n\n<li><a href='?page_no=22607'>22607<\/a><\/li>\n\n\n\n<li><a href='?page_no=22608'>22608<\/a><\/li>\n\n\n\n<li class='active'><a>22609<\/a><\/li>\n\n\n\n<li><a href='?page_no=22610'>22610<\/a><\/li>\n\n\n\n<li><a href='?page_no=22611'>22611<\/a><\/li>\n\n\n\n<li><a>...<\/a><\/li>\n\n\n\n<li><a href='?page_no=22911'>22911<\/a><\/li>\n\n\n\n<li><a href='?page_no=22912'>22912<\/a><\/li>\n\n    \n\t\n\n<li >\n\t<a href='?page_no=22610'>Next<\/a>\n\t<\/li>\n\n\n    \n\n<li><a href='?page_no=22912'>Last &rsaquo;&rsaquo;<\/a><\/li>\n\n<\/ul>\n\n\n--><br \/>\n<\/body><\/p>\n","protected":false},"excerpt":{"rendered":"<p>Finaliza Segundo Festival Internacional de Cortometraje Cine, Cultura y Vida\u00a0\u00a0 &#13; \u00a0 &#13; &#13; &#13; A pesar de la intensa lluvia se llev\u00f3 a cabo la clausura del CICUVI con la proyecci\u00f3n de los cortometrajes ganadores. &#13; &#13; &#13; Toluca, M\u00e9xico.- El Segundo Festival Internacional de Cortometraje Cine, Cultura y Vida (CICUVI), que concluy\u00f3 anoche [&hellip;]<\/p>\n","protected":false},"author":3,"featured_media":0,"comment_status":"open","ping_status":"open","sticky":false,"template":"","format":"standard","meta":{"footnotes":""},"categories":[21],"tags":[],"class_list":["post-70931","post","type-post","status-publish","format-standard","hentry","category-cultura"],"_links":{"self":[{"href":"https:\/\/diariodominicano.com\/index.php?rest_route=\/wp\/v2\/posts\/70931","targetHints":{"allow":["GET"]}}],"collection":[{"href":"https:\/\/diariodominicano.com\/index.php?rest_route=\/wp\/v2\/posts"}],"about":[{"href":"https:\/\/diariodominicano.com\/index.php?rest_route=\/wp\/v2\/types\/post"}],"author":[{"embeddable":true,"href":"https:\/\/diariodominicano.com\/index.php?rest_route=\/wp\/v2\/users\/3"}],"replies":[{"embeddable":true,"href":"https:\/\/diariodominicano.com\/index.php?rest_route=%2Fwp%2Fv2%2Fcomments&post=70931"}],"version-history":[{"count":0,"href":"https:\/\/diariodominicano.com\/index.php?rest_route=\/wp\/v2\/posts\/70931\/revisions"}],"wp:attachment":[{"href":"https:\/\/diariodominicano.com\/index.php?rest_route=%2Fwp%2Fv2%2Fmedia&parent=70931"}],"wp:term":[{"taxonomy":"category","embeddable":true,"href":"https:\/\/diariodominicano.com\/index.php?rest_route=%2Fwp%2Fv2%2Fcategories&post=70931"},{"taxonomy":"post_tag","embeddable":true,"href":"https:\/\/diariodominicano.com\/index.php?rest_route=%2Fwp%2Fv2%2Ftags&post=70931"}],"curies":[{"name":"wp","href":"https:\/\/api.w.org\/{rel}","templated":true}]}}