{"id":70930,"date":"2008-06-02T04:07:00","date_gmt":"2008-06-02T04:07:00","guid":{"rendered":"http:\/\/diariodominicano.ddns.net\/?p=70930"},"modified":"2008-06-02T04:07:00","modified_gmt":"2008-06-02T04:07:00","slug":"muere-el-disenador-yves-saint-laurent","status":"publish","type":"post","link":"https:\/\/diariodominicano.com\/?p=70930","title":{"rendered":"Muere el dise\u00f1ador Yves Saint Laurent"},"content":{"rendered":"<p><body><\/p>\n<p align=\"justify\"><strong class=\"titulogrande1\">Muere el dise\u00f1ador Yves Saint Laurent<\/strong><br \/>&#13;<br \/>\n  <br \/>&#13;<br \/>\n    <span class=\"text1noticias\">Fallece en Par\u00eds a los 71 a\u00f1os uno de los m\u00e1s importantes modistos del  siglo XX, el primero que expuso su obra en un museo<br \/> &#13;<br \/>\n    <br \/>&#13;<br \/>\n    <strong>ELPA\u00cdS.com \/  AFP<\/strong> &#8211; Par\u00eds &#8211; 02\/06\/2008 <\/span><\/p>\n<p>&#13;<\/p>\n<p align=\"justify\" class=\"text1noticias\"><img loading=\"lazy\" decoding=\"async\" src=\"http:\/\/localhost:8080\/img\/laurent.jpg\" width=\"375\" height=\"276\" hspace=\"4\" align=\"left\" \/>Yves Saint Laurent, uno de los  dise\u00f1adores de moda m\u00e1s importantes del siglo XX, fundador de la marca de ropa  de alta costura que lleva su nombre, ha fallecido este domingo en Par\u00eds a los  71 a\u00f1os de edad. Saint Laurent era considerado uno de los \u00faltimos s\u00edmbolos de la  generaci\u00f3n de modistos que hizo de Par\u00eds la capital mundial de la moda, junto  con otros como Christian Dior y Coco Chanel. <br \/>&#13;<br \/>\n  <br \/>&#13;<br \/>\n  Su muerte se produjo a las 23.10  horas despu\u00e9s de una larga enfermedad, seg\u00fan su antiguo socio y amante Pierre  Berg\u00e9 desde 1957.<br \/>&#13;<br \/>\n  <br \/>&#13;<br \/>\n    <strong>El rey de la moda<\/strong>.\u00a0Yves Saint  Laurent, uno de los dise\u00f1adores de moda m\u00e1s importantes del siglo XX, fundador  de la marca de ropa de alta costura que lleva su nombre, ha muerto este domingo  en Par\u00eds a los 71 a\u00f1os de edad, seg\u00fan la Fundaci\u00f3n Pierre Berg\u00e9-Yves Saint  Laurent. En la foto, el dise\u00f1ador, rodeado de sus modelos, recibe una ovaci\u00f3n  tras un desfile en 1984 en Par\u00eds.- AP<br \/>&#13;<br \/>\n    <br \/>&#13;<br \/>\n    Nacido en Or\u00e1n (Argelia), el 1 de  agosto de 1936, Saint Laurent anunci\u00f3 su retirada del dise\u00f1o en enero de 2002,  tras pasar a la historia como el primer modisto que expuso su trabajo en un  museo, el Metropolitan de Nueva York, que en 1983 dedic\u00f3 una muestra a sus  creaciones. El Museo de Bellas Artes de Pek\u00edn exhibi\u00f3 tambi\u00e9n sus obras en  1985, y en 1986 el Museo de la Moda de Par\u00eds, enclavado en el Louvre, le  ofreci\u00f3 una retrospectiva.<br \/>&#13;<br \/>\n    <br \/>&#13;<br \/>\n    Saint Laurent cambi\u00f3 para siempre  la manera de vestir de las mujeres, imponiendo en la alta costura un estilo m\u00e1s  adecuado a la vida contempor\u00e1nea, de clara inspiraci\u00f3n masculina, con modelos  como su celebrado esmoquin de mujeres, sus vestidos trapecio o su blusa de tul  transparente, con la que hizo su aportaci\u00f3n a la revoluci\u00f3n sexual.<br \/>&#13;<br \/>\n    <br \/>&#13;<br \/>\n    <strong>Una historia de \u00e9xitos<\/strong> <br \/>&#13;<br \/>\n    <br \/>&#13;<br \/>\n    Su carrera comenz\u00f3 a los 18 a\u00f1os,  cuando entr\u00f3 a trabajar en la firma Christian Dior. Tras la muerte de Dior, en  1957, le sustituy\u00f3 al frente de la firma, convirti\u00e9ndose en el modisto m\u00e1s  joven de la alta costura francesa. Su carrera en esta casa concluy\u00f3 en 1960,  cuando fue llamado para cumplir con el servicio militar franc\u00e9s.<br \/>&#13;<br \/>\n    <br \/>&#13;<br \/>\n    Terminadas sus obligaciones con la  milicia, en 1962 volvi\u00f3 a Par\u00eds con la intenci\u00f3n de incorporarse de nuevo a  Dior, pero la casa le hab\u00eda sustituido por Marc Bohan. Saint Laurent demand\u00f3 a  la empresa por da\u00f1os morales y con el dinero de la indemnizaci\u00f3n cre\u00f3 su propia  casa de costura en asociaci\u00f3n con Pierre Berg\u00e9, que se encarg\u00f3 de la gesti\u00f3n  financiera y comercial.<br \/>&#13;<br \/>\n    <br \/>&#13;<br \/>\n    La primera colecci\u00f3n de la firma,  de ese mismo a\u00f1o, se convirti\u00f3 en un \u00e9xito instant\u00e1neo. Sus l\u00edneas de los a\u00f1os  60 destacaron por la incorporaci\u00f3n del esmoquin al vestuario de la mujer y la  innovaci\u00f3n en el <em>pr\u00e9t-a-porter<\/em> femenino. En esa \u00e9poca dise\u00f1\u00f3 decorados y  trajes para pel\u00edculas y obras como <em>Cyrano de Bergerac<\/em> y <em>La Pantera  Rosa<\/em>, mientras convert\u00eda a Catherine Deneuve en icono de estilo y musa  personal.<br \/>&#13;<br \/>\n    <br \/>&#13;<br \/>\n    En 1967 lanz\u00f3 los bucaneros y poco  despu\u00e9s las bermudas. De 1970 son el <em>blazer<\/em> y la espalda al aire, y  siete a\u00f1os despu\u00e9s abri\u00f3 la era de las tendencias orientales y folcl\u00f3ricas.<br \/>&#13;<br \/>\n    <br \/>&#13;<br \/>\n    Su afici\u00f3n al arte le llev\u00f3 a  homenajear a maestros como Mondrian, Picasso y Braque con vestidos que  reproducen sus motivos. Una exposici\u00f3n en La Coru\u00f1a (febrero de 2008) ilustraba  esta influencia en su trabajo, reuniendo sus dise\u00f1os junto con obras de arte  que los inspiraron.<br \/>&#13;<br \/>\n    <br \/>&#13;<br \/>\n    <strong>Retirada paulatina<\/strong> <br \/>&#13;<br \/>\n    <br \/>&#13;<br \/>\n    La casa de modas Yves Saint  Laurent se diversific\u00f3 en cuatro vertientes. Adem\u00e1s de la alta costura, lanz\u00f3  en 1966 el <em>pret-\u00e0-porter<\/em>, una l\u00ednea m\u00e1s asequible dirigida a una  clientela m\u00e1s amplia. La tercera vertiente fue la fabricaci\u00f3n de complementos  bajo licencia: los fabricantes de pa\u00f1uelos, bisuter\u00eda o art\u00edculos de cuero se  peleaban para llevar la sigla YSL en la etiqueta de sus productos. Entr\u00f3  tambi\u00e9n en el mercado de cosm\u00e9ticos con varios perfumes como Y, Rive Gauche y  Opium.<br \/>&#13;<br \/>\n    <br \/>&#13;<br \/>\n    En 1998, la firma LVMH adquiri\u00f3  por cerca de 5.000 millones de francos (910 millones de d\u00f3lares) la marca Yves  Saint Laurent. Un a\u00f1o despu\u00e9s, la empresa italiana Gucci adquiri\u00f3 el Grupo  Sanofi Beaut\u00e9, propietario de YSL, por mil millones de d\u00f3lares, lo que supuso  un nuevo episodio de cambios empresariales en el mundo de la moda.<br \/>&#13;<br \/>\n    <br \/>&#13;<br \/>\n    A lo largo de su carrera, Yves  Saint Laurent recibi\u00f3 numerosos premios. En 1985 fue condecorado con la Legi\u00f3n  de Honor francesa por el presidente Fran\u00e7ois Mitterrand, y anteriormente hab\u00eda  obtenido el Oscar Neiman Marcus de la Costura (Dallas, 1958) y el Harper&#8217;s  Bazaar (EE UU, 1966).<br \/>&#13;<br \/>\n    <br \/>&#13;<br \/>\n    En enero de 2002, a los 65 a\u00f1os,  el dise\u00f1ador dijo adi\u00f3s a la moda con un \u00faltimo desfile en el que present\u00f3 una  retrospectiva de sus 40 a\u00f1os de creaci\u00f3n. Su casa de modas se convirti\u00f3 en 2004  en la Fundaci\u00f3n Pierre Berg\u00e9-Yves Saint Laurent.<\/p>\n<p>&#13;<\/p>\n<h6> 2008-06-02 04:07:00 <\/h6>\n<p><!--\n<link rel=\"stylesheet\" href=\"css\/bootstrap.min.css\">\n\n\n<ul class=\"pagination\">\n\t    \n\t\n\n<li >\n\t<a href='?page_no=22607'>Previous<\/a>\n\t<\/li>\n\n\n       \n    \n\n<li><a href='?page_no=1'>1<\/a><\/li>\n\n\n\n<li><a href='?page_no=2'>2<\/a><\/li>\n\n\n\n<li><a>...<\/a><\/li>\n\n\n\n<li><a href='?page_no=22606'>22606<\/a><\/li>\n\n\n\n<li><a href='?page_no=22607'>22607<\/a><\/li>\n\n\n\n<li class='active'><a>22608<\/a><\/li>\n\n\n\n<li><a href='?page_no=22609'>22609<\/a><\/li>\n\n\n\n<li><a href='?page_no=22610'>22610<\/a><\/li>\n\n\n\n<li><a>...<\/a><\/li>\n\n\n\n<li><a href='?page_no=22911'>22911<\/a><\/li>\n\n\n\n<li><a href='?page_no=22912'>22912<\/a><\/li>\n\n    \n\t\n\n<li >\n\t<a href='?page_no=22609'>Next<\/a>\n\t<\/li>\n\n\n    \n\n<li><a href='?page_no=22912'>Last &rsaquo;&rsaquo;<\/a><\/li>\n\n<\/ul>\n\n\n--><br \/>\n<\/body><\/p>\n","protected":false},"excerpt":{"rendered":"<p>Muere el dise\u00f1ador Yves Saint Laurent&#13; &#13; Fallece en Par\u00eds a los 71 a\u00f1os uno de los m\u00e1s importantes modistos del siglo XX, el primero que expuso su obra en un museo &#13; &#13; ELPA\u00cdS.com \/ AFP &#8211; Par\u00eds &#8211; 02\/06\/2008 &#13; Yves Saint Laurent, uno de los dise\u00f1adores de moda m\u00e1s importantes del siglo [&hellip;]<\/p>\n","protected":false},"author":3,"featured_media":0,"comment_status":"open","ping_status":"open","sticky":false,"template":"","format":"standard","meta":{"footnotes":""},"categories":[21],"tags":[],"class_list":["post-70930","post","type-post","status-publish","format-standard","hentry","category-cultura"],"_links":{"self":[{"href":"https:\/\/diariodominicano.com\/index.php?rest_route=\/wp\/v2\/posts\/70930","targetHints":{"allow":["GET"]}}],"collection":[{"href":"https:\/\/diariodominicano.com\/index.php?rest_route=\/wp\/v2\/posts"}],"about":[{"href":"https:\/\/diariodominicano.com\/index.php?rest_route=\/wp\/v2\/types\/post"}],"author":[{"embeddable":true,"href":"https:\/\/diariodominicano.com\/index.php?rest_route=\/wp\/v2\/users\/3"}],"replies":[{"embeddable":true,"href":"https:\/\/diariodominicano.com\/index.php?rest_route=%2Fwp%2Fv2%2Fcomments&post=70930"}],"version-history":[{"count":0,"href":"https:\/\/diariodominicano.com\/index.php?rest_route=\/wp\/v2\/posts\/70930\/revisions"}],"wp:attachment":[{"href":"https:\/\/diariodominicano.com\/index.php?rest_route=%2Fwp%2Fv2%2Fmedia&parent=70930"}],"wp:term":[{"taxonomy":"category","embeddable":true,"href":"https:\/\/diariodominicano.com\/index.php?rest_route=%2Fwp%2Fv2%2Fcategories&post=70930"},{"taxonomy":"post_tag","embeddable":true,"href":"https:\/\/diariodominicano.com\/index.php?rest_route=%2Fwp%2Fv2%2Ftags&post=70930"}],"curies":[{"name":"wp","href":"https:\/\/api.w.org\/{rel}","templated":true}]}}