{"id":70929,"date":"2008-06-02T21:07:47","date_gmt":"2008-06-02T21:07:47","guid":{"rendered":"http:\/\/diariodominicano.ddns.net\/?p=70929"},"modified":"2008-06-02T21:07:47","modified_gmt":"2008-06-02T21:07:47","slug":"dinamarca-y-suecia-protagonizan-feria-del-libro-infantil-y-juvenil","status":"publish","type":"post","link":"https:\/\/diariodominicano.com\/?p=70929","title":{"rendered":"Dinamarca y Suecia protagonizan Feria del Libro Infantil y Juvenil"},"content":{"rendered":"<p><body><\/p>\n<p align=\"justify\"><span class=\"titulogrande1\">Dinamarca y Suecia protagonizan Feria del Libro Infantil y  Juvenil <\/span><br \/>&#13;<br \/>\n  <br \/>&#13;<br \/>\n    <span class=\"text1noticias\">La jornada de hoy\u00a0tendr\u00e1 una serie de  actividades\u00a0dedicadas a Europa N\u00f3rdica, con especial \u00e9nfasis en estos dos  pa\u00edses. <br \/>&#13;<br \/>\n    <br \/>&#13;<br \/>\nOrbe <\/span><\/p>\n<p>&#13;<\/p>\n<p align=\"justify\" class=\"text1noticias\"><img loading=\"lazy\" decoding=\"async\" src=\"http:\/\/localhost:8080\/img\/feria ninos.jpg\" width=\"375\" height=\"137\" hspace=\"4\" align=\"left\" \/>La 22\u00b0 Feria Internacional del Libro Infantil Juvenil, que  ya fue visitada por 15 mil personas, dedicar\u00e1 su programaci\u00f3n de este lunes a  Europa N\u00f3rdica, especialmente Dinamarca y Suecia.<br \/>&#13;<br \/>\n  <br \/>&#13;<br \/>\n  Seg\u00fan la C\u00e1mara Chilena del Libro habr\u00e1 charlas, bailes,  m\u00fasica, cine y la difusi\u00f3n de tradiciones culturales de esos pueblos. La  v\u00edspera de la feria, que termina el pr\u00f3ximo d\u00eda 6, estuvo dedicada a la cultura  oriental, ocasi\u00f3n en que participaron numerosas familias chileno-japonesas.<br \/>&#13;<br \/>\n  <br \/>&#13;<br \/>\n  El escritor mexicano Francisco Hinojosa, la poeta boliviana Jessica  Freudenthal y la escritora chilena Ana Mar\u00eda G\u00fciraldes participaron en la  presentaci\u00f3n de sus obras para ni\u00f1os y j\u00f3venes a lo largo de la feria, que  cuenta con m\u00e1s de 60 stands bajo una carpa temperada de m\u00e1s de dos mil metros  cuadrados.<br \/>&#13;<br \/>\n  <br \/>&#13;<br \/>\n  La Feria incluye exposiciones de editoriales y librer\u00edas, un  amplio programa cultural, una biblioteca infantil, un sal\u00f3n de Internet y otros  espacios.<br \/>&#13;<br \/>\n  <br \/>&#13;<br \/>\n  Un seminario orientado a profesores, editores, ilustradores  y profesionales del libro servir\u00e1 como espacio de debate sobre el presente y  futuro de la lectura de libros en ni\u00f1os y j\u00f3venes, inform\u00f3 Prensa Latina.<\/p>\n<p>&#13;<\/p>\n<h6> 2008-06-02 21:07:47 <\/h6>\n<p><!--\n<link rel=\"stylesheet\" href=\"css\/bootstrap.min.css\">\n\n\n<ul class=\"pagination\">\n\t    \n\t\n\n<li >\n\t<a href='?page_no=22606'>Previous<\/a>\n\t<\/li>\n\n\n       \n    \n\n<li><a href='?page_no=1'>1<\/a><\/li>\n\n\n\n<li><a href='?page_no=2'>2<\/a><\/li>\n\n\n\n<li><a>...<\/a><\/li>\n\n\n\n<li><a href='?page_no=22605'>22605<\/a><\/li>\n\n\n\n<li><a href='?page_no=22606'>22606<\/a><\/li>\n\n\n\n<li class='active'><a>22607<\/a><\/li>\n\n\n\n<li><a href='?page_no=22608'>22608<\/a><\/li>\n\n\n\n<li><a href='?page_no=22609'>22609<\/a><\/li>\n\n\n\n<li><a>...<\/a><\/li>\n\n\n\n<li><a href='?page_no=22911'>22911<\/a><\/li>\n\n\n\n<li><a href='?page_no=22912'>22912<\/a><\/li>\n\n    \n\t\n\n<li >\n\t<a href='?page_no=22608'>Next<\/a>\n\t<\/li>\n\n\n    \n\n<li><a href='?page_no=22912'>Last &rsaquo;&rsaquo;<\/a><\/li>\n\n<\/ul>\n\n\n--><br \/>\n<\/body><\/p>\n","protected":false},"excerpt":{"rendered":"<p>Dinamarca y Suecia protagonizan Feria del Libro Infantil y Juvenil &#13; &#13; La jornada de hoy\u00a0tendr\u00e1 una serie de actividades\u00a0dedicadas a Europa N\u00f3rdica, con especial \u00e9nfasis en estos dos pa\u00edses. &#13; &#13; Orbe &#13; La 22\u00b0 Feria Internacional del Libro Infantil Juvenil, que ya fue visitada por 15 mil personas, dedicar\u00e1 su programaci\u00f3n de este [&hellip;]<\/p>\n","protected":false},"author":3,"featured_media":0,"comment_status":"open","ping_status":"open","sticky":false,"template":"","format":"standard","meta":{"footnotes":""},"categories":[21],"tags":[],"class_list":["post-70929","post","type-post","status-publish","format-standard","hentry","category-cultura"],"_links":{"self":[{"href":"https:\/\/diariodominicano.com\/index.php?rest_route=\/wp\/v2\/posts\/70929","targetHints":{"allow":["GET"]}}],"collection":[{"href":"https:\/\/diariodominicano.com\/index.php?rest_route=\/wp\/v2\/posts"}],"about":[{"href":"https:\/\/diariodominicano.com\/index.php?rest_route=\/wp\/v2\/types\/post"}],"author":[{"embeddable":true,"href":"https:\/\/diariodominicano.com\/index.php?rest_route=\/wp\/v2\/users\/3"}],"replies":[{"embeddable":true,"href":"https:\/\/diariodominicano.com\/index.php?rest_route=%2Fwp%2Fv2%2Fcomments&post=70929"}],"version-history":[{"count":0,"href":"https:\/\/diariodominicano.com\/index.php?rest_route=\/wp\/v2\/posts\/70929\/revisions"}],"wp:attachment":[{"href":"https:\/\/diariodominicano.com\/index.php?rest_route=%2Fwp%2Fv2%2Fmedia&parent=70929"}],"wp:term":[{"taxonomy":"category","embeddable":true,"href":"https:\/\/diariodominicano.com\/index.php?rest_route=%2Fwp%2Fv2%2Fcategories&post=70929"},{"taxonomy":"post_tag","embeddable":true,"href":"https:\/\/diariodominicano.com\/index.php?rest_route=%2Fwp%2Fv2%2Ftags&post=70929"}],"curies":[{"name":"wp","href":"https:\/\/api.w.org\/{rel}","templated":true}]}}