{"id":70928,"date":"2008-06-02T21:11:44","date_gmt":"2008-06-02T21:11:44","guid":{"rendered":"http:\/\/diariodominicano.ddns.net\/?p=70928"},"modified":"2008-06-02T21:11:44","modified_gmt":"2008-06-02T21:11:44","slug":"senala-estudio-que-chopin-murio-de-fibrosis-quistica","status":"publish","type":"post","link":"https:\/\/diariodominicano.com\/?p=70928","title":{"rendered":"Se\u00f1ala estudio que Chopin muri\u00f3 de fibrosis qu\u00edstica"},"content":{"rendered":"<p><body><\/p>\n<p align=\"justify\"><span class=\"titulogrande1\"><strong>Se\u00f1ala estudio que Chopin muri\u00f3 de  fibrosis qu\u00edstica<\/strong><br \/>&#13;<br \/>\n  <\/span><br \/>&#13;<br \/>\n  <span class=\"text1noticias\">Sufri\u00f3 el compositor polaco de una enfermedad gen\u00e9tica  que afectaba sus pulmones <\/span><\/p>\n<p>&#13;<\/p>\n<p align=\"justify\" class=\"text1noticias\">EFE<br \/>&#13;<br \/>\n    <br \/>&#13;<br \/>\n  El Universal<br \/>&#13;<br \/>\n  <br \/>&#13;<br \/>\n  Varsovia<br \/>&#13;<br \/>\n  <br \/>&#13;<br \/>\n  <img loading=\"lazy\" decoding=\"async\" src=\"http:\/\/localhost:8080\/img\/chopin.jpg\" width=\"375\" height=\"296\" hspace=\"4\" align=\"left\" \/>El compositor polaco  Federico Chopin no muri\u00f3 en 1849 aquejado de una grave tuberculosis, como se  cre\u00eda hasta ahora, sino debido a un fibrosis qu\u00edstica, seg\u00fan un estudio hecho  p\u00fablico en Polonia. <br \/>&#13;<br \/>\n  <br \/>&#13;<br \/>\n  El certificado de defunci\u00f3n del c\u00e9lebre artista (1810-1849) indica que  Chopin falleci\u00f3 en Par\u00eds a causa de la tuberculosis, aunque el profesor  Wojciech Cichy, miembro de la facultad de Medicina de la Universidad de Poznan  (este de Polonia), asegura ahora que la realidad fue bien distinta. <br \/>&#13;<br \/>\n  <br \/>&#13;<br \/>\n  Seg\u00fan inform\u00f3 hoy la radio p\u00fablica polaca, el profesor Cichy se basa en la  presencia de n\u00f3dulos en el coraz\u00f3n de Chopin, que se recoge en la autopsia  practicada tras su muerte y evidencia que el compositor sufri\u00f3 una enfermedad  gen\u00e9tica que afectaba especialmente a los pulmones, aunque no guarda relaci\u00f3n  alguna con la tuberculosis. <br \/>&#13;<br \/>\n  <br \/>&#13;<br \/>\n  El historial m\u00e9dico de los miembros de la familia de Federico Chopin  tambi\u00e9n ser\u00eda una prueba m\u00e1s de esta teor\u00eda, ya que dos de sus hermanas  murieron por padecer enfermedades pulmonares y el m\u00e1s joven de sus hermanos,  quien acusaba una salud delicada, falleci\u00f3 a los quince a\u00f1os de edad. <br \/>&#13;<br \/>\n  <br \/>&#13;<br \/>\n  Los investigadores han analizado el coraz\u00f3n del compositor, que fue  trasladado a Varsovia tras la muerte del m\u00fasico, quien siempre quiso que ese  \u00f3rgano permaneciese en la ciudad que le vio nacer, mientras que su cuerpo est\u00e1  enterrado en Par\u00eds. <br \/>&#13;<br \/>\n  <br \/>&#13;<br \/>\n  Chopin es una de las grandes figuras de Polonia y uno de los pianistas m\u00e1s  importantes de la historia, a pesar de que s\u00f3lo vivi\u00f3 hasta los 39 a\u00f1os,  siempre sometido a una salud fr\u00e1gil que le llev\u00f3 incluso a buscar un alivio en  el clima de Mallorca, donde residi\u00f3 en 1838 en compa\u00f1\u00eda de su amante, la  escritora francesa George Sand. <br \/>&#13;<br \/>\n  <br \/>&#13;<br \/>\n  El doctor Cichy y su equipo conf\u00edan en confirmar ahora sus conclusiones  gracias al material gen\u00e9tico tomado del cuerpo de la hermana de Federico  Chopin, Emilia, cuyo cuerpo est\u00e1 enterrado en el cementerio Powazki de  Varsovia. <br \/>&#13;<br \/>\n  <br \/>&#13;<br \/>\n  La fibrosis qu\u00edstica y sus ramificaciones gen\u00e9ticas no fueron descubiertas  hasta 1932, 83 a\u00f1os despu\u00e9s de la muerte del genial compositor. <br \/>&#13;<br \/>\n  <br \/>&#13;<br \/>\n  Este mal es causado por un gen defectuoso que le indica al cuerpo que  produzca un fluido anormalmente espeso y pegajoso, una mucosidad, que se  acumula en los pulmones y en el p\u00e1ncreas, lo que ocasiona infecciones  pulmonares muy graves y graves problemas digestivos. <br \/>&#13;<br \/>\n  <br \/>&#13;<br \/>\ncvtp<\/p>\n<p>&#13;<\/p>\n<h6> 2008-06-02 21:11:44 <\/h6>\n<p><!--\n<link rel=\"stylesheet\" href=\"css\/bootstrap.min.css\">\n\n\n<ul class=\"pagination\">\n\t    \n\t\n\n<li >\n\t<a href='?page_no=22605'>Previous<\/a>\n\t<\/li>\n\n\n       \n    \n\n<li><a href='?page_no=1'>1<\/a><\/li>\n\n\n\n<li><a href='?page_no=2'>2<\/a><\/li>\n\n\n\n<li><a>...<\/a><\/li>\n\n\n\n<li><a href='?page_no=22604'>22604<\/a><\/li>\n\n\n\n<li><a href='?page_no=22605'>22605<\/a><\/li>\n\n\n\n<li class='active'><a>22606<\/a><\/li>\n\n\n\n<li><a href='?page_no=22607'>22607<\/a><\/li>\n\n\n\n<li><a href='?page_no=22608'>22608<\/a><\/li>\n\n\n\n<li><a>...<\/a><\/li>\n\n\n\n<li><a href='?page_no=22911'>22911<\/a><\/li>\n\n\n\n<li><a href='?page_no=22912'>22912<\/a><\/li>\n\n    \n\t\n\n<li >\n\t<a href='?page_no=22607'>Next<\/a>\n\t<\/li>\n\n\n    \n\n<li><a href='?page_no=22912'>Last &rsaquo;&rsaquo;<\/a><\/li>\n\n<\/ul>\n\n\n--><br \/>\n<\/body><\/p>\n","protected":false},"excerpt":{"rendered":"<p>Se\u00f1ala estudio que Chopin muri\u00f3 de fibrosis qu\u00edstica&#13; &#13; Sufri\u00f3 el compositor polaco de una enfermedad gen\u00e9tica que afectaba sus pulmones &#13; EFE&#13; &#13; El Universal&#13; &#13; Varsovia&#13; &#13; El compositor polaco Federico Chopin no muri\u00f3 en 1849 aquejado de una grave tuberculosis, como se cre\u00eda hasta ahora, sino debido a un fibrosis qu\u00edstica, seg\u00fan [&hellip;]<\/p>\n","protected":false},"author":3,"featured_media":0,"comment_status":"open","ping_status":"open","sticky":false,"template":"","format":"standard","meta":{"footnotes":""},"categories":[21],"tags":[],"class_list":["post-70928","post","type-post","status-publish","format-standard","hentry","category-cultura"],"_links":{"self":[{"href":"https:\/\/diariodominicano.com\/index.php?rest_route=\/wp\/v2\/posts\/70928","targetHints":{"allow":["GET"]}}],"collection":[{"href":"https:\/\/diariodominicano.com\/index.php?rest_route=\/wp\/v2\/posts"}],"about":[{"href":"https:\/\/diariodominicano.com\/index.php?rest_route=\/wp\/v2\/types\/post"}],"author":[{"embeddable":true,"href":"https:\/\/diariodominicano.com\/index.php?rest_route=\/wp\/v2\/users\/3"}],"replies":[{"embeddable":true,"href":"https:\/\/diariodominicano.com\/index.php?rest_route=%2Fwp%2Fv2%2Fcomments&post=70928"}],"version-history":[{"count":0,"href":"https:\/\/diariodominicano.com\/index.php?rest_route=\/wp\/v2\/posts\/70928\/revisions"}],"wp:attachment":[{"href":"https:\/\/diariodominicano.com\/index.php?rest_route=%2Fwp%2Fv2%2Fmedia&parent=70928"}],"wp:term":[{"taxonomy":"category","embeddable":true,"href":"https:\/\/diariodominicano.com\/index.php?rest_route=%2Fwp%2Fv2%2Fcategories&post=70928"},{"taxonomy":"post_tag","embeddable":true,"href":"https:\/\/diariodominicano.com\/index.php?rest_route=%2Fwp%2Fv2%2Ftags&post=70928"}],"curies":[{"name":"wp","href":"https:\/\/api.w.org\/{rel}","templated":true}]}}