{"id":70927,"date":"2008-06-02T21:16:08","date_gmt":"2008-06-02T21:16:08","guid":{"rendered":"http:\/\/diariodominicano.ddns.net\/?p=70927"},"modified":"2008-06-02T21:16:08","modified_gmt":"2008-06-02T21:16:08","slug":"escritora-talisma-nasrin-recibe-asilo-en-suecia-ante-amenazas-de-muerte","status":"publish","type":"post","link":"https:\/\/diariodominicano.com\/?p=70927","title":{"rendered":"Escritora Talisma Nasrin recibe asilo en Suecia ante amenazas de muerte"},"content":{"rendered":"<p><body><\/p>\n<p align=\"justify\"><span class=\"titulogrande1\">Escritora Talisma Nasrin recibe asilo en Suecia ante  amenazas de muerte <\/span><br \/>&#13;<br \/>\n  <br \/>&#13;<br \/>\n    <span class=\"text1noticias\">La autora bengal\u00ed es cr\u00edtica con el Islam y huy\u00f3 en 1994 de  su pa\u00eds tras recibir dos \u00abfatwas\u00bb en su contra por el contenido de  sus novelas. <\/span><\/p>\n<p>&#13;<\/p>\n<p align=\"justify\" class=\"text1noticias\">La escritora bengal\u00ed Taslima Nasrin, perseguida en su pa\u00eds  de origen, recibi\u00f3 en la ciudad sueca de Upsala, al norte de Estocolmo, una  vivienda y una beca durante dos a\u00f1os para que le sirva como refugio, informa  hoy el peri\u00f3dico Upsala Nya Tidning.<br \/>&#13;<br \/>\n  <br \/>&#13;<br \/>\n  Nasrin, de 45 a\u00f1os y cr\u00edtica con el islam, tuvo que dejar en  marzo su lugar de exilio en la India, que la hab\u00eda recibido durante varios  a\u00f1os, y viajar a Suecia en medio de estrictas medidas de seguridad. El motivo  de ello fueron razones de salud, pero tambi\u00e9n amenazas de muerte de extremistas  musulmanes en Calcuta.<br \/>&#13;<br \/>\n  <br \/>&#13;<br \/>\n  La escritora denunci\u00f3 adem\u00e1s en los medios que viv\u00eda  pr\u00e1cticamente en arresto domiciliario. Nasrin huy\u00f3 en 1994 de Bangladesh  despu\u00e9s de recibir amenazas tras dos \u00abfatwas\u00bb (pronunciamientos  legales) en su contra de religiosos musulmanes por el contenido de sus novelas,  entre ellas Lajja (Verg\u00fcenza).<br \/>&#13;<br \/>\n  <br \/>&#13;<br \/>\n  Nasrin ya estuvo viviendo en Suecia entonces, y recibi\u00f3 la  nacionalidad, as\u00ed como el Premio Kurt Tucholsky por su lucha por la igualdad de  la mujer en el mundo isl\u00e1mico.<br \/>&#13;<br \/>\n  <br \/>&#13;<br \/>\n  Tras per\u00edodos en Berl\u00edn y Estados Unidos, se asent\u00f3 en 2005  en Calcuta, a la que consideraba su segundo hogar. La autora sufre problemas  del coraz\u00f3n, por lo que deber\u00e1 ser tratada en Suecia. All\u00ed tendr\u00e1 adem\u00e1s una  custodia permanente y recibir\u00e1 una beca de 5.000 coronas (833 d\u00f3lares) al mes.<br \/>&#13;<br \/>\n  <br \/>&#13;<br \/>\nFuente: La Tercera de Chile <\/p>\n<p>&#13;<\/p>\n<h6> 2008-06-02 21:16:08 <\/h6>\n<p><!--\n<link rel=\"stylesheet\" href=\"css\/bootstrap.min.css\">\n\n\n<ul class=\"pagination\">\n\t    \n\t\n\n<li >\n\t<a href='?page_no=22604'>Previous<\/a>\n\t<\/li>\n\n\n       \n    \n\n<li><a href='?page_no=1'>1<\/a><\/li>\n\n\n\n<li><a href='?page_no=2'>2<\/a><\/li>\n\n\n\n<li><a>...<\/a><\/li>\n\n\n\n<li><a href='?page_no=22603'>22603<\/a><\/li>\n\n\n\n<li><a href='?page_no=22604'>22604<\/a><\/li>\n\n\n\n<li class='active'><a>22605<\/a><\/li>\n\n\n\n<li><a href='?page_no=22606'>22606<\/a><\/li>\n\n\n\n<li><a href='?page_no=22607'>22607<\/a><\/li>\n\n\n\n<li><a>...<\/a><\/li>\n\n\n\n<li><a href='?page_no=22911'>22911<\/a><\/li>\n\n\n\n<li><a href='?page_no=22912'>22912<\/a><\/li>\n\n    \n\t\n\n<li >\n\t<a href='?page_no=22606'>Next<\/a>\n\t<\/li>\n\n\n    \n\n<li><a href='?page_no=22912'>Last &rsaquo;&rsaquo;<\/a><\/li>\n\n<\/ul>\n\n\n--><br \/>\n<\/body><\/p>\n","protected":false},"excerpt":{"rendered":"<p>Escritora Talisma Nasrin recibe asilo en Suecia ante amenazas de muerte &#13; &#13; La autora bengal\u00ed es cr\u00edtica con el Islam y huy\u00f3 en 1994 de su pa\u00eds tras recibir dos \u00abfatwas\u00bb en su contra por el contenido de sus novelas. &#13; La escritora bengal\u00ed Taslima Nasrin, perseguida en su pa\u00eds de origen, recibi\u00f3 en [&hellip;]<\/p>\n","protected":false},"author":3,"featured_media":0,"comment_status":"open","ping_status":"open","sticky":false,"template":"","format":"standard","meta":{"footnotes":""},"categories":[21],"tags":[],"class_list":["post-70927","post","type-post","status-publish","format-standard","hentry","category-cultura"],"_links":{"self":[{"href":"https:\/\/diariodominicano.com\/index.php?rest_route=\/wp\/v2\/posts\/70927","targetHints":{"allow":["GET"]}}],"collection":[{"href":"https:\/\/diariodominicano.com\/index.php?rest_route=\/wp\/v2\/posts"}],"about":[{"href":"https:\/\/diariodominicano.com\/index.php?rest_route=\/wp\/v2\/types\/post"}],"author":[{"embeddable":true,"href":"https:\/\/diariodominicano.com\/index.php?rest_route=\/wp\/v2\/users\/3"}],"replies":[{"embeddable":true,"href":"https:\/\/diariodominicano.com\/index.php?rest_route=%2Fwp%2Fv2%2Fcomments&post=70927"}],"version-history":[{"count":0,"href":"https:\/\/diariodominicano.com\/index.php?rest_route=\/wp\/v2\/posts\/70927\/revisions"}],"wp:attachment":[{"href":"https:\/\/diariodominicano.com\/index.php?rest_route=%2Fwp%2Fv2%2Fmedia&parent=70927"}],"wp:term":[{"taxonomy":"category","embeddable":true,"href":"https:\/\/diariodominicano.com\/index.php?rest_route=%2Fwp%2Fv2%2Fcategories&post=70927"},{"taxonomy":"post_tag","embeddable":true,"href":"https:\/\/diariodominicano.com\/index.php?rest_route=%2Fwp%2Fv2%2Ftags&post=70927"}],"curies":[{"name":"wp","href":"https:\/\/api.w.org\/{rel}","templated":true}]}}