{"id":70924,"date":"2008-06-05T16:44:16","date_gmt":"2008-06-05T16:44:16","guid":{"rendered":"http:\/\/diariodominicano.ddns.net\/?p=70924"},"modified":"2008-06-05T16:44:16","modified_gmt":"2008-06-05T16:44:16","slug":"el-11-s-a-las-14-46-donde-estaba-usted","status":"publish","type":"post","link":"https:\/\/diariodominicano.com\/?p=70924","title":{"rendered":"\u00abEl 11-S a las 14.46. \u00bfD\u00f3nde estaba usted?\u00bb"},"content":{"rendered":"<p><body><\/p>\n<p align=\"justify\"><strong class=\"titulogrande1\">\u00abEl 11-S a las 14.46. \u00bfD\u00f3nde estaba usted?\u00bb<\/strong><br \/>&#13;<br \/>\n  <br \/>&#13;<br \/>\n    <span class=\"text1noticias\">Francia acoge la primera muestra de Europa sobre el atentado de las Torres  Gemelas.-Se exponen objetos hallados en la zona cero por el FBI <br \/>&#13;<br \/>\n    <br \/>&#13;<br \/>\n    <strong>EFE<\/strong> &#8211; Par\u00eds &#8211; 05\/06\/2008 <\/span><\/p>\n<p>&#13;<\/p>\n<p align=\"justify\" class=\"text1noticias\">La primera muestra en Europa que  re\u00fane objetos encontrados por el FBI entre los escombros de las Torres Gemelas  de Nueva York, titulada \u00ab11 de Septiembre de 2001, un momento  global\u00bb, podr\u00e1 visitarse desde hoy hasta el pr\u00f3ximo noviembre en el Memorial  de la ciudad francesa de Caen.<br \/>&#13;<br \/>\n  <br \/>&#13;<br \/>\n    <em>El 11-S a las 14.46, \u00bfd\u00f3nde estaba  usted?<\/em>, es el eslogan del Memorial de  Caen, al noroeste de Francia, para anunciar \u00abla muestra m\u00e1s grande del  mundo\u00bb dedicada a este acontecimiento.<br \/>&#13;<br \/>\n    <br \/>&#13;<br \/>\n    Llaveros de algunos de los casi  3.000 sepultados por las 1,7 millones de toneladas de cemento y acero de los  rascacielos que se desplomaron, un extintor de uno de los 343 bomberos que all\u00ed  murieron, o los restos de un coche de la Polic\u00eda de Nueva York da\u00f1ado en el  atentado son algunos de los 255 objetos que forman esta peculiar mirada al  acontecimiento \u00abm\u00e1s narrado de la Historia\u00bb<br \/>&#13;<br \/>\n    <br \/>&#13;<br \/>\n    En el marco de esa exposici\u00f3n,  entre el 20 de junio y el 5 de octubre podr\u00e1 contemplarse la obra del artista  franc\u00e9s Christophe Miralles, titulada \u00abEl polvo de ceniza\u00bb, que rinde  homenaje a las v\u00edctimas de los atentados terroristas de Madrid y Londres. Las  v\u00edctimas que muestra Miralles no tienen rostro, ni nombre, y sus cuerpos  aparecen carbonizados junto a sus asientos.<br \/>&#13;<br \/>\n    <br \/>&#13;<br \/>\n    En la muestra, que recorrer\u00e1 otras  ciudades europeas a\u00fan sin precisar, pueden tambi\u00e9n contemplarse piezas como un  cintur\u00f3n de seguridad parcialmente calcinado que proviene de uno de los  aviones, o siete pedazos de una escultura de bronce de Rodin, propiedad de un  despacho de abogados del World Trade Center.<br \/>&#13;<br \/>\n    <br \/>&#13;<br \/>\n  Todos esos objetos, junto a la  bandera de EEUU que ondeaba en la puerta de una de las dos  torres o un trozo de fuselaje de uno de los aviones, fueron recolectados por la  Oficina Federal de Investigaci\u00f3n (FBI) y llevados, a partir de 2001, a un lugar  denominado Fresh Kills para su posterior investigaci\u00f3n.<\/p>\n<p>&#13;<\/p>\n<h6> 2008-06-05 16:44:16 <\/h6>\n<p><!--\n<link rel=\"stylesheet\" href=\"css\/bootstrap.min.css\">\n\n\n<ul class=\"pagination\">\n\t    \n\t\n\n<li >\n\t<a href='?page_no=22601'>Previous<\/a>\n\t<\/li>\n\n\n       \n    \n\n<li><a href='?page_no=1'>1<\/a><\/li>\n\n\n\n<li><a href='?page_no=2'>2<\/a><\/li>\n\n\n\n<li><a>...<\/a><\/li>\n\n\n\n<li><a href='?page_no=22600'>22600<\/a><\/li>\n\n\n\n<li><a href='?page_no=22601'>22601<\/a><\/li>\n\n\n\n<li class='active'><a>22602<\/a><\/li>\n\n\n\n<li><a href='?page_no=22603'>22603<\/a><\/li>\n\n\n\n<li><a href='?page_no=22604'>22604<\/a><\/li>\n\n\n\n<li><a>...<\/a><\/li>\n\n\n\n<li><a href='?page_no=22911'>22911<\/a><\/li>\n\n\n\n<li><a href='?page_no=22912'>22912<\/a><\/li>\n\n    \n\t\n\n<li >\n\t<a href='?page_no=22603'>Next<\/a>\n\t<\/li>\n\n\n    \n\n<li><a href='?page_no=22912'>Last &rsaquo;&rsaquo;<\/a><\/li>\n\n<\/ul>\n\n\n--><br \/>\n<\/body><\/p>\n","protected":false},"excerpt":{"rendered":"<p>\u00abEl 11-S a las 14.46. \u00bfD\u00f3nde estaba usted?\u00bb&#13; &#13; Francia acoge la primera muestra de Europa sobre el atentado de las Torres Gemelas.-Se exponen objetos hallados en la zona cero por el FBI &#13; &#13; EFE &#8211; Par\u00eds &#8211; 05\/06\/2008 &#13; La primera muestra en Europa que re\u00fane objetos encontrados por el FBI entre los [&hellip;]<\/p>\n","protected":false},"author":3,"featured_media":0,"comment_status":"open","ping_status":"open","sticky":false,"template":"","format":"standard","meta":{"footnotes":""},"categories":[21],"tags":[],"class_list":["post-70924","post","type-post","status-publish","format-standard","hentry","category-cultura"],"_links":{"self":[{"href":"https:\/\/diariodominicano.com\/index.php?rest_route=\/wp\/v2\/posts\/70924","targetHints":{"allow":["GET"]}}],"collection":[{"href":"https:\/\/diariodominicano.com\/index.php?rest_route=\/wp\/v2\/posts"}],"about":[{"href":"https:\/\/diariodominicano.com\/index.php?rest_route=\/wp\/v2\/types\/post"}],"author":[{"embeddable":true,"href":"https:\/\/diariodominicano.com\/index.php?rest_route=\/wp\/v2\/users\/3"}],"replies":[{"embeddable":true,"href":"https:\/\/diariodominicano.com\/index.php?rest_route=%2Fwp%2Fv2%2Fcomments&post=70924"}],"version-history":[{"count":0,"href":"https:\/\/diariodominicano.com\/index.php?rest_route=\/wp\/v2\/posts\/70924\/revisions"}],"wp:attachment":[{"href":"https:\/\/diariodominicano.com\/index.php?rest_route=%2Fwp%2Fv2%2Fmedia&parent=70924"}],"wp:term":[{"taxonomy":"category","embeddable":true,"href":"https:\/\/diariodominicano.com\/index.php?rest_route=%2Fwp%2Fv2%2Fcategories&post=70924"},{"taxonomy":"post_tag","embeddable":true,"href":"https:\/\/diariodominicano.com\/index.php?rest_route=%2Fwp%2Fv2%2Ftags&post=70924"}],"curies":[{"name":"wp","href":"https:\/\/api.w.org\/{rel}","templated":true}]}}