{"id":70923,"date":"2008-06-05T16:46:39","date_gmt":"2008-06-05T16:46:39","guid":{"rendered":"http:\/\/diariodominicano.ddns.net\/?p=70923"},"modified":"2008-06-05T16:46:39","modified_gmt":"2008-06-05T16:46:39","slug":"dan-principe-de-asturias-a-cinco-nanotecnologos","status":"publish","type":"post","link":"https:\/\/diariodominicano.com\/?p=70923","title":{"rendered":"Dan Pr\u00edncipe de Asturias a cinco nanotecn\u00f3logos"},"content":{"rendered":"<p><body><\/p>\n<p align=\"justify\"><strong class=\"titulogrande1\">Dan Pr\u00edncipe de Asturias a cinco  nanotecn\u00f3logos<\/strong><br \/>&#13;<br \/>\n    <br \/>&#13;<br \/>\n    <span class=\"text1noticias\">Dos cient\u00edficos japoneses y tres estadounidenses,  \u201creferentes mundiales de la nanotecnolog\u00eda\u201d, obtuvieron el Premio Pr\u00edncipe de  Asturias de Investigaci\u00f3n Cient\u00edfica y T\u00e9cnica <\/span><\/p>\n<p>&#13;<\/p>\n<p align=\"justify\" class=\"text1noticias\">El Universal<br \/>&#13;<br \/>\n    <br \/>&#13;<br \/>\n  Jueves 05 de junio de 2008<br \/>&#13;<br \/>\n  <br \/>&#13;<br \/>\n  <strong>MADRID (AP).-<\/strong> Dos cient\u00edficos japoneses y tres  estadounidenses, \u201creferentes mundiales de la nanotecnolog\u00eda\u201d, obtuvieron el  Premio Pr\u00edncipe de Asturias de Investigaci\u00f3n Cient\u00edfica y T\u00e9cnica. Los  investigadores, que trabajan por separado, se especializan en buscar v\u00edas para  curar enfermedades y proteger el ambiente. Los premiados son el f\u00edsico Sumio  Iijima, los ingenieros Shuji Nakamura y Robert Langer y los qu\u00edmicos George M.  Whiteside y Tobin Marks. <br \/>&#13;<br \/>\n  <br \/>&#13;<br \/>\n  El premio, explic\u00f3 el jurado, reconoce la labor de cinco \u201cl\u00edderes en el  mundo de la creaci\u00f3n de nuevos materiales al servicio de la humanidad\u201d. La  nanotecnolog\u00eda se dedica al control y manipulaci\u00f3n del nivel inferior de la  materia, es decir \u00e1tomos y mol\u00e9culas. \u201cHan creado revolucionarios materiales y  t\u00e9cnicas trascendentales para la lucha contra enfermedades, como las  relacionadas con el cerebro y el c\u00e1ncer, y la producci\u00f3n de tejidos y \u00f3rganos  artificiales\u201d, explic\u00f3 el jurado. <br \/>&#13;<br \/>\n  <br \/>&#13;<br \/>\n\u201cSus trabajos destacan tambi\u00e9n por su contribuci\u00f3n a la protecci\u00f3n del  ambiente y al ahorro energ\u00e9tico, mediante la utilizaci\u00f3n de nuevas fuentes de  energ\u00eda limpias y de producci\u00f3n a bajo costo\u201d, a\u00f1adi\u00f3. <br \/>&#13;<br \/>\n<br \/>&#13;<br \/>\nSumio Iijima descubri\u00f3 en 1991 los nanotubos de carbono. Su compatriota  Shuji Nakamura invent\u00f3 los LED, diodos emisores de luz verdes, azules y  blancos, una revolucionaria fuente lum\u00ednica eficiente, de larga vida y consumo  energ\u00e9tico reducido. Langer est\u00e1 considerado el padre de la liberaci\u00f3n  inteligente del f\u00e1rmaco, sistema que permite el transporte seguro y la  administraci\u00f3n de las dosis justas de medicamentos. <br \/>&#13;<br \/>\n<br \/>&#13;<br \/>\nWhitesides ha desarrollado novedosas y eficientes t\u00e9cnicas de fabricaci\u00f3n  de materiales en nanoescala. Tobin Marks es un referente en la cat\u00e1lisis  qu\u00edmica, que le ha llevado a crear numerosos tipos de pl\u00e1sticos reciclables e  inocuos al medio ambiente. <\/p>\n<p>&#13;<\/p>\n<h6> 2008-06-05 16:46:39 <\/h6>\n<p><!--\n<link rel=\"stylesheet\" href=\"css\/bootstrap.min.css\">\n\n\n<ul class=\"pagination\">\n\t    \n\t\n\n<li >\n\t<a href='?page_no=22600'>Previous<\/a>\n\t<\/li>\n\n\n       \n    \n\n<li><a href='?page_no=1'>1<\/a><\/li>\n\n\n\n<li><a href='?page_no=2'>2<\/a><\/li>\n\n\n\n<li><a>...<\/a><\/li>\n\n\n\n<li><a href='?page_no=22599'>22599<\/a><\/li>\n\n\n\n<li><a href='?page_no=22600'>22600<\/a><\/li>\n\n\n\n<li class='active'><a>22601<\/a><\/li>\n\n\n\n<li><a href='?page_no=22602'>22602<\/a><\/li>\n\n\n\n<li><a href='?page_no=22603'>22603<\/a><\/li>\n\n\n\n<li><a>...<\/a><\/li>\n\n\n\n<li><a href='?page_no=22911'>22911<\/a><\/li>\n\n\n\n<li><a href='?page_no=22912'>22912<\/a><\/li>\n\n    \n\t\n\n<li >\n\t<a href='?page_no=22602'>Next<\/a>\n\t<\/li>\n\n\n    \n\n<li><a href='?page_no=22912'>Last &rsaquo;&rsaquo;<\/a><\/li>\n\n<\/ul>\n\n\n--><br \/>\n<\/body><\/p>\n","protected":false},"excerpt":{"rendered":"<p>Dan Pr\u00edncipe de Asturias a cinco nanotecn\u00f3logos&#13; &#13; Dos cient\u00edficos japoneses y tres estadounidenses, \u201creferentes mundiales de la nanotecnolog\u00eda\u201d, obtuvieron el Premio Pr\u00edncipe de Asturias de Investigaci\u00f3n Cient\u00edfica y T\u00e9cnica &#13; El Universal&#13; &#13; Jueves 05 de junio de 2008&#13; &#13; MADRID (AP).- Dos cient\u00edficos japoneses y tres estadounidenses, \u201creferentes mundiales de la nanotecnolog\u00eda\u201d, obtuvieron [&hellip;]<\/p>\n","protected":false},"author":3,"featured_media":0,"comment_status":"open","ping_status":"open","sticky":false,"template":"","format":"standard","meta":{"footnotes":""},"categories":[21],"tags":[],"class_list":["post-70923","post","type-post","status-publish","format-standard","hentry","category-cultura"],"_links":{"self":[{"href":"https:\/\/diariodominicano.com\/index.php?rest_route=\/wp\/v2\/posts\/70923","targetHints":{"allow":["GET"]}}],"collection":[{"href":"https:\/\/diariodominicano.com\/index.php?rest_route=\/wp\/v2\/posts"}],"about":[{"href":"https:\/\/diariodominicano.com\/index.php?rest_route=\/wp\/v2\/types\/post"}],"author":[{"embeddable":true,"href":"https:\/\/diariodominicano.com\/index.php?rest_route=\/wp\/v2\/users\/3"}],"replies":[{"embeddable":true,"href":"https:\/\/diariodominicano.com\/index.php?rest_route=%2Fwp%2Fv2%2Fcomments&post=70923"}],"version-history":[{"count":0,"href":"https:\/\/diariodominicano.com\/index.php?rest_route=\/wp\/v2\/posts\/70923\/revisions"}],"wp:attachment":[{"href":"https:\/\/diariodominicano.com\/index.php?rest_route=%2Fwp%2Fv2%2Fmedia&parent=70923"}],"wp:term":[{"taxonomy":"category","embeddable":true,"href":"https:\/\/diariodominicano.com\/index.php?rest_route=%2Fwp%2Fv2%2Fcategories&post=70923"},{"taxonomy":"post_tag","embeddable":true,"href":"https:\/\/diariodominicano.com\/index.php?rest_route=%2Fwp%2Fv2%2Ftags&post=70923"}],"curies":[{"name":"wp","href":"https:\/\/api.w.org\/{rel}","templated":true}]}}