{"id":70922,"date":"2008-06-05T16:49:37","date_gmt":"2008-06-05T16:49:37","guid":{"rendered":"http:\/\/diariodominicano.ddns.net\/?p=70922"},"modified":"2008-06-05T16:49:37","modified_gmt":"2008-06-05T16:49:37","slug":"maraton-de-musica-clasica-se-toma-rio-de-janeiro","status":"publish","type":"post","link":"https:\/\/diariodominicano.com\/?p=70922","title":{"rendered":"Marat\u00f3n de m\u00fasica cl\u00e1sica se toma R\u00edo de Janeiro"},"content":{"rendered":"<p><body><\/p>\n<p align=\"justify\"><span class=\"titulogrande1\">Marat\u00f3n de m\u00fasica cl\u00e1sica se toma R\u00edo de Janeiro <\/span><br \/>&#13;<br \/>\n  <br \/>&#13;<br \/>\n    <span class=\"text1noticias\">Desde y hasta el domingo ser\u00e1n presentadas en la capital  brasile\u00f1a temas compuestos por el alem\u00e1n Ludwig van Beethoven. <br \/>&#13;<br \/>\n    <br \/>&#13;<br \/>\n  EFE <br \/>&#13;<br \/>\n  <br \/>&#13;<br \/>\n  Hacer la m\u00fasica cl\u00e1sica accesible a todos es el objetivo de  la R\u00edo Folle Journ\u00e9e, un marat\u00f3n de conciertos de m\u00fasica cl\u00e1sica que desde hoy  y hasta el domingo inundar\u00e1 la ciudad con la interpretaci\u00f3n de las notas  escritas por el compositor alem\u00e1n Ludwig van Beethoven (1770-1827).<br \/>&#13;<br \/>\n  <br \/>&#13;<br \/>\n  Inspirado en un evento surgido en 1995 en la ciudad francesa  de Nantes, la R\u00edo Foll\u00e9 Journ\u00e9e intenta que la m\u00fasica cl\u00e1sica sea un  espect\u00e1culo para todos los p\u00fablicos \u00absin diferencia de clase o  formaci\u00f3n\u00bb, asegur\u00f3 su fundador Ren\u00e9 Martin.<br \/>&#13;<br \/>\n  <br \/>&#13;<br \/>\n  A precios populares de entre 1,0 y 5,0 reales (unos 0,6 y  3,0 d\u00f3lares), la ciudad de R\u00edo de Janeiro disfrutar\u00e1 durante estos cinco d\u00edas  de 48 conciertos de corta duraci\u00f3n en ocho salas diferentes.<br \/>&#13;<br \/>\n  <br \/>&#13;<br \/>\n  En este festival, que se celebra por segundo a\u00f1o consecutivo  en la capital carioca, ser\u00e1n presentadas las series completas con cuartetos de  cuerdas y dos tr\u00edos con piano, as\u00ed como los ciclos integrales de las 32 sonatas  para piano, las diez sonatas para viol\u00edn y las cinco para violoncelo.<br \/>&#13;<br \/>\n  <br \/>&#13;<br \/>\n  La iniciativa, que naci\u00f3 en Francia, surgi\u00f3 luego de que su  ide\u00f3logo asistiese a un concierto de la banda irlandesa de rock U2 y que  moviliz\u00f3 a una gran cantidad de p\u00fablico.<br \/>&#13;<br \/>\n  <br \/>&#13;<br \/>\n  Martin se pregunt\u00f3 entonces si no se podr\u00eda hacer lo mismo  con la m\u00fasica cl\u00e1sica.<br \/>&#13;<br \/>\n  <br \/>&#13;<br \/>\n  De este modo se cre\u00f3 la Folle Journ\u00e9e un \u00abevento  accesible con un formato que concentra, en pocos d\u00edas, muchos conciertos de  alta calidad, corta duraci\u00f3n y precios populares\u00bb, afirmaron los  organizadores.<br \/>&#13;<br \/>\n  <br \/>&#13;<br \/>\n  La Folle Journ\u00e9e se celebra, adem\u00e1s de Nantes y R\u00edo de  Janeiro, en la ciudad espa\u00f1ola de Bilbao y en Tokio, la capital japonesa, urbes  en las que el a\u00f1o pasado, con tan s\u00f3lo tres ediciones, el festival bati\u00f3 el  r\u00e9cord de p\u00fablico alcanzando el mill\u00f3n de espectadores.<br \/>&#13;<br \/>\n  <br \/>&#13;<br \/>\n  Adem\u00e1s de los conciertos, la muestra de m\u00fasica cl\u00e1sica desarrolla  un trabajo did\u00e1ctico mediante el que 4.900 alumnos de ense\u00f1anza media podr\u00e1n  asistir a alguno de los recitales y recibir\u00e1n material sobre el compositor y su  \u00e9poca.<br \/>&#13;<br \/>\n  <br \/>&#13;<br \/>\n  El concierto de apertura se celebrar\u00e1 esta noche en el  Teatro Municipal con el pianista Eduardo Monteiro, acompa\u00f1ado por la Orquesta  Sinf\u00f3nica Nacional, dirigida por Ligio Amado.<br \/>&#13;<br \/>\n  <br \/>&#13;<br \/>\nSe interpretar\u00e1 un concierto para piano y orquesta de la 5\u00aa  sinfon\u00eda compuesta por el m\u00fasico alem\u00e1n.<\/span><\/p>\n<p>&#13;<\/p>\n<h6> 2008-06-05 16:49:37 <\/h6>\n<p><!--\n<link rel=\"stylesheet\" href=\"css\/bootstrap.min.css\">\n\n\n<ul class=\"pagination\">\n\t    \n\t\n\n<li >\n\t<a href='?page_no=22599'>Previous<\/a>\n\t<\/li>\n\n\n       \n    \n\n<li><a href='?page_no=1'>1<\/a><\/li>\n\n\n\n<li><a href='?page_no=2'>2<\/a><\/li>\n\n\n\n<li><a>...<\/a><\/li>\n\n\n\n<li><a href='?page_no=22598'>22598<\/a><\/li>\n\n\n\n<li><a href='?page_no=22599'>22599<\/a><\/li>\n\n\n\n<li class='active'><a>22600<\/a><\/li>\n\n\n\n<li><a href='?page_no=22601'>22601<\/a><\/li>\n\n\n\n<li><a href='?page_no=22602'>22602<\/a><\/li>\n\n\n\n<li><a>...<\/a><\/li>\n\n\n\n<li><a href='?page_no=22911'>22911<\/a><\/li>\n\n\n\n<li><a href='?page_no=22912'>22912<\/a><\/li>\n\n    \n\t\n\n<li >\n\t<a href='?page_no=22601'>Next<\/a>\n\t<\/li>\n\n\n    \n\n<li><a href='?page_no=22912'>Last &rsaquo;&rsaquo;<\/a><\/li>\n\n<\/ul>\n\n\n--><br \/>\n<\/body><\/p>\n","protected":false},"excerpt":{"rendered":"<p>Marat\u00f3n de m\u00fasica cl\u00e1sica se toma R\u00edo de Janeiro &#13; &#13; Desde y hasta el domingo ser\u00e1n presentadas en la capital brasile\u00f1a temas compuestos por el alem\u00e1n Ludwig van Beethoven. &#13; &#13; EFE &#13; &#13; Hacer la m\u00fasica cl\u00e1sica accesible a todos es el objetivo de la R\u00edo Folle Journ\u00e9e, un marat\u00f3n de conciertos de [&hellip;]<\/p>\n","protected":false},"author":3,"featured_media":0,"comment_status":"open","ping_status":"open","sticky":false,"template":"","format":"standard","meta":{"footnotes":""},"categories":[21],"tags":[],"class_list":["post-70922","post","type-post","status-publish","format-standard","hentry","category-cultura"],"_links":{"self":[{"href":"https:\/\/diariodominicano.com\/index.php?rest_route=\/wp\/v2\/posts\/70922","targetHints":{"allow":["GET"]}}],"collection":[{"href":"https:\/\/diariodominicano.com\/index.php?rest_route=\/wp\/v2\/posts"}],"about":[{"href":"https:\/\/diariodominicano.com\/index.php?rest_route=\/wp\/v2\/types\/post"}],"author":[{"embeddable":true,"href":"https:\/\/diariodominicano.com\/index.php?rest_route=\/wp\/v2\/users\/3"}],"replies":[{"embeddable":true,"href":"https:\/\/diariodominicano.com\/index.php?rest_route=%2Fwp%2Fv2%2Fcomments&post=70922"}],"version-history":[{"count":0,"href":"https:\/\/diariodominicano.com\/index.php?rest_route=\/wp\/v2\/posts\/70922\/revisions"}],"wp:attachment":[{"href":"https:\/\/diariodominicano.com\/index.php?rest_route=%2Fwp%2Fv2%2Fmedia&parent=70922"}],"wp:term":[{"taxonomy":"category","embeddable":true,"href":"https:\/\/diariodominicano.com\/index.php?rest_route=%2Fwp%2Fv2%2Fcategories&post=70922"},{"taxonomy":"post_tag","embeddable":true,"href":"https:\/\/diariodominicano.com\/index.php?rest_route=%2Fwp%2Fv2%2Ftags&post=70922"}],"curies":[{"name":"wp","href":"https:\/\/api.w.org\/{rel}","templated":true}]}}