{"id":70921,"date":"2008-06-05T16:51:42","date_gmt":"2008-06-05T16:51:42","guid":{"rendered":"http:\/\/diariodominicano.ddns.net\/?p=70921"},"modified":"2008-06-05T16:51:42","modified_gmt":"2008-06-05T16:51:42","slug":"poetas-de-55-paises-se-reunen-en-el-festival-de-medellin","status":"publish","type":"post","link":"https:\/\/diariodominicano.com\/?p=70921","title":{"rendered":"Poetas de 55 pa\u00edses se re\u00fanen en el Festival de Medell\u00edn"},"content":{"rendered":"<p><body><\/p>\n<p align=\"justify\"><strong class=\"titulogrande1\">Poetas de 55 pa\u00edses se re\u00fanen en el Festival de Medell\u00edn<\/strong><br \/>&#13;<br \/>\n  <br \/>&#13;<br \/>\n    <span class=\"text1noticias\"><strong>EFE<\/strong> &#8211; Bogot\u00e1 &#8211; 05\/06\/2008 <\/span><\/p>\n<p>&#13;<\/p>\n<p align=\"justify\" class=\"text1noticias\">M\u00e1s de 75 poetas de 55 pa\u00edses de  los cinco continentes coincidir\u00e1n entre hoy y el 12 de julio en la 18\u00aa edici\u00f3n  del Festival Internacional de Poes\u00eda de Medell\u00edn, informaron ayer los  organizadores. Este a\u00f1o el festival se consagrar\u00e1 a \u201cla lucha por la paz de  Colombia, afectada por m\u00e1s de cuatro d\u00e9cadas de guerra civil, que han  perturbado gravemente la vida material y cultural del pueblo colombiano\u201d,  afirmaron las fuentes.<br \/>&#13;<br \/>\n  <br \/>&#13;<br \/>\n  En el encuentro po\u00e9tico  internacional participar\u00e1n, entre otros, el franc\u00e9s Bernard N\u00f6el, Premio Nobel  Alternativo en 2006; el espa\u00f1ol Marcos Ana; el alem\u00e1n Gerhard Falkner; la  afgana Mahbobah Ebrahimi; la vietnamita Nguyan Bao Chan; el cantante tailand\u00e9s  Surachai Juntimatorn y el palestino Ghassan Zaqtan. Asimismo, se dar\u00e1n cita los  africanos Jared Angira (Kenia); Obi Nkuwanma (Nigeria); Zolani Mkiva  (Sur\u00e1frica) y Frabk Chipasula (Malawi).<br \/>&#13;<br \/>\n  <br \/>&#13;<br \/>\n  Asistir\u00e1n tambi\u00e9n las poetas  ind\u00edgenas Margo T\u00e1mez (apache, EE UU), Roberta Hill (oneida, EE UU) y Morela  Maneiro (wayuu, Venezuela).<br \/>&#13;<br \/>\n  <br \/>&#13;<br \/>\n  Los latinoamericanos Jaime Quezada  (Chile), Juano Villafa\u00f1e (Argentina) y Luz Mary Giraldo (Colombia), as\u00ed como  los ganadores en concursos po\u00e9ticos auspiciados por el festival Alex Fleites  (Cuba) y Omar Garc\u00eda Ram\u00edrez (Colombia), tambi\u00e9n estar\u00e1n presentes.<br \/>&#13;<br \/>\n  <br \/>&#13;<br \/>\n  La Alcald\u00eda de Medell\u00edn, las  fundaciones holandesas Hivos, DOEN y Prince Claus, el Ministerio de Cultura de  Colombia, las Embajadas de Alemania y Suiza, y la Caja Cooperativa Confiar, son  los principales patrocinadores de la cita, considerada la m\u00e1s masiva del mundo  en su g\u00e9nero.<br \/>&#13;<br \/>\n  <br \/>&#13;<br \/>\n  En 2006, el Festival Internacional  de Poes\u00eda de Medell\u00edn mereci\u00f3 el Premio Nobel Alternativo por su contribuci\u00f3n a  la construcci\u00f3n de la paz en una de las ciudades \u00abm\u00e1s violentas del  mundo\u00bb, al mostrar c\u00f3mo \u00abla creatividad, la belleza, la expresi\u00f3n  libre y el esp\u00edritu comunitario pueden florecer y superar incluso al miedo y la  violencia m\u00e1s arraigadas\u00bb.<br \/>&#13;<br \/>\n  <br \/>&#13;<br \/>\n  Los Premios Nobel Alternativos se  entregan desde 1980 en Suecia para para distinguir m\u00e9ritos en la lucha contra  la injusticia social, la destrucci\u00f3n del medio ambiente y las amenazas contra  la paz.<\/p>\n<p>&#13;<\/p>\n<h6> 2008-06-05 16:51:42 <\/h6>\n<p><!--\n<link rel=\"stylesheet\" href=\"css\/bootstrap.min.css\">\n\n\n<ul class=\"pagination\">\n\t    \n\t\n\n<li >\n\t<a href='?page_no=22598'>Previous<\/a>\n\t<\/li>\n\n\n       \n    \n\n<li><a href='?page_no=1'>1<\/a><\/li>\n\n\n\n<li><a href='?page_no=2'>2<\/a><\/li>\n\n\n\n<li><a>...<\/a><\/li>\n\n\n\n<li><a href='?page_no=22597'>22597<\/a><\/li>\n\n\n\n<li><a href='?page_no=22598'>22598<\/a><\/li>\n\n\n\n<li class='active'><a>22599<\/a><\/li>\n\n\n\n<li><a href='?page_no=22600'>22600<\/a><\/li>\n\n\n\n<li><a href='?page_no=22601'>22601<\/a><\/li>\n\n\n\n<li><a>...<\/a><\/li>\n\n\n\n<li><a href='?page_no=22911'>22911<\/a><\/li>\n\n\n\n<li><a href='?page_no=22912'>22912<\/a><\/li>\n\n    \n\t\n\n<li >\n\t<a href='?page_no=22600'>Next<\/a>\n\t<\/li>\n\n\n    \n\n<li><a href='?page_no=22912'>Last &rsaquo;&rsaquo;<\/a><\/li>\n\n<\/ul>\n\n\n--><br \/>\n<\/body><\/p>\n","protected":false},"excerpt":{"rendered":"<p>Poetas de 55 pa\u00edses se re\u00fanen en el Festival de Medell\u00edn&#13; &#13; EFE &#8211; Bogot\u00e1 &#8211; 05\/06\/2008 &#13; M\u00e1s de 75 poetas de 55 pa\u00edses de los cinco continentes coincidir\u00e1n entre hoy y el 12 de julio en la 18\u00aa edici\u00f3n del Festival Internacional de Poes\u00eda de Medell\u00edn, informaron ayer los organizadores. Este a\u00f1o el [&hellip;]<\/p>\n","protected":false},"author":3,"featured_media":0,"comment_status":"open","ping_status":"open","sticky":false,"template":"","format":"standard","meta":{"footnotes":""},"categories":[21],"tags":[],"class_list":["post-70921","post","type-post","status-publish","format-standard","hentry","category-cultura"],"_links":{"self":[{"href":"https:\/\/diariodominicano.com\/index.php?rest_route=\/wp\/v2\/posts\/70921","targetHints":{"allow":["GET"]}}],"collection":[{"href":"https:\/\/diariodominicano.com\/index.php?rest_route=\/wp\/v2\/posts"}],"about":[{"href":"https:\/\/diariodominicano.com\/index.php?rest_route=\/wp\/v2\/types\/post"}],"author":[{"embeddable":true,"href":"https:\/\/diariodominicano.com\/index.php?rest_route=\/wp\/v2\/users\/3"}],"replies":[{"embeddable":true,"href":"https:\/\/diariodominicano.com\/index.php?rest_route=%2Fwp%2Fv2%2Fcomments&post=70921"}],"version-history":[{"count":0,"href":"https:\/\/diariodominicano.com\/index.php?rest_route=\/wp\/v2\/posts\/70921\/revisions"}],"wp:attachment":[{"href":"https:\/\/diariodominicano.com\/index.php?rest_route=%2Fwp%2Fv2%2Fmedia&parent=70921"}],"wp:term":[{"taxonomy":"category","embeddable":true,"href":"https:\/\/diariodominicano.com\/index.php?rest_route=%2Fwp%2Fv2%2Fcategories&post=70921"},{"taxonomy":"post_tag","embeddable":true,"href":"https:\/\/diariodominicano.com\/index.php?rest_route=%2Fwp%2Fv2%2Ftags&post=70921"}],"curies":[{"name":"wp","href":"https:\/\/api.w.org\/{rel}","templated":true}]}}