{"id":70920,"date":"2008-06-05T16:53:49","date_gmt":"2008-06-05T16:53:49","guid":{"rendered":"http:\/\/diariodominicano.ddns.net\/?p=70920"},"modified":"2008-06-05T16:53:49","modified_gmt":"2008-06-05T16:53:49","slug":"denisse-malebran-presenta-coleccion-infantil-en-feria-del-libro-de-providencia","status":"publish","type":"post","link":"https:\/\/diariodominicano.com\/?p=70920","title":{"rendered":"Denisse Malebr\u00e1n presenta colecci\u00f3n infantil en Feria del Libro de Providencia"},"content":{"rendered":"<p><body><\/p>\n<p align=\"justify\"><span class=\"titulogrande1\">Denisse Malebr\u00e1n presenta colecci\u00f3n infantil en Feria del  Libro de Providencia <\/span><br \/>&#13;<br \/>\n  <br \/>&#13;<br \/>\n    <span class=\"text1noticias\">Hoy a las 12 horas se lanza Torre de Papel,\u00a0selecci\u00f3n  de cuentos dirigida para ni\u00f1os de hasta 11 a\u00f1os. <\/span><\/p>\n<p>&#13;<\/p>\n<p align=\"justify\" class=\"text1noticias\">Hace una semana fue Claudio Narea, el guitarrista del  desparecido conjunto de\u00a0rock Los Prisioneros, quien present\u00f3 una colecci\u00f3n  de libros para j\u00f3venes. Ahora es la cantante Denisse Malebr\u00e1n, ex vocalista de  la banda Saiko, quien visita\u00a0la 22\u00b0 Feria Internacional Infantil y Juvenil  de Providencia para presentar la colecci\u00f3n Torre de Papel.<br \/>&#13;<br \/>\n    <br \/>&#13;<br \/>\n    La selecci\u00f3n, del grupo Editorial Norma, se encuentra integrada por cuentos  dirigidos a primeros lectores de hasta 11 a\u00f1os y ser\u00e1 lanzada hoy al mediod\u00eda  en la Sala Asombro de la feria ubicada en el Parque Bustamante. <br \/>&#13;<br \/>\n    <br \/>&#13;<br \/>\nFuente: La Tercera de Chile <\/p>\n<p>&#13;<\/p>\n<h6> 2008-06-05 16:53:49 <\/h6>\n<p><!--\n<link rel=\"stylesheet\" href=\"css\/bootstrap.min.css\">\n\n\n<ul class=\"pagination\">\n\t    \n\t\n\n<li >\n\t<a href='?page_no=22597'>Previous<\/a>\n\t<\/li>\n\n\n       \n    \n\n<li><a href='?page_no=1'>1<\/a><\/li>\n\n\n\n<li><a href='?page_no=2'>2<\/a><\/li>\n\n\n\n<li><a>...<\/a><\/li>\n\n\n\n<li><a href='?page_no=22596'>22596<\/a><\/li>\n\n\n\n<li><a href='?page_no=22597'>22597<\/a><\/li>\n\n\n\n<li class='active'><a>22598<\/a><\/li>\n\n\n\n<li><a href='?page_no=22599'>22599<\/a><\/li>\n\n\n\n<li><a href='?page_no=22600'>22600<\/a><\/li>\n\n\n\n<li><a>...<\/a><\/li>\n\n\n\n<li><a href='?page_no=22911'>22911<\/a><\/li>\n\n\n\n<li><a href='?page_no=22912'>22912<\/a><\/li>\n\n    \n\t\n\n<li >\n\t<a href='?page_no=22599'>Next<\/a>\n\t<\/li>\n\n\n    \n\n<li><a href='?page_no=22912'>Last &rsaquo;&rsaquo;<\/a><\/li>\n\n<\/ul>\n\n\n--><br \/>\n<\/body><\/p>\n","protected":false},"excerpt":{"rendered":"<p>Denisse Malebr\u00e1n presenta colecci\u00f3n infantil en Feria del Libro de Providencia &#13; &#13; Hoy a las 12 horas se lanza Torre de Papel,\u00a0selecci\u00f3n de cuentos dirigida para ni\u00f1os de hasta 11 a\u00f1os. &#13; Hace una semana fue Claudio Narea, el guitarrista del desparecido conjunto de\u00a0rock Los Prisioneros, quien present\u00f3 una colecci\u00f3n de libros para j\u00f3venes. [&hellip;]<\/p>\n","protected":false},"author":3,"featured_media":0,"comment_status":"open","ping_status":"open","sticky":false,"template":"","format":"standard","meta":{"footnotes":""},"categories":[21],"tags":[],"class_list":["post-70920","post","type-post","status-publish","format-standard","hentry","category-cultura"],"_links":{"self":[{"href":"https:\/\/diariodominicano.com\/index.php?rest_route=\/wp\/v2\/posts\/70920","targetHints":{"allow":["GET"]}}],"collection":[{"href":"https:\/\/diariodominicano.com\/index.php?rest_route=\/wp\/v2\/posts"}],"about":[{"href":"https:\/\/diariodominicano.com\/index.php?rest_route=\/wp\/v2\/types\/post"}],"author":[{"embeddable":true,"href":"https:\/\/diariodominicano.com\/index.php?rest_route=\/wp\/v2\/users\/3"}],"replies":[{"embeddable":true,"href":"https:\/\/diariodominicano.com\/index.php?rest_route=%2Fwp%2Fv2%2Fcomments&post=70920"}],"version-history":[{"count":0,"href":"https:\/\/diariodominicano.com\/index.php?rest_route=\/wp\/v2\/posts\/70920\/revisions"}],"wp:attachment":[{"href":"https:\/\/diariodominicano.com\/index.php?rest_route=%2Fwp%2Fv2%2Fmedia&parent=70920"}],"wp:term":[{"taxonomy":"category","embeddable":true,"href":"https:\/\/diariodominicano.com\/index.php?rest_route=%2Fwp%2Fv2%2Fcategories&post=70920"},{"taxonomy":"post_tag","embeddable":true,"href":"https:\/\/diariodominicano.com\/index.php?rest_route=%2Fwp%2Fv2%2Ftags&post=70920"}],"curies":[{"name":"wp","href":"https:\/\/api.w.org\/{rel}","templated":true}]}}