{"id":70919,"date":"2008-06-05T23:50:27","date_gmt":"2008-06-05T23:50:27","guid":{"rendered":"http:\/\/diariodominicano.ddns.net\/?p=70919"},"modified":"2008-06-05T23:50:27","modified_gmt":"2008-06-05T23:50:27","slug":"cultura-inaugura-colectiva-de-40-pintores-de-moca-provincia-espaillat-espacio-vision-y-tiempo-en-sala-de-arte-ramon-oviedo","status":"publish","type":"post","link":"https:\/\/diariodominicano.com\/?p=70919","title":{"rendered":"Cultura inaugura colectiva de 40 pintores de Moca \u201cProvincia Espaillat: Espacio, Visi\u00f3n y Tiempo\u201d en Sala de Arte Ram\u00f3n Oviedo"},"content":{"rendered":"<p><body><\/p>\n<p align=\"justify\" class=\"titulogrande1\"><strong>Cultura  inaugura colectiva<\/strong> <strong>de 40  pintores de Moca<\/strong> <strong>\u201cProvincia  Espaillat: Espacio, Visi\u00f3n y Tiempo\u201d en Sala de Arte Ram\u00f3n Oviedo<\/strong><\/p>\n<p>&#13;<\/p>\n<p align=\"justify\" class=\"text1noticias\"><strong><img loading=\"lazy\" decoding=\"async\" src=\"http:\/\/localhost:8080\/img\/exposicio.jpg\" width=\"375\" height=\"2088\" hspace=\"4\" align=\"left\" \/>Moca.- <\/strong>La primera Colectiva de  Artistas Pl\u00e1sticos Mocanos fue inaugurada, con los auspicios de la Secretar\u00eda de Estado de  Cultura.<\/p>\n<p>&#13;<\/p>\n<p align=\"justify\" class=\"text1noticias\">La muestra pict\u00f3rica, titulada  \u201cProvincia Espaillat: espacio, visi\u00f3n y tiempo\u201d fue presentada al p\u00fablico en la Sala de Arte Ram\u00f3n Oviedo, de  la referida instituci\u00f3n.<\/p>\n<p>&#13;<\/p>\n<p align=\"justify\" class=\"text1noticias\">Un total de 40 pintores nativos  de la ciudad de Moca forman parte en esta colectiva, que en cada muestra  exhiben gran colorido tropical, presentados en figuras\u00a0 de bodegones, paisajes propio del lenguaje  art\u00edstico cotidiano y en algunos casos surrealistas y abstractas. \u00a0La exposici\u00f3n permanecer\u00e1 abierta hasta el 23  de junio en la referida sala de arte.<\/p>\n<p>&#13;<\/p>\n<p align=\"justify\" class=\"text1noticias\"> La apertura formal a la  muestra pict\u00f3rica fue realizada por Jos\u00e9 Rafael Lantigua, secretario de Estado  de Cultura que pronunci\u00f3 palabras de elogios y gratitud para los maestros y n\u00f3veles  artistas participantes en la exposici\u00f3n.<\/p>\n<p>&#13;<\/p>\n<p align=\"justify\" class=\"text1noticias\">\u201cEs para m\u00ed un honor el tener  muestra del arte de figuras descollantes de la pl\u00e1stica nacional mocana,  consagrados y n\u00f3veles artistas que dignifican que Moca conforme la tercera  provincia en presencia de valores de Rep\u00fablica Dominicana\u201d, expres\u00f3 Lantigua.<\/p>\n<p>&#13;<\/p>\n<p align=\"justify\" class=\"text1noticias\">El secretario de Cultura  refiri\u00f3 en su discurso de apertura en forma de an\u00e9cdota lo que signific\u00f3 para  la provincia la fundaci\u00f3n de la   Academia de Artes Vincent Van Gogh en 1967 por el maestro  mocano Antonio Guadalupe y que hoy es la Escuela de Bellas Artes de Moca. <\/p>\n<p>&#13;<\/p>\n<p align=\"justify\" class=\"text1noticias\">La lista de pintores mocanos  participantes la encabezan los reconocidos pintores Guillo P\u00e9rez y Antonio  Guadalupe, y el fenecido Silvano Lora.<\/p>\n<p>&#13;<\/p>\n<p align=\"justify\" class=\"text1noticias\"> Participan adem\u00e1s obras de  Poncio Salcedo, Hugo Mata, F\u00e9lix Tejada, Melanio Guzm\u00e1n, Rafaelito Mart\u00ednez,  Rafael Garc\u00eda, Ra\u00fal Geraldino, Jos\u00e9 Collado, Celso Truffel y Wagner Peralta.<\/p>\n<p>&#13;<\/p>\n<p align=\"justify\" class=\"text1noticias\">Tambi\u00e9n de Alberto Caraballo,  Anderson Rodr\u00edguez, Antonia Garc\u00eda, Emma Compr\u00e9s, Elvis P\u00e9rez, Federico  Vel\u00e1squez, Carlos Baret, Griselda Guzm\u00e1n y Juan Carlos Guarano.<\/p>\n<p>&#13;<\/p>\n<p align=\"justify\" class=\"text1noticias\">Igualmente de Jos\u00e9 Inoa, Jos\u00e9  Adriel Lizardo,\u00a0 Jos\u00e9 Correa, Juan Vargas  Toribio, Julio Amado Fern\u00e1ndez, Juan Jos\u00e9 S\u00e1nchez, Juan Lazala, Julio Tejada y  Marcos Guzm\u00e1n, entre otros.<\/p>\n<p>&#13;<\/p>\n<p align=\"justify\" class=\"text1noticias\">Gabino Rosario, Director de la Sala de Arte Ram\u00f3n Oviedo de la SEC, destac\u00f3 la diversidad  tem\u00e1tica de la exposici\u00f3n, que aborda b\u00e1sicamente el paisaje.<\/p>\n<p>&#13;<\/p>\n<p align=\"justify\" class=\"text1noticias\">Manifest\u00f3 que la exhibici\u00f3n es  una panor\u00e1mica en la que sus creadores responden a diferentes \u00e9pocas y  tendencias.<\/p>\n<p>&#13;<\/p>\n<p align=\"justify\" class=\"text1noticias\">La curadur\u00eda de la muestra fue  realizada por Amable Baret, la presentaci\u00f3n es de Danilo de los Santos y la  organizaci\u00f3n y montaje de Gabino Rosario, director de la mencionada sala de  arte de la Secretar\u00eda  de Estado de Cultura.<\/p>\n<p>&#13;<\/p>\n<p align=\"justify\" class=\"text1noticias\"> Esta es la tercera colectiva  de pintores de provincias que se abre en la Sala de Arte Ram\u00f3n Oviedo. Las dos anteriores  correspondieron a Bonao y Salcedo. <\/p>\n<p>&#13;<\/p>\n<p align=\"justify\" class=\"text1noticias\">A la inauguraci\u00f3n de \u201cProvincia Espaillat: Espacio, Visi\u00f3n y Tiempo\u201d  asistieron personalidades del \u00e1rea de la pl\u00e1stica y p\u00fablico en general. <\/p>\n<p>&#13;<\/p>\n<h6> 2008-06-05 23:50:27 <\/h6>\n<p><!--\n<link rel=\"stylesheet\" href=\"css\/bootstrap.min.css\">\n\n\n<ul class=\"pagination\">\n\t    \n\t\n\n<li >\n\t<a href='?page_no=22596'>Previous<\/a>\n\t<\/li>\n\n\n       \n    \n\n<li><a href='?page_no=1'>1<\/a><\/li>\n\n\n\n<li><a href='?page_no=2'>2<\/a><\/li>\n\n\n\n<li><a>...<\/a><\/li>\n\n\n\n<li><a href='?page_no=22595'>22595<\/a><\/li>\n\n\n\n<li><a href='?page_no=22596'>22596<\/a><\/li>\n\n\n\n<li class='active'><a>22597<\/a><\/li>\n\n\n\n<li><a href='?page_no=22598'>22598<\/a><\/li>\n\n\n\n<li><a href='?page_no=22599'>22599<\/a><\/li>\n\n\n\n<li><a>...<\/a><\/li>\n\n\n\n<li><a href='?page_no=22911'>22911<\/a><\/li>\n\n\n\n<li><a href='?page_no=22912'>22912<\/a><\/li>\n\n    \n\t\n\n<li >\n\t<a href='?page_no=22598'>Next<\/a>\n\t<\/li>\n\n\n    \n\n<li><a href='?page_no=22912'>Last &rsaquo;&rsaquo;<\/a><\/li>\n\n<\/ul>\n\n\n--><br \/>\n<\/body><\/p>\n","protected":false},"excerpt":{"rendered":"<p>Cultura inaugura colectiva de 40 pintores de Moca \u201cProvincia Espaillat: Espacio, Visi\u00f3n y Tiempo\u201d en Sala de Arte Ram\u00f3n Oviedo &#13; Moca.- La primera Colectiva de Artistas Pl\u00e1sticos Mocanos fue inaugurada, con los auspicios de la Secretar\u00eda de Estado de Cultura. &#13; La muestra pict\u00f3rica, titulada \u201cProvincia Espaillat: espacio, visi\u00f3n y tiempo\u201d fue presentada al [&hellip;]<\/p>\n","protected":false},"author":3,"featured_media":0,"comment_status":"open","ping_status":"open","sticky":false,"template":"","format":"standard","meta":{"footnotes":""},"categories":[21],"tags":[],"class_list":["post-70919","post","type-post","status-publish","format-standard","hentry","category-cultura"],"_links":{"self":[{"href":"https:\/\/diariodominicano.com\/index.php?rest_route=\/wp\/v2\/posts\/70919","targetHints":{"allow":["GET"]}}],"collection":[{"href":"https:\/\/diariodominicano.com\/index.php?rest_route=\/wp\/v2\/posts"}],"about":[{"href":"https:\/\/diariodominicano.com\/index.php?rest_route=\/wp\/v2\/types\/post"}],"author":[{"embeddable":true,"href":"https:\/\/diariodominicano.com\/index.php?rest_route=\/wp\/v2\/users\/3"}],"replies":[{"embeddable":true,"href":"https:\/\/diariodominicano.com\/index.php?rest_route=%2Fwp%2Fv2%2Fcomments&post=70919"}],"version-history":[{"count":0,"href":"https:\/\/diariodominicano.com\/index.php?rest_route=\/wp\/v2\/posts\/70919\/revisions"}],"wp:attachment":[{"href":"https:\/\/diariodominicano.com\/index.php?rest_route=%2Fwp%2Fv2%2Fmedia&parent=70919"}],"wp:term":[{"taxonomy":"category","embeddable":true,"href":"https:\/\/diariodominicano.com\/index.php?rest_route=%2Fwp%2Fv2%2Fcategories&post=70919"},{"taxonomy":"post_tag","embeddable":true,"href":"https:\/\/diariodominicano.com\/index.php?rest_route=%2Fwp%2Fv2%2Ftags&post=70919"}],"curies":[{"name":"wp","href":"https:\/\/api.w.org\/{rel}","templated":true}]}}