{"id":70916,"date":"2008-06-06T20:47:23","date_gmt":"2008-06-06T20:47:23","guid":{"rendered":"http:\/\/diariodominicano.ddns.net\/?p=70916"},"modified":"2008-06-06T20:47:23","modified_gmt":"2008-06-06T20:47:23","slug":"fiscalia-cierra-caso-por-obscenidad-contra-fotografo-bill-henson","status":"publish","type":"post","link":"https:\/\/diariodominicano.com\/?p=70916","title":{"rendered":"Fiscal\u00eda cierra caso por obscenidad contra fot\u00f3grafo Bill Henson"},"content":{"rendered":"<p><body><\/p>\n<p align=\"justify\"><span class=\"titulogrande1\">Fiscal\u00eda cierra caso por obscenidad contra fot\u00f3grafo Bill  Henson <\/span><br \/>&#13;<br \/>\n  <br \/>&#13;<br \/>\n    <span class=\"text1noticias\">En mayo, la Polic\u00eda inici\u00f3 una investigaci\u00f3n a ra\u00edz de la  denuncia de un ciudadano por el retrato de una menor semidesnuda en la  exhibici\u00f3n del artista australiano en Sidney. <br \/>&#13;<br \/>\n    <br \/>&#13;<br \/>\n    La Fiscal\u00eda de Australia decidi\u00f3 hoy cerrar el caso por  obscenidad contra el fot\u00f3grafo Bill Henson por unas fotograf\u00edas de adolescentes  semidesnudos que fueron retiradas de una galer\u00eda de arte tras una denuncia  ciudadana.<br \/>&#13;<br \/>\n    <br \/>&#13;<br \/>\n    La Fiscal\u00eda de Nueva Gales del Sur, cuya capital es Sidney,  indic\u00f3 hoy en un comunicado que no hay razones para establecer que las fotos  son delictivas y descart\u00f3 emprender un proceso judicial.<br \/>&#13;<br \/>\n    <br \/>&#13;<br \/>\n    El pasado mayo, la Polic\u00eda inici\u00f3 una investigaci\u00f3n a ra\u00edz  de una denuncia realizada por un ciudadano a causa del retrato de una menor  semidesnuda en el tr\u00edptico que anunciaba la exhibici\u00f3n del artista en la  galer\u00eda Roslyn Oxley 9 en Sidney.<br \/>&#13;<br \/>\n    <br \/>&#13;<br \/>\n    Los responsables del centro decidieron retirar las pol\u00e9micas  fotograf\u00edas tras la visita de los agentes.<br \/>&#13;<br \/>\n    <br \/>&#13;<br \/>\n    El primer ministro, Kevin Rudd, calific\u00f3 las im\u00e1genes de  \u00abrepugnantes\u00bb y exigi\u00f3 la protecci\u00f3n del derecho de los menores,  mientras que artistas como la actriz Cate Blanchett defendieron libertad de  expresi\u00f3n.<br \/>&#13;<br \/>\n    <br \/>&#13;<br \/>\n    El \u00f3rgano censor australiano ha decidido que la imagen que  dio lugar a la controversia no es pornogr\u00e1fica, al no estar \u00absexualizada\u00bb,  y la ha clasificado como apta para mayores de 16 a\u00f1os.<br \/>&#13;<br \/>\n    <br \/>&#13;<br \/>\n    Por su parte, el primer ministro afirm\u00f3 hoy que mantiene sus  opiniones, que emiti\u00f3 como padre, si bien subray\u00f3 que los procesos legales  \u00abson totalmente independientes de lo que cualquier individuo o pol\u00edtico  pueda pensar\u00bb.<br \/>&#13;<br \/>\n    <br \/>&#13;<br \/>\n    Henson, cuya obra refleja una visi\u00f3n inquietante y  perturbadora de la adolescencia, represent\u00f3 a Australia en la Bienal de Venecia  y varios de sus trabajos se exhiben en el Guggenheim de Nueva York y en la  Biblioteca Nacional de Par\u00eds.<br \/>&#13;<br \/>\n    <br \/>&#13;<br \/>\n    Las controvertidas fotograf\u00edas, incluidas en la serie  Juventud Desnuda, se exhibieron en 2003 en la Universidad de  Salamanca,\u00a0Espa\u00f1a.<br \/>&#13;<br \/>\n    <br \/>&#13;<br \/>\n    Adem\u00e1s, el artista ha expuesto en las ciudades espa\u00f1olas de  Santa Cruz de Tenerife, Barcelona y Madrid, donde el museo Reina Sof\u00eda adquiri\u00f3  unas de sus fotograf\u00edas en el festival de fotograf\u00eda ARCO 2002.<br \/>&#13;<br \/>\n    <br \/>&#13;<br \/>\nFuente: La Tercera de Chile<\/span><\/p>\n<p>&#13;<\/p>\n<h6> 2008-06-06 20:47:23 <\/h6>\n<p><!--\n<link rel=\"stylesheet\" href=\"css\/bootstrap.min.css\">\n\n\n<ul class=\"pagination\">\n\t    \n\t\n\n<li >\n\t<a href='?page_no=22593'>Previous<\/a>\n\t<\/li>\n\n\n       \n    \n\n<li><a href='?page_no=1'>1<\/a><\/li>\n\n\n\n<li><a href='?page_no=2'>2<\/a><\/li>\n\n\n\n<li><a>...<\/a><\/li>\n\n\n\n<li><a href='?page_no=22592'>22592<\/a><\/li>\n\n\n\n<li><a href='?page_no=22593'>22593<\/a><\/li>\n\n\n\n<li class='active'><a>22594<\/a><\/li>\n\n\n\n<li><a href='?page_no=22595'>22595<\/a><\/li>\n\n\n\n<li><a href='?page_no=22596'>22596<\/a><\/li>\n\n\n\n<li><a>...<\/a><\/li>\n\n\n\n<li><a href='?page_no=22911'>22911<\/a><\/li>\n\n\n\n<li><a href='?page_no=22912'>22912<\/a><\/li>\n\n    \n\t\n\n<li >\n\t<a href='?page_no=22595'>Next<\/a>\n\t<\/li>\n\n\n    \n\n<li><a href='?page_no=22912'>Last &rsaquo;&rsaquo;<\/a><\/li>\n\n<\/ul>\n\n\n--><br \/>\n<\/body><\/p>\n","protected":false},"excerpt":{"rendered":"<p>Fiscal\u00eda cierra caso por obscenidad contra fot\u00f3grafo Bill Henson &#13; &#13; En mayo, la Polic\u00eda inici\u00f3 una investigaci\u00f3n a ra\u00edz de la denuncia de un ciudadano por el retrato de una menor semidesnuda en la exhibici\u00f3n del artista australiano en Sidney. &#13; &#13; La Fiscal\u00eda de Australia decidi\u00f3 hoy cerrar el caso por obscenidad contra [&hellip;]<\/p>\n","protected":false},"author":3,"featured_media":0,"comment_status":"open","ping_status":"open","sticky":false,"template":"","format":"standard","meta":{"footnotes":""},"categories":[21],"tags":[],"class_list":["post-70916","post","type-post","status-publish","format-standard","hentry","category-cultura"],"_links":{"self":[{"href":"https:\/\/diariodominicano.com\/index.php?rest_route=\/wp\/v2\/posts\/70916","targetHints":{"allow":["GET"]}}],"collection":[{"href":"https:\/\/diariodominicano.com\/index.php?rest_route=\/wp\/v2\/posts"}],"about":[{"href":"https:\/\/diariodominicano.com\/index.php?rest_route=\/wp\/v2\/types\/post"}],"author":[{"embeddable":true,"href":"https:\/\/diariodominicano.com\/index.php?rest_route=\/wp\/v2\/users\/3"}],"replies":[{"embeddable":true,"href":"https:\/\/diariodominicano.com\/index.php?rest_route=%2Fwp%2Fv2%2Fcomments&post=70916"}],"version-history":[{"count":0,"href":"https:\/\/diariodominicano.com\/index.php?rest_route=\/wp\/v2\/posts\/70916\/revisions"}],"wp:attachment":[{"href":"https:\/\/diariodominicano.com\/index.php?rest_route=%2Fwp%2Fv2%2Fmedia&parent=70916"}],"wp:term":[{"taxonomy":"category","embeddable":true,"href":"https:\/\/diariodominicano.com\/index.php?rest_route=%2Fwp%2Fv2%2Fcategories&post=70916"},{"taxonomy":"post_tag","embeddable":true,"href":"https:\/\/diariodominicano.com\/index.php?rest_route=%2Fwp%2Fv2%2Ftags&post=70916"}],"curies":[{"name":"wp","href":"https:\/\/api.w.org\/{rel}","templated":true}]}}