{"id":70914,"date":"2008-06-06T20:57:07","date_gmt":"2008-06-06T20:57:07","guid":{"rendered":"http:\/\/diariodominicano.ddns.net\/?p=70914"},"modified":"2008-06-06T20:57:07","modified_gmt":"2008-06-06T20:57:07","slug":"abren-en-bellas-artes-retrospectiva-de-jose-luis-cuevas","status":"publish","type":"post","link":"https:\/\/diariodominicano.com\/?p=70914","title":{"rendered":"Abren en Bellas Artes retrospectiva de Jos\u00e9 Luis Cuevas"},"content":{"rendered":"<p><body><\/p>\n<p align=\"justify\"><strong class=\"titulogrande1\">Abren en Bellas Artes  retrospectiva de Jos\u00e9 Luis Cuevas <\/strong><br \/>&#13;<br \/>\n    <br \/>&#13;<br \/>\n    <span class=\"text1noticias\">Califica Sergio Vela, titular de Conaculta como  po\u00e9tica la obra pl\u00e1stica del <em>enfant terrible<\/em>; consta la muestra de unas  258 piezas realizadas el artista pl\u00e1stico <\/span><\/p>\n<p>&#13;<\/p>\n<p align=\"justify\" class=\"text1noticias\">Notimex<br \/>&#13;<br \/>\n    <br \/>&#13;<br \/>\n  El Universal<br \/>&#13;<br \/>\n  <br \/>&#13;<br \/>\n  Ciudad de M\u00e9xico<br \/>&#13;<br \/>\n  <br \/>&#13;<br \/>\n  Viernes 06 de junio de 2008<br \/>&#13;<br \/>\n  <br \/>&#13;<br \/>\n  <img loading=\"lazy\" decoding=\"async\" src=\"http:\/\/localhost:8080\/img\/luis cuevas.jpg\" width=\"375\" height=\"296\" hspace=\"4\" align=\"left\" \/>Luego de esperar por  d\u00e9cadas que el Palacio de Bellas Artes lo recibiera, el artista pl\u00e1stico Jos\u00e9  Luis Cuevas inaugur\u00f3 la v\u00edspera una magna muestra retrospectiva conformada por  unas 258 piezas, que podr\u00e1n apreciarse hasta el 3 de agosto. <br \/>&#13;<br \/>\n  <br \/>&#13;<br \/>\n  Durante una ceremonia en el vest\u00edbulo principal del Palacio, a la que  asistieron el presidente de M\u00e9xico, Felipe Calder\u00f3n, y su esposa Margarita  Zavala, el presidente del Consejo Nacional para la Cultura y las Artes  (Conaculta), Sergio Vela dijo que con esta muestra Bellas Artes honra a uno de  los protagonistas del arte mexicano m\u00e1s importantes de la segunda mitad del  siglo XX. <br \/>&#13;<br \/>\n  <br \/>&#13;<br \/>\n  Vela se refiri\u00f3 a Cuevas como un artista entregado con una pasi\u00f3n a  explorar minuciosa, \u00abcon una s\u00edntesis que se acerca mucho a la poes\u00eda, con  una fuerza esc\u00e9nica que toca tambi\u00e9n el relato po\u00e9tico\u00bb . <br \/>&#13;<br \/>\n  <br \/>&#13;<br \/>\n  Cuevas, agreg\u00f3, supo romper con los l\u00edmites de la correcci\u00f3n y buscar un  di\u00e1logo abierto, cuyas coordenadas son, m\u00e1s all\u00e1 de lo mexicano, las del arte  universal \u00ab. <br \/>&#13;<br \/>\n  <br \/>&#13;<br \/>\n  El maestro es uno de los creadores mexicanos m\u00e1s generosos y prodigiosos en  su relaci\u00f3n con el mundo de la cultura y con la sociedad, a\u00f1adi\u00f3 el titular de  Conaculta. <br \/>&#13;<br \/>\n  <br \/>&#13;<br \/>\n\u00abSu di\u00e1logo y su colaboraci\u00f3n permanentes con la literatura, que lo  sit\u00faan como un constante y magn\u00edfico ilustrador, y a la vez, como tema  predilecto de los escritores. Esta es una exposici\u00f3n que la cultura mexicana le  deb\u00eda a Jos\u00e9 Luis Cuevas y que nos deb\u00edamos todos los que creemos en el papel  incontrastable del arte en sociedad\u00bb, expres\u00f3. <br \/>&#13;<br \/>\n<br \/>&#13;<br \/>\nPor su parte, la directora del Instituto Nacional de Bellas Artes y  Literatura (INBAL), Mar\u00eda Teresa Franco, dio la bienvenida al laureado artista  y se congratul\u00f3 por abrir ventanas para admirar nuevos modos del arte, por su  infinito amor a lo femenino y por la pasi\u00f3n con la que ahonda el alma humana. <br \/>&#13;<br \/>\n<br \/>&#13;<br \/>\nSe refiri\u00f3 a Cuevas como uno de los artistas que estuvo asociado desde hace  cinco d\u00e9cadas a los movimientos de la ruptura, a la b\u00fasqueda de rutas libres  del dominio de cualquier ideolog\u00eda. <br \/>&#13;<br \/>\n<br \/>&#13;<br \/>\n\u00abHa sido testigo y motor de vanguardias y renovaciones y ha tejido su  biograf\u00eda en el desarrollo heterog\u00e9neo de las artes de nuestro pa\u00eds \u00ab,  asegur\u00f3. <br \/>&#13;<br \/>\n<br \/>&#13;<br \/>\nAsimismo, subray\u00f3 Franco, m\u00e1s que un pr\u00f3cer de la rebeli\u00f3n pl\u00e1stica, Jos\u00e9  Luis Cuevas fue y sigue siendo, un autor de cualidades indiscutibles. <br \/>&#13;<br \/>\n<br \/>&#13;<br \/>\n\u00abEl constructor de una obra que, sin importar si se halla en medio de  la agitaci\u00f3n intelectual, est\u00e9tica o p\u00fablica, es indispensable conocer a fondo  para tener una lectura detallada de nuestro siglo XX y sus violentas  transformaciones culturales\u00bb, destac\u00f3. <br \/>&#13;<br \/>\n<br \/>&#13;<br \/>\nEn esta ocasi\u00f3n, asever\u00f3, el Palacio de Bellas Artes acoge en sus salas  algunos momentos relevantes, as\u00ed como muchas obras recientes de una producci\u00f3n  cuya vastedad supera cualquier esfuerzo recopilatorio. <br \/>&#13;<br \/>\n<br \/>&#13;<br \/>\n\u00abEsta exhibici\u00f3n, la primera individual del maestro Cuevas en el Museo  del Palacio, representa una nueva oportunidad para admirar, desde todos los  flancos posibles, un trabajo nutrido por la comunicaci\u00f3n entre distintas ramas  de las artes visuales, por la literatura, por el cine, y por un horizonte  cultural de gran magnitud\u00bb, a\u00f1adi\u00f3. <br \/>&#13;<br \/>\n<br \/>&#13;<br \/>\n  Orgulloso y emocionado, el llamado <em>enfant terrible<\/em> del arte mexicano  expres\u00f3 su benepl\u00e1cito y calific\u00f3 como un acto de justicia la invitaci\u00f3n a  exponer su obra en el Palacio de Bellas Artes, luego de medio siglo de  trayectoria. <br \/>&#13;<br \/>\n  <br \/>&#13;<br \/>\n  Acompa\u00f1ado por su esposa Beatriz del Carmen, Cuevas agradeci\u00f3 a las  autoridades del INBAL, del Conaculta y al presidente Calder\u00f3n, por esta c\u00e1lida  bienvenida. <br \/>&#13;<br \/>\n  <br \/>&#13;<br \/>\n\u00abHace 50 a\u00f1os hab\u00eda una antipat\u00eda hacia mi persona en mi pa\u00eds, en la  ciudad en la que nac\u00ed y en la que encontr\u00e9 los primeros temas para llevarlos al  dibujo. Era un ambiente hostil y a pesar de ello no hay rencor. Esta es la  primera vez que entro al Palacio de Bellas Artes, del que no se puede negar su  importancia\u00bb, admiti\u00f3. <br \/>&#13;<br \/>\n<br \/>&#13;<br \/>\n  La muestra planeada por la ex directora del Museo del Palacio de Bellas  Artes, Mercedes Iturbe, incluye dibujos, esculturas, pinturas y grabados, de  uno de los protagonistas del arte mexicano de la segunda mitad del siglo XX. <br \/>&#13;<br \/>\n  <br \/>&#13;<br \/>\n  Dicha exposici\u00f3n es una de las m\u00e1s importantes de las que se hayan  realizado de este artista mexicano, pues en ella, se presenta una integral de  la trayectoria y el perfil de este precursor de la llamada <em>Generaci\u00f3n de la Ruptura<\/em>. <br \/>&#13;<br \/>\n  <br \/>&#13;<br \/>\n  Cabe precisar que est\u00e1 organizada 10 n\u00facleos cronol\u00f3gicos, en donde cada  apartado presenta obras de todas las \u00e9pocas. Desde sus comienzos como dibujante  en la d\u00e9cada de los 40, los frecuentes trabajos como grabador e ilustrado,  hasta el paso a la escultura en los 90 y m\u00e1s recientemente la pintura en  acr\u00edlico. <br \/>&#13;<br \/>\n  <br \/>&#13;<br \/>\n  Experiencia del yo, Encierro y reclusi\u00f3n, Sinestesias, Relaciones  Arte-literatura, Par\u00e1frasis, Evocaciones, Erotismo y Placer, Experiencia del  otro, Espacio y personajes del espect\u00e1culo: Circo, gigantas y toros, Vena  fant\u00e1stica y m\u00edtica y La L\u00ednea y el concepto, son los n\u00facleos que presenta. <br \/>&#13;<br \/>\n  <br \/>&#13;<br \/>\n  Destacan, adem\u00e1s, materiales f\u00edlmicos de las participaciones de Cuevas en  happenings, pel\u00edculas y entrevistas. <br \/>&#13;<br \/>\n  <br \/>&#13;<br \/>\n  Se incluyen tambi\u00e9n libros ilustrados por Cuevas como The World of Kafka  and Cuevas, El Cuaderno de Par\u00eds y algunos dibujos para las Metamorfosis de  Kafka, as\u00ed como las par\u00e1frasis y evocaciones de artistas literarios recurrentes  en sus b\u00fasquedas pl\u00e1sticas como Rembrandt, Franz Hals, Dostoievski y el Marqu\u00e9s  de Sade. <br \/>&#13;<br \/>\n  <br \/>&#13;<br \/>\nmzr<\/p>\n<p>&#13;<\/p>\n<h6> 2008-06-06 20:57:07 <\/h6>\n<p><!--\n<link rel=\"stylesheet\" href=\"css\/bootstrap.min.css\">\n\n\n<ul class=\"pagination\">\n\t    \n\t\n\n<li >\n\t<a href='?page_no=22591'>Previous<\/a>\n\t<\/li>\n\n\n       \n    \n\n<li><a href='?page_no=1'>1<\/a><\/li>\n\n\n\n<li><a href='?page_no=2'>2<\/a><\/li>\n\n\n\n<li><a>...<\/a><\/li>\n\n\n\n<li><a href='?page_no=22590'>22590<\/a><\/li>\n\n\n\n<li><a href='?page_no=22591'>22591<\/a><\/li>\n\n\n\n<li class='active'><a>22592<\/a><\/li>\n\n\n\n<li><a href='?page_no=22593'>22593<\/a><\/li>\n\n\n\n<li><a href='?page_no=22594'>22594<\/a><\/li>\n\n\n\n<li><a>...<\/a><\/li>\n\n\n\n<li><a href='?page_no=22911'>22911<\/a><\/li>\n\n\n\n<li><a href='?page_no=22912'>22912<\/a><\/li>\n\n    \n\t\n\n<li >\n\t<a href='?page_no=22593'>Next<\/a>\n\t<\/li>\n\n\n    \n\n<li><a href='?page_no=22912'>Last &rsaquo;&rsaquo;<\/a><\/li>\n\n<\/ul>\n\n\n--><br \/>\n<\/body><\/p>\n","protected":false},"excerpt":{"rendered":"<p>Abren en Bellas Artes retrospectiva de Jos\u00e9 Luis Cuevas &#13; &#13; Califica Sergio Vela, titular de Conaculta como po\u00e9tica la obra pl\u00e1stica del enfant terrible; consta la muestra de unas 258 piezas realizadas el artista pl\u00e1stico &#13; Notimex&#13; &#13; El Universal&#13; &#13; Ciudad de M\u00e9xico&#13; &#13; Viernes 06 de junio de 2008&#13; &#13; Luego de [&hellip;]<\/p>\n","protected":false},"author":3,"featured_media":0,"comment_status":"open","ping_status":"open","sticky":false,"template":"","format":"standard","meta":{"footnotes":""},"categories":[21],"tags":[],"class_list":["post-70914","post","type-post","status-publish","format-standard","hentry","category-cultura"],"_links":{"self":[{"href":"https:\/\/diariodominicano.com\/index.php?rest_route=\/wp\/v2\/posts\/70914","targetHints":{"allow":["GET"]}}],"collection":[{"href":"https:\/\/diariodominicano.com\/index.php?rest_route=\/wp\/v2\/posts"}],"about":[{"href":"https:\/\/diariodominicano.com\/index.php?rest_route=\/wp\/v2\/types\/post"}],"author":[{"embeddable":true,"href":"https:\/\/diariodominicano.com\/index.php?rest_route=\/wp\/v2\/users\/3"}],"replies":[{"embeddable":true,"href":"https:\/\/diariodominicano.com\/index.php?rest_route=%2Fwp%2Fv2%2Fcomments&post=70914"}],"version-history":[{"count":0,"href":"https:\/\/diariodominicano.com\/index.php?rest_route=\/wp\/v2\/posts\/70914\/revisions"}],"wp:attachment":[{"href":"https:\/\/diariodominicano.com\/index.php?rest_route=%2Fwp%2Fv2%2Fmedia&parent=70914"}],"wp:term":[{"taxonomy":"category","embeddable":true,"href":"https:\/\/diariodominicano.com\/index.php?rest_route=%2Fwp%2Fv2%2Fcategories&post=70914"},{"taxonomy":"post_tag","embeddable":true,"href":"https:\/\/diariodominicano.com\/index.php?rest_route=%2Fwp%2Fv2%2Ftags&post=70914"}],"curies":[{"name":"wp","href":"https:\/\/api.w.org\/{rel}","templated":true}]}}